{"id":102284,"date":"2026-01-12T15:42:07","date_gmt":"2026-01-12T15:42:07","guid":{"rendered":"https:\/\/www.europesays.com\/lv\/102284\/"},"modified":"2026-01-12T15:42:07","modified_gmt":"2026-01-12T15:42:07","slug":"gaidams-cenu-pieaugums-barosanas-blokiem-un-dzesetajiem-lente-lv","status":"publish","type":"post","link":"https:\/\/www.europesays.com\/lv\/102284\/","title":{"rendered":"gaid\u0101ms cenu pieaugums baro\u0161anas blokiem un dzes\u0113t\u0101jiem\u00a0\u2014\u00a0Lente.lv"},"content":{"rendered":"<p>Jauns cenu k\u0101pums datoru komponentu tirg\u016b<\/p>\n<p>Datoru komponentu tirgus turpina sag\u0101d\u0101t nepat\u012bkamus p\u0101rsteigumus. Papildus atmi\u0146as, datu nes\u0113ju, procesoru un video kar\u0161u sad\u0101rdzin\u0101jumam, tuv\u0101kaj\u0101 laik\u0101 paredzams cenu pieaugums ar\u012b cit\u0101m svar\u012bg\u0101m deta\u013c\u0101m. Klus\u0113\u0161ana par iesp\u0113jamo cenu k\u0101pumu baro\u0161anas blokiem un procesoru dzes\u0113\u0161anas sist\u0113m\u0101m tiek uztur\u0113ta ar iek\u0161\u0113ju zi\u0146ojumu no \u0136\u012bnas izplat\u012bt\u0101ja, kas \u0161o tendenci skaidro ar strauju izejvielu cenu k\u0101pumu.<\/p>\n<p>Izejvielu sad\u0101rdzin\u0101jums ietekm\u0113 ra\u017eo\u0161anas izmaksas<\/p>\n<p>Zi\u0146ojums, kas adres\u0113ts partneriem un a\u0123entiem no uz\u0146\u0113muma Guangzhou Xinhongzheng Electronic Technology Co., Ltd., tie\u0161i nor\u0101da uz pamata materi\u0101lu pieg\u0101des \u0137\u0113d\u0113 eso\u0161o izmaksu pieaugumu, \u012bpa\u0161i uzsverot vara, sudraba un alvas cenu k\u0101pumu. \u0160\u012b iemesla d\u0113\u013c pieg\u0101d\u0101t\u0101ji kop\u0161 6. janv\u0101ra vairs nepie\u0146em jaunus pas\u016bt\u012bjumus par iepriek\u0161\u0113j\u0101m cen\u0101m, un visi jaunie l\u012bgumi tiek sl\u0113gti jau p\u0113c atjaunotajiem tarifiem.<\/p>\n<p>P\u0113c uz\u0146\u0113muma apl\u0113s\u0113m, baro\u0161anas bloku ra\u017eo\u0161anas pa\u0161izmaksa pieaugs par 6-10%, savuk\u0101rt procesoru dzes\u0113\u0161anas sist\u0113mu izmaksas palielin\u0101sies par 6-8%. Zi\u0146ojum\u0101 ar\u012b sniegts ieteikums partneriem p\u0113c iesp\u0113jas \u0101tr\u0101k veikt un rezerv\u0113t pas\u016bt\u012bjumus janv\u0101ra laik\u0101. \u0160o pas\u016bt\u012bjumu izpilde b\u016bs atkar\u012bga no eso\u0161ajiem noliktavas kr\u0101jumiem un pieg\u0101des priorit\u0101t\u0113m.<\/p>\n<p>Promociju atcel\u0161ana un iesp\u0113jamais mazumtirdzniec\u012bbas cenu pieaugums<\/p>\n<p>Tiek \u012bpa\u0161i atz\u012bm\u0113ts, ka s\u0101kot ar 1. febru\u0101ri uz\u0146\u0113mums piln\u012bb\u0101 atcels visas akcijas pied\u0101v\u0101jumus. P\u0113c atgrie\u0161an\u0101s pie t\u0101 d\u0113v\u0113t\u0101s &#8220;norm\u0101l\u0101s cenu noteik\u0161anas&#8221; vair\u0101k nek\u0101 90% poz\u012bciju var\u0113tu piedz\u012bvot papildu izmaksu pieaugumu virs pamata cenas \u2013 l\u012bdz\u012bgiem procentiem, k\u0101di tika min\u0113ti iepriek\u0161 (6-10%).<\/p>\n<p>Lai gan galvenais ietekmes l\u012bmenis uz mazumtirdzniec\u012bbas cen\u0101m b\u016bs atkar\u012bgs no konkr\u0113tajiem izplat\u012b\u0161anas kan\u0101liem, \u0136\u012bnas mediji prognoz\u0113, ka re\u0101lais cenu pieaugums veikalos var\u0113tu b\u016bt j\u016btami liel\u0101ks, nek\u0101 pirc\u0113ji sagaida. T\u0101pat nav izsl\u0113gta pre\u010du nevienm\u0113r\u012bga pieejam\u012bba, ja r\u016bpn\u012bcas s\u0101ks prioritiz\u0113t pas\u016bt\u012bjumus atbilsto\u0161i kr\u0101jumiem un lo\u0123istikai.<\/p>\n<p>Avota inform\u0101cijas apst\u0101k\u013ci un potenci\u0101l\u0101 ietekme<\/p>\n<p>Vienlaikus detaliz\u0113tu inform\u0101ciju par Guangzhou Xinhongzheng Electronic Technology Co., Ltd. caur publiskiem avotiem apstiprin\u0101t nav izdevies. T\u0101pat nav apstiprin\u0101juma, ka ar \u0161o uz\u0146\u0113mumu tie\u0161i b\u016btu saist\u012bti paz\u012bstami glob\u0101lie dzes\u0113\u0161anas sist\u0113mu z\u012bmoli. T\u0101d\u0113\u013c \u0161o zi\u0146ojumu ieteicams uztvert k\u0101 sign\u0101lu par potenci\u0101lo cenu spiedienu pieg\u0101des kan\u0101los, nevis k\u0101 ofici\u0101lu pazi\u0146ojumu par cenu pieaugumu vis\u0101 nozar\u0113.<\/p>\n","protected":false},"excerpt":{"rendered":"Jauns cenu k\u0101pums datoru komponentu tirg\u016b Datoru komponentu tirgus turpina sag\u0101d\u0101t nepat\u012bkamus p\u0101rsteigumus. Papildus atmi\u0146as, datu nes\u0113ju, procesoru&hellip;\n","protected":false},"author":2,"featured_media":102285,"comment_status":"","ping_status":"","sticky":false,"template":"","format":"standard","meta":{"footnotes":""},"categories":[16],"tags":[10885,77,76,21729,3813,24859,35,39,38,36,37,34,40,24860],"class_list":{"0":"post-102284","1":"post","2":"type-post","3":"status-publish","4":"format-standard","5":"has-post-thumbnail","7":"category-bizness","8":"tag-barosanas-bloki","9":"tag-bizness","10":"tag-business","11":"tag-cenu-pieaugums","12":"tag-datoru-komponentu-cenas","13":"tag-dzesesanas-sistemas","14":"tag-latvia","15":"tag-latvian","16":"tag-latviesu","17":"tag-latviesu-valoda","18":"tag-latviesuvaloda","19":"tag-latvija","20":"tag-lv","21":"tag-razosanas-izmaksas"},"share_on_mastodon":{"url":"https:\/\/pubeurope.com\/@lv\/115882894510526833","error":""},"_links":{"self":[{"href":"https:\/\/www.europesays.com\/lv\/wp-json\/wp\/v2\/posts\/102284","targetHints":{"allow":["GET"]}}],"collection":[{"href":"https:\/\/www.europesays.com\/lv\/wp-json\/wp\/v2\/posts"}],"about":[{"href":"https:\/\/www.europesays.com\/lv\/wp-json\/wp\/v2\/types\/post"}],"author":[{"embeddable":true,"href":"https:\/\/www.europesays.com\/lv\/wp-json\/wp\/v2\/users\/2"}],"replies":[{"embeddable":true,"href":"https:\/\/www.europesays.com\/lv\/wp-json\/wp\/v2\/comments?post=102284"}],"version-history":[{"count":0,"href":"https:\/\/www.europesays.com\/lv\/wp-json\/wp\/v2\/posts\/102284\/revisions"}],"wp:featuredmedia":[{"embeddable":true,"href":"https:\/\/www.europesays.com\/lv\/wp-json\/wp\/v2\/media\/102285"}],"wp:attachment":[{"href":"https:\/\/www.europesays.com\/lv\/wp-json\/wp\/v2\/media?parent=102284"}],"wp:term":[{"taxonomy":"category","embeddable":true,"href":"https:\/\/www.europesays.com\/lv\/wp-json\/wp\/v2\/categories?post=102284"},{"taxonomy":"post_tag","embeddable":true,"href":"https:\/\/www.europesays.com\/lv\/wp-json\/wp\/v2\/tags?post=102284"}],"curies":[{"name":"wp","href":"https:\/\/api.w.org\/{rel}","templated":true}]}}