{"id":102295,"date":"2026-01-12T15:51:07","date_gmt":"2026-01-12T15:51:07","guid":{"rendered":"https:\/\/www.europesays.com\/lv\/102295\/"},"modified":"2026-01-12T15:51:07","modified_gmt":"2026-01-12T15:51:07","slug":"izzinoti-pirmas-latvijas-makslas-gada-balvas-nominanti","status":"publish","type":"post","link":"https:\/\/www.europesays.com\/lv\/102295\/","title":{"rendered":"Izzi\u0146oti pirm\u0101s Latvijas M\u0101kslas gada balvas nominanti"},"content":{"rendered":"<p>\u017d\u016brija gada garum\u0101 izv\u0113rt\u0113jusi vizu\u0101l\u0101s m\u0101kslas procesus Baltij\u0101, izvirzot nominantus desmit kategorij\u0101s. LMGB \u017e\u016brijas priek\u0161s\u0113d\u0113t\u0101ja ir kuratore, p\u0113tniece un m\u0101kslas kriti\u0137e Maija Rudovska.<\/p>\n<p>\u017d\u016brij\u0101 str\u0101d\u0101 ar\u012b kult\u016bras projektu kuratore un Latvijas Universit\u0101tes Bot\u0101nisk\u0101 d\u0101rza direktore Ren\u0101te Lagzdi\u0146a, m\u0101ksliniece un Latvijas Nacion\u0101l\u0101s bibliot\u0113kas Izst\u0101\u017eu centra vad\u012bt\u0101ja Brigita Zel\u010da-Aispure, vizu\u0101l\u0101s m\u0101kslas kurators un producents Raivis Alksnis, m\u0101kslas v\u0113sturniece un kriti\u0137e Aiga Dzalbe, vizu\u0101l\u0101s kult\u016bras p\u0113tniece, kuratore un ISSP valdes locekle Li\u0101na Ivete \u017dilde, k\u0101 ar\u012b m\u0101kslas kurators, kriti\u0137is un teor\u0113ti\u0137is un Paula Stradi\u0146a Medic\u012bnas v\u0113stures muzeja direktors Kaspars Vanags.<\/p>\n<p>M\u016b\u017ea ieguld\u012bjuma balva tiks pie\u0161\u0137irta m\u0101kslas zin\u0101tniecei un kuratorei Ir\u0113nai Bu\u017einskai. Savuk\u0101rt kategorij\u0101 &#8220;Gada m\u0101kslinieks&#8221; nomin\u0113ti Agate T\u016bna, Laimdota Malle, Liene Mackus, Maija Kur\u0161eva un Viktors Timofejevs.<\/p>\n<p>Kategorij\u0101 &#8220;Gada m\u0101kslas darbs&#8221; nomin\u0113ta Annas Malickas person\u0101lizst\u0101de &#8220;P\u016bra l\u0101de (((pure lady)))&#8221; Laikmet\u012bg\u0101s m\u0101kslas centr\u0101 &#8220;Kim?&#8221;, Ievas Kraules-K\u016bnas instal\u0101cija &#8220;Velni man\u0101s plaukst\u0101s&#8221; izst\u0101d\u0113 &#8220;Kail\u0101 dz\u012bv\u012bba&#8221; C\u0113su M\u0101kslas festiv\u0101l\u0101, Kates Krolles un Rei\u0146a B\u0113rzi\u0146a izst\u0101de &#8220;Organizators&#8221; kult\u016brtelp\u0101 &#8220;Smilga&#8221;, Kristapa Anc\u0101na un Paula Rietuma izst\u0101de &#8220;Pavisam mazas svin\u012bbas&#8221; M\u0101kslas stacij\u0101 &#8220;Dubulti&#8221;, k\u0101 ar\u012b Lauras Feldbergas izst\u0101de &#8220;Bezgal\u012bg\u0101s, zil\u0101s debesis. 2022-2025&#8221; Sabiles m\u0101kslas, kult\u016bras un t\u016brisma centr\u0101.<\/p>\n","protected":false},"excerpt":{"rendered":"\u017d\u016brija gada garum\u0101 izv\u0113rt\u0113jusi vizu\u0101l\u0101s m\u0101kslas procesus Baltij\u0101, izvirzot nominantus desmit kategorij\u0101s. LMGB \u017e\u016brijas priek\u0161s\u0113d\u0113t\u0101ja ir kuratore, p\u0113tniece&hellip;\n","protected":false},"author":2,"featured_media":93392,"comment_status":"","ping_status":"","sticky":false,"template":"","format":"standard","meta":{"footnotes":""},"categories":[5],"tags":[23,28,29,32,33,22,30,31,35,39,38,36,37,34,40,2286,8516,20,26,27,24,25,21],"class_list":{"0":"post-102295","1":"post","2":"type-post","3":"status-publish","4":"format-standard","5":"has-post-thumbnail","7":"category-aktualitates","8":"tag-aktualitates","9":"tag-breaking-news","10":"tag-breakingnews","11":"tag-featured-news","12":"tag-featurednews","13":"tag-headlines","14":"tag-latest-news","15":"tag-latestnews","16":"tag-latvia","17":"tag-latvian","18":"tag-latviesu","19":"tag-latviesu-valoda","20":"tag-latviesuvaloda","21":"tag-latvija","22":"tag-lv","23":"tag-maksla","24":"tag-makslas-jaunumi","25":"tag-news","26":"tag-popularakas-zinas","27":"tag-popularakaszinas","28":"tag-top-stories","29":"tag-topstories","30":"tag-zinas"},"share_on_mastodon":{"url":"https:\/\/pubeurope.com\/@lv\/115882929865500938","error":""},"_links":{"self":[{"href":"https:\/\/www.europesays.com\/lv\/wp-json\/wp\/v2\/posts\/102295","targetHints":{"allow":["GET"]}}],"collection":[{"href":"https:\/\/www.europesays.com\/lv\/wp-json\/wp\/v2\/posts"}],"about":[{"href":"https:\/\/www.europesays.com\/lv\/wp-json\/wp\/v2\/types\/post"}],"author":[{"embeddable":true,"href":"https:\/\/www.europesays.com\/lv\/wp-json\/wp\/v2\/users\/2"}],"replies":[{"embeddable":true,"href":"https:\/\/www.europesays.com\/lv\/wp-json\/wp\/v2\/comments?post=102295"}],"version-history":[{"count":0,"href":"https:\/\/www.europesays.com\/lv\/wp-json\/wp\/v2\/posts\/102295\/revisions"}],"wp:featuredmedia":[{"embeddable":true,"href":"https:\/\/www.europesays.com\/lv\/wp-json\/wp\/v2\/media\/93392"}],"wp:attachment":[{"href":"https:\/\/www.europesays.com\/lv\/wp-json\/wp\/v2\/media?parent=102295"}],"wp:term":[{"taxonomy":"category","embeddable":true,"href":"https:\/\/www.europesays.com\/lv\/wp-json\/wp\/v2\/categories?post=102295"},{"taxonomy":"post_tag","embeddable":true,"href":"https:\/\/www.europesays.com\/lv\/wp-json\/wp\/v2\/tags?post=102295"}],"curies":[{"name":"wp","href":"https:\/\/api.w.org\/{rel}","templated":true}]}}