{"id":102296,"date":"2026-01-12T15:53:07","date_gmt":"2026-01-12T15:53:07","guid":{"rendered":"https:\/\/www.europesays.com\/lv\/102296\/"},"modified":"2026-01-12T15:53:07","modified_gmt":"2026-01-12T15:53:07","slug":"diezgan-skumja-un-nepatikama-pecgarsa-steinbergs-atklati-par-protestu-austrija","status":"publish","type":"post","link":"https:\/\/www.europesays.com\/lv\/102296\/","title":{"rendered":"&#8220;Diezgan skumja un nepat\u012bkama p\u0113cgar\u0161a.&#8221; \u0160teinbergs atkl\u0101ti par protestu Austrij\u0101"},"content":{"rendered":"<p>T\u0101pat \u0160teinbergs atzina, ka ar Krievijas sportistiem atsak\u0101s jebk\u0101d\u0101 veid\u0101 izr\u0101d\u012bt kontaktu, ja vien vi\u0146i atkl\u0101ti nepateiks, ka ir pret karu Ukrain\u0101.<\/p>\n<p>&#8220;Citu valstu sportistiem viss vienalga,&#8221; noteica \u0160teinbergs. &#8220;Sveicin\u0101s un apskaujas ar krieviem. Kam\u0113r kara nav pie tevis, viss ir k\u0101rt\u012bb\u0101&#8230;&#8221;<\/p>\n<p>Treneris par \u0161o jaut\u0101jumu aizdom\u0101j\u0101s t\u0101l\u0101k, jaut\u0101jot, vai ar\u012b par latvie\u0161iem aizmirstu l\u012bdz\u012bg\u0101 situ\u0101cij\u0101.<\/p>\n<p>Iepriek\u0161 tika zi\u0146ots, ka \u0160teinbergam par protestu izteikts br\u012bdin\u0101jums no IBSF puses. Vi\u0146\u0101m ar\u012b aizliegts treses teritorij\u0101 jebk\u0101d\u0101 veid\u0101 demonstr\u0113t protesta plak\u0101tu. Citu sankciju pret Latvijas izlasi neesot.<\/p>\n<p>&#8220;Sankcijas attiec\u0101s tikai uz mani \u2013 pagaid\u0101m tas ir tikai br\u012bdin\u0101jums. Situ\u0101cija nedaudz norima. A\u017eiot\u0101\u017ea ir soci\u0101lajos t\u012bklos un Latvij\u0101,&#8221; intervij\u0101 Latvijas Telev\u012bzijas (LTV) raid\u012bjum\u0101 &#8220;R\u012bta Panor\u0101ma&#8221; teica skeletona treneris.<\/p>\n<p>L\u012bdz \u0161im Krievijas sportisti nedz Pasaules kaus\u0101, nedz Eiropas kaus\u0101 \u0161osezon nebija start\u0113ju\u0161i.<\/p>\n<p>Pag\u0101ju\u0161\u0101 gada septembr\u012b Starptautisk\u0101s Bobsleja un skeletona feder\u0101cijas (IBSF) kongres\u0101 tika noraid\u012bta Krievijas sportistu atgrie\u0161an\u0101s starptautiskaj\u0101s bobsleja un skeletona sacens\u012bb\u0101s. M\u0113nesi v\u0113l\u0101k IBSF Apel\u0101cijas tribun\u0101ls lika da\u013c\u0113ji atcelt 2022. gada IBSF kongresa apstiprin\u0101to Krievijas sportistu aizliegumu piedal\u012bties IBSF pas\u0101kumos.<\/p>\n<p>Tribun\u0101ls nol\u0113ma, ka tas b\u016bs izpild\u0101ms tikai tikt\u0101l, cikt\u0101l tas aizliedz sacensties sportistiem, kuri neatbilst Starptautisk\u0101s Olimpisk\u0101s komitejas (SOK) individu\u0101lo neitr\u0101lo sportistu noteikumiem 2026. gada olimpiskaj\u0101s sp\u0113l\u0113s. Taj\u0101 pa\u0161\u0101 laik\u0101 IBSF Apel\u0101cijas tribun\u0101ls noraid\u012bja Krievijas Bobsleja feder\u0101cijas l\u016bgumu nekav\u0113joties at\u013caut t\u0101s sportistu dal\u012bbu jebkur\u0101s IBSF sacens\u012bb\u0101s.<\/p>\n","protected":false},"excerpt":{"rendered":"T\u0101pat \u0160teinbergs atzina, ka ar Krievijas sportistiem atsak\u0101s jebk\u0101d\u0101 veid\u0101 izr\u0101d\u012bt kontaktu, ja vien vi\u0146i atkl\u0101ti nepateiks, ka&hellip;\n","protected":false},"author":2,"featured_media":102297,"comment_status":"","ping_status":"","sticky":false,"template":"","format":"standard","meta":{"footnotes":""},"categories":[17],"tags":[35,39,38,36,37,34,40,1500,12893,11526,67,527],"class_list":{"0":"post-102296","1":"post","2":"type-post","3":"status-publish","4":"format-standard","5":"has-post-thumbnail","7":"category-sports","8":"tag-latvia","9":"tag-latvian","10":"tag-latviesu","11":"tag-latviesu-valoda","12":"tag-latviesuvaloda","13":"tag-latvija","14":"tag-lv","15":"tag-olimpiskas-speles","16":"tag-olimpisko-spelu-jaunumi","17":"tag-skeletons","18":"tag-sports","19":"tag-ziemas-olimpiskas-speles"},"share_on_mastodon":{"url":"https:\/\/pubeurope.com\/@lv\/115882937739855039","error":""},"_links":{"self":[{"href":"https:\/\/www.europesays.com\/lv\/wp-json\/wp\/v2\/posts\/102296","targetHints":{"allow":["GET"]}}],"collection":[{"href":"https:\/\/www.europesays.com\/lv\/wp-json\/wp\/v2\/posts"}],"about":[{"href":"https:\/\/www.europesays.com\/lv\/wp-json\/wp\/v2\/types\/post"}],"author":[{"embeddable":true,"href":"https:\/\/www.europesays.com\/lv\/wp-json\/wp\/v2\/users\/2"}],"replies":[{"embeddable":true,"href":"https:\/\/www.europesays.com\/lv\/wp-json\/wp\/v2\/comments?post=102296"}],"version-history":[{"count":0,"href":"https:\/\/www.europesays.com\/lv\/wp-json\/wp\/v2\/posts\/102296\/revisions"}],"wp:featuredmedia":[{"embeddable":true,"href":"https:\/\/www.europesays.com\/lv\/wp-json\/wp\/v2\/media\/102297"}],"wp:attachment":[{"href":"https:\/\/www.europesays.com\/lv\/wp-json\/wp\/v2\/media?parent=102296"}],"wp:term":[{"taxonomy":"category","embeddable":true,"href":"https:\/\/www.europesays.com\/lv\/wp-json\/wp\/v2\/categories?post=102296"},{"taxonomy":"post_tag","embeddable":true,"href":"https:\/\/www.europesays.com\/lv\/wp-json\/wp\/v2\/tags?post=102296"}],"curies":[{"name":"wp","href":"https:\/\/api.w.org\/{rel}","templated":true}]}}