{"id":102298,"date":"2026-01-12T15:57:07","date_gmt":"2026-01-12T15:57:07","guid":{"rendered":"https:\/\/www.europesays.com\/lv\/102298\/"},"modified":"2026-01-12T15:57:07","modified_gmt":"2026-01-12T15:57:07","slug":"kops-gada-sakuma-15-enu-flotes-tankkugi-mainijusi-karogu-pret-krievijas-karogu-apgalvo-medijs","status":"publish","type":"post","link":"https:\/\/www.europesays.com\/lv\/102298\/","title":{"rendered":"Kop\u0161 gada s\u0101kuma 15 \u0113nu flotes tankku\u0123i main\u012bju\u0161i karogu pret Krievijas karogu, apgalvo medijs"},"content":{"rendered":"<p>K\u0101 nor\u0101da ku\u0123niec\u012bbas izdevuma &#8220;Lloyd\u02bcs List&#8221; galvenais redaktors Ri\u010dards M\u012bds, izmantojot Krievijas karogu, &#8220;\u0113nu flotes&#8221; ku\u0123i cer pasarg\u0101t sevi no pas\u0101kumiem, ko pret tiem var\u0113tu v\u0113rst ASV, kas ir pastiprin\u0101ju\u0161as c\u012b\u0146u pret Venecu\u0113las naftas eksportu, kas p\u0101rk\u0101pj <a href=\"https:\/\/www.tvnet.lv\/term\/556173\/sankcijas\" class=\"topicLink\" target=\"_blank\" rel=\"nofollow noopener\">sankcijas<\/a>.<\/p>\n<p>Saska\u0146\u0101 ar &#8220;S&amp;P Global Market Intelligence&#8221; datiem 2025. gada p\u0113d\u0113jos tr\u012bs m\u0113ne\u0161os v\u0113l 25 tankku\u0123i main\u012bju\u0161i karogu pret Krievijas karogu. No tiem 18 to izdar\u012bju\u0161i decembr\u012b, un 16 no \u0161iem ku\u0123iem noteiktas Lielbrit\u0101nijas vai ASV sankcijas.<\/p>\n<p>Karoga mai\u0146as likum\u012bba reisa laik\u0101 no starptautisko j\u016bras ties\u012bbu viedok\u013ca ir ap\u0161aub\u0101ma, nor\u0101da S&amp;P.<\/p>\n<p>&#8220;The Wall Street Journal&#8221; raksta, ka l\u012bdz ned\u0113\u013cas nogalei ASV jau bija aiztur\u0113ju\u0161as piecus &#8220;\u0113nu flotes&#8221; naftas tankku\u0123us, kuriem ir da\u017e\u0101di karogi. To vid\u016b ir ar\u012b tankku\u0123is &#8220;Marinera&#8221;, kuram p\u0113c tam, kad to Venecu\u0113las piekrast\u0113 bija s\u0101kusi vaj\u0101t ASV krasta apsardze, tika main\u012bts nosaukums un tas tika re\u0123istr\u0113ts Krievij\u0101.<\/p>\n<blockquote class=\"quote ck-widget\" contenteditable=\"false\">\n<p><a href=\"https:\/\/www.tvnet.lv\/term\/785861\/enu-flote\" class=\"topicLink\" target=\"_blank\" rel=\"nofollow noopener\">\u0112nu flote<\/a> p\u0101rvad\u0101 naftu no t\u0101d\u0101m valst\u012bm k\u0101 Venecu\u0113la, <a href=\"https:\/\/www.tvnet.lv\/term\/555452\/krievija\" class=\"topicLink\" target=\"_blank\" rel=\"nofollow noopener\">Krievija<\/a> un Ir\u0101na, t\u0101d\u0113j\u0101di p\u0101rk\u0101pjot ASV sankcijas.<\/p>\n<\/blockquote>\n","protected":false},"excerpt":{"rendered":"K\u0101 nor\u0101da ku\u0123niec\u012bbas izdevuma &#8220;Lloyd\u02bcs List&#8221; galvenais redaktors Ri\u010dards M\u012bds, izmantojot Krievijas karogu, &#8220;\u0113nu flotes&#8221; ku\u0123i cer pasarg\u0101t&hellip;\n","protected":false},"author":2,"featured_media":102299,"comment_status":"","ping_status":"","sticky":false,"template":"","format":"standard","meta":{"footnotes":""},"categories":[5],"tags":[23,28,29,3964,32,33,22,234,10040,30,31,35,39,38,36,37,34,40,2421,20,26,27,511,24,25,21],"class_list":{"0":"post-102298","1":"post","2":"type-post","3":"status-publish","4":"format-standard","5":"has-post-thumbnail","7":"category-aktualitates","8":"tag-aktualitates","9":"tag-breaking-news","10":"tag-breakingnews","11":"tag-enu-flote","12":"tag-featured-news","13":"tag-featurednews","14":"tag-headlines","15":"tag-krievija","16":"tag-krievijas-enu-flote","17":"tag-latest-news","18":"tag-latestnews","19":"tag-latvia","20":"tag-latvian","21":"tag-latviesu","22":"tag-latviesu-valoda","23":"tag-latviesuvaloda","24":"tag-latvija","25":"tag-lv","26":"tag-nafta","27":"tag-news","28":"tag-popularakas-zinas","29":"tag-popularakaszinas","30":"tag-sankcijas","31":"tag-top-stories","32":"tag-topstories","33":"tag-zinas"},"share_on_mastodon":{"url":"https:\/\/pubeurope.com\/@lv\/115882953468371862","error":""},"_links":{"self":[{"href":"https:\/\/www.europesays.com\/lv\/wp-json\/wp\/v2\/posts\/102298","targetHints":{"allow":["GET"]}}],"collection":[{"href":"https:\/\/www.europesays.com\/lv\/wp-json\/wp\/v2\/posts"}],"about":[{"href":"https:\/\/www.europesays.com\/lv\/wp-json\/wp\/v2\/types\/post"}],"author":[{"embeddable":true,"href":"https:\/\/www.europesays.com\/lv\/wp-json\/wp\/v2\/users\/2"}],"replies":[{"embeddable":true,"href":"https:\/\/www.europesays.com\/lv\/wp-json\/wp\/v2\/comments?post=102298"}],"version-history":[{"count":0,"href":"https:\/\/www.europesays.com\/lv\/wp-json\/wp\/v2\/posts\/102298\/revisions"}],"wp:featuredmedia":[{"embeddable":true,"href":"https:\/\/www.europesays.com\/lv\/wp-json\/wp\/v2\/media\/102299"}],"wp:attachment":[{"href":"https:\/\/www.europesays.com\/lv\/wp-json\/wp\/v2\/media?parent=102298"}],"wp:term":[{"taxonomy":"category","embeddable":true,"href":"https:\/\/www.europesays.com\/lv\/wp-json\/wp\/v2\/categories?post=102298"},{"taxonomy":"post_tag","embeddable":true,"href":"https:\/\/www.europesays.com\/lv\/wp-json\/wp\/v2\/tags?post=102298"}],"curies":[{"name":"wp","href":"https:\/\/api.w.org\/{rel}","templated":true}]}}