{"id":102304,"date":"2026-01-12T16:03:07","date_gmt":"2026-01-12T16:03:07","guid":{"rendered":"https:\/\/www.europesays.com\/lv\/102304\/"},"modified":"2026-01-12T16:03:07","modified_gmt":"2026-01-12T16:03:07","slug":"zzs-iebilst-pret-kriminalatbildibas-noteiksanu-par-dalibu-kartelos-tvnet","status":"publish","type":"post","link":"https:\/\/www.europesays.com\/lv\/102304\/","title":{"rendered":"ZZS iebilst pret krimin\u0101latbild\u012bbas noteik\u0161anu par dal\u012bbu karte\u013cos &#8211; TVNET"},"content":{"rendered":"<ol>\n<li><a href=\"https:\/\/news.google.com\/rss\/articles\/CBMimwFBVV95cUxPdlZsYW03NElfX2t4RWExR3MwQ0NaaUYwN3VqRkZwc3EzNHVRMXlxNWdTc2RnOWdsTEFUTkJRVjIwNUttVWxuSTc3dmhxcGxZMlZaSjJsRWxnQ005VkxYaTRKb1Yzd1RGTXhUNy1CdUExTmtNa1hYUm1vWFBab2xVU0FfcHdZN2dKbUhqdWtOS0k5bDNmb1BEc0J0VQ?oc=5\" target=\"_blank\" rel=\"nofollow noopener\">ZZS iebilst pret krimin\u0101latbild\u012bbas noteik\u0161anu par dal\u012bbu karte\u013cos<\/a>&nbsp;&nbsp;TVNET<\/li>\n<li><a href=\"https:\/\/news.google.com\/rss\/articles\/CBMiogFBVV95cUxNVDhMWWhXZUdHazRQRmU1THQzREVPeEY0eFdrYjh3TURHOExzV0hsVnpaamRQWGpTS0dCVHE2ZjRrcUdManJIbFI4SG4wTEpMTEw4Y1dsc2lrN0NvVmhfbEdVb0s1UktTYjlULUNNVDlnbjlBR0JzUjVFdDNSWWR4Qm5zV25mdjVGc3FITlZGbXJjQ2o1ZE9vTEVMLUh1WFM4Nmc?oc=5\" target=\"_blank\" rel=\"nofollow noopener\">Sili\u0146a aicina atk\u0101rtoti lemt par karte\u013cu kriminaliz\u0113\u0161anu<\/a>&nbsp;&nbsp;Delfi<\/li>\n<li><a href=\"https:\/\/news.google.com\/rss\/articles\/CBMi1gFBVV95cUxPeC1wcHBHdnp0bTRnZV9QWDZ6RjZhazN2VVZyRXpwOGxDY1dtUGZySDNOdEJiXzk3YnJkOExZQjZqLWxsT0hiRkhKYzVMdjJVVjJrOUlSMTFRbXdwRE1uQ2t1S3A2MkRDN0xFdzlHUXZuU0xXMlVELVdwV3hkNjdDakdoSHR3cFZ3bXA3NFdkZ0o0YXpFU3VkVTJNei0yemYwQjBzU2t4VVJ3RHNNeUw3WVp1OWxPYW9OcjZ3Ukh5Y20xZ1d2TnNvc3h5OUtOdUFIcDFJQVhB?oc=5\" target=\"_blank\" rel=\"nofollow noopener\">Konkurences padomei nelabv\u0113l\u012bgais Sen\u0101ta spriedums sare\u017e\u0123\u012bs karte\u013cu atkl\u0101\u0161anu \/ Raksts<\/a>&nbsp;&nbsp;LSM<\/li>\n<li><a href=\"https:\/\/news.google.com\/rss\/articles\/CBMivAFBVV95cUxQb3hZUHd1eTVrenFiakd6S1dYSm9peFJnc2hfYVgzYXRZSFJvdERWalQyenlQcGF5bXY4N0FDdlpjdW0tVmIzZ19HYUhBNkJUT0cxVC1NVEc0SG44ZmpyUEJOZEs3bEtaTkpJaVBVY01hN0VPdkZzRjdtbVlMcEd0Q2N5UlZpUGxnVk8xcUtxd3h6OVVUT3VCUS0zRmh5eWFYYWFpZ0drdXRLblVObUdlMXpLUzZiTzVOMDE3RQ?oc=5\" target=\"_blank\" rel=\"nofollow noopener\">Slepeni ierakst\u012btas sarunas nav pier\u0101d\u012bjums? B\u012bstams precedents Latvij\u0101 saist\u012bb\u0101 ar b\u016bvniec\u012bbas karteli<\/a>&nbsp;&nbsp;LA.LV<\/li>\n<li><a href=\"https:\/\/news.google.com\/rss\/articles\/CBMilgFBVV95cUxQdlNEME9pOW5yM2d1a0E2aElRRUxXU3hXbjQ3VUlkWGJHcEY5SGZUaWRaSFVQbm9DVWRFWVNpMDRZOFlyNjdMQV9MNVBKSU1fN2lrYnV3eEVPTEpneGt5MU5jZUZZMkJscGdEVDlRTk9MUmdtVDRndS1qNHhCY0M1dENwNVh1MWRyUzMzU3JMSEF0QklvNWc?oc=5\" target=\"_blank\" rel=\"nofollow noopener\">Sili\u0146a: Saeimai j\u0101atgrie\u017eas pie karte\u013cu jaut\u0101juma risin\u0101\u0161anas<\/a>&nbsp;&nbsp;Dienas Bizness<\/li>\n<\/ol>\n","protected":false},"excerpt":{"rendered":"ZZS iebilst pret krimin\u0101latbild\u012bbas noteik\u0161anu par dal\u012bbu karte\u013cos&nbsp;&nbsp;TVNET Sili\u0146a aicina atk\u0101rtoti lemt par karte\u013cu kriminaliz\u0113\u0161anu&nbsp;&nbsp;Delfi Konkurences padomei nelabv\u0113l\u012bgais&hellip;\n","protected":false},"author":2,"featured_media":36401,"comment_status":"","ping_status":"","sticky":false,"template":"","format":"standard","meta":{"footnotes":""},"categories":[5],"tags":[23,28,29,32,33,3543,22,824,30,31,35,39,38,36,37,34,15760,40,20,26,27,24,25,21,666],"class_list":{"0":"post-102304","1":"post","2":"type-post","3":"status-publish","4":"format-standard","5":"has-post-thumbnail","7":"category-aktualitates","8":"tag-aktualitates","9":"tag-breaking-news","10":"tag-breakingnews","11":"tag-featured-news","12":"tag-featurednews","13":"tag-harijs-rokpelnis","14":"tag-headlines","15":"tag-kartelis","16":"tag-latest-news","17":"tag-latestnews","18":"tag-latvia","19":"tag-latvian","20":"tag-latviesu","21":"tag-latviesu-valoda","22":"tag-latviesuvaloda","23":"tag-latvija","24":"tag-likumi","25":"tag-lv","26":"tag-news","27":"tag-popularakas-zinas","28":"tag-popularakaszinas","29":"tag-top-stories","30":"tag-topstories","31":"tag-zinas","32":"tag-zzs"},"share_on_mastodon":{"url":"https:\/\/pubeurope.com\/@lv\/115882977059605806","error":""},"_links":{"self":[{"href":"https:\/\/www.europesays.com\/lv\/wp-json\/wp\/v2\/posts\/102304","targetHints":{"allow":["GET"]}}],"collection":[{"href":"https:\/\/www.europesays.com\/lv\/wp-json\/wp\/v2\/posts"}],"about":[{"href":"https:\/\/www.europesays.com\/lv\/wp-json\/wp\/v2\/types\/post"}],"author":[{"embeddable":true,"href":"https:\/\/www.europesays.com\/lv\/wp-json\/wp\/v2\/users\/2"}],"replies":[{"embeddable":true,"href":"https:\/\/www.europesays.com\/lv\/wp-json\/wp\/v2\/comments?post=102304"}],"version-history":[{"count":0,"href":"https:\/\/www.europesays.com\/lv\/wp-json\/wp\/v2\/posts\/102304\/revisions"}],"wp:featuredmedia":[{"embeddable":true,"href":"https:\/\/www.europesays.com\/lv\/wp-json\/wp\/v2\/media\/36401"}],"wp:attachment":[{"href":"https:\/\/www.europesays.com\/lv\/wp-json\/wp\/v2\/media?parent=102304"}],"wp:term":[{"taxonomy":"category","embeddable":true,"href":"https:\/\/www.europesays.com\/lv\/wp-json\/wp\/v2\/categories?post=102304"},{"taxonomy":"post_tag","embeddable":true,"href":"https:\/\/www.europesays.com\/lv\/wp-json\/wp\/v2\/tags?post=102304"}],"curies":[{"name":"wp","href":"https:\/\/api.w.org\/{rel}","templated":true}]}}