{"id":102317,"date":"2026-01-12T16:20:07","date_gmt":"2026-01-12T16:20:07","guid":{"rendered":"https:\/\/www.europesays.com\/lv\/102317\/"},"modified":"2026-01-12T16:20:07","modified_gmt":"2026-01-12T16:20:07","slug":"daugavpili-par-vairak-neka-900-000-eiro-labiekartots-avotinu-parks","status":"publish","type":"post","link":"https:\/\/www.europesays.com\/lv\/102317\/","title":{"rendered":"Daugavpil\u012b par vair\u0101k nek\u0101 900 000 eiro labiek\u0101rtots Avoti\u0146u parks"},"content":{"rendered":"<p>Projekta gait\u0101 sak\u0101rtota 64 735 kvadr\u0101tmetru pla\u0161a parka teritorija, iev\u0113rojami uzlabojot vides est\u0113tiku un funkcionalit\u0101ti. B\u016bvdarbu kop\u0113j\u0101s izmaksas ir 919 124 eiro.<\/p>\n<p>Projekta &#8220;Avoti\u0146u parka apkaimes vides pieejam\u012bba un labiek\u0101rto\u0161ana&#8221; m\u0113r\u0137is bija publisk\u0101s \u0101rtelpas att\u012bst\u012bba Avoti\u0146u park\u0101, uzlabojot pils\u0113tas dz\u012bves vides kvalit\u0101ti, veicinot iedz\u012bvot\u0101ju fizisko aktivit\u0101ti un atp\u016btas iesp\u0113jas, k\u0101 ar\u012b palielinot sabiedr\u012bbas dro\u0161\u012bbu.<\/p>\n<p>B\u016bvdarbu laik\u0101 sakoptas iepriek\u0161 degrad\u0113tas teritorijas, nov\u0101kti kr\u016bmi, boj\u0101tie, nokaltu\u0161ie un nog\u0101ztie koki, izt\u012br\u012bti gr\u0101vji un \u016bdenstilpes, k\u0101 ar\u012b izvests liekais grunts apjoms. T\u0101pat veikta eso\u0161\u0101s lietus kanaliz\u0101cijas izvada t\u012br\u012b\u0161ana un nostiprin\u0101\u0161ana.<\/p>\n<p>Park\u0101 izb\u016bv\u0113ti g\u0101j\u0113ju un velosip\u0113du celi\u0146i, uzst\u0101d\u012bti soli\u0146i, atkritumu urnas, velosip\u0113du novietnes un citi labiek\u0101rtojuma elementi. \u012apa\u0161a uzman\u012bba piev\u0113rsta akt\u012bv\u0101s atp\u016btas infrastrukt\u016bras izveidei &#8211; park\u0101 izb\u016bv\u0113ts br\u012bvdabas akt\u012bv\u0101s atp\u016btas laukums ar da\u017e\u0101diem funkcion\u0101liem elementiem, tostarp k\u0101p\u0161anas kupolu, \u0161\u0137\u0113r\u0161\u013cu trasi, tro\u0161u ce\u013cu, horizont\u0101lo trepi, pievilk\u0161an\u0101s stie\u0146iem, paral\u0113laj\u0101m l\u012bdztek\u0101m, atspie\u0161an\u0101s stie\u0146iem un citiem elementiem.<\/p>\n<p>Parka teritorij\u0101 izb\u016bv\u0113ts videi draudz\u012bgs apgaismojums, kas nodro\u0161ina parka pieejam\u012bbu un rada dro\u0161\u012bbu ar\u012b diennakts tum\u0161aj\u0101 laik\u0101, k\u0101 ar\u012b uzst\u0101d\u012btas videonov\u0113ro\u0161anas kameras, r\u016bp\u0113joties par sabiedrisko k\u0101rt\u012bbu un apmekl\u0113t\u0101ju dro\u0161\u012bbu. Parka teritorija ir piel\u0101gota person\u0101m ar funkcion\u0101liem trauc\u0113jumiem, vec\u0101kiem ar b\u0113rnu rati\u0146iem, senioriem un citiem apmekl\u0113t\u0101jiem, veicinot iek\u013caujo\u0161u un visiem pieejamu publisko \u0101rtelpu.<\/p>\n<p>B\u016bvdarbi veikti p\u0113c SIA &#8220;Cerva&#8221; izstr\u0101d\u0101t\u0101 b\u016bvprojekta. B\u016bvdarbus veica SIA &#8220;CBF&amp;Landscape&#8221;, b\u016bvuzraudz\u012bbu nodro\u0161in\u0101ja SIA &#8220;Semita&#8221;, bet autoruzraudz\u012bbu &#8211; &#8220;Cerva&#8221;.<\/p>\n","protected":false},"excerpt":{"rendered":"Projekta gait\u0101 sak\u0101rtota 64 735 kvadr\u0101tmetru pla\u0161a parka teritorija, iev\u0113rojami uzlabojot vides est\u0113tiku un funkcionalit\u0101ti. B\u016bvdarbu kop\u0113j\u0101s izmaksas&hellip;\n","protected":false},"author":2,"featured_media":102318,"comment_status":"","ping_status":"","sticky":false,"template":"","format":"standard","meta":{"footnotes":""},"categories":[12],"tags":[23,28,29,168,32,33,22,30,31,35,39,38,36,37,34,40,20,26,27,24,25,21],"class_list":{"0":"post-102317","1":"post","2":"type-post","3":"status-publish","4":"format-standard","5":"has-post-thumbnail","7":"category-latvija","8":"tag-aktualitates","9":"tag-breaking-news","10":"tag-breakingnews","11":"tag-daugavpils","12":"tag-featured-news","13":"tag-featurednews","14":"tag-headlines","15":"tag-latest-news","16":"tag-latestnews","17":"tag-latvia","18":"tag-latvian","19":"tag-latviesu","20":"tag-latviesu-valoda","21":"tag-latviesuvaloda","22":"tag-latvija","23":"tag-lv","24":"tag-news","25":"tag-popularakas-zinas","26":"tag-popularakaszinas","27":"tag-top-stories","28":"tag-topstories","29":"tag-zinas"},"share_on_mastodon":{"url":"https:\/\/pubeurope.com\/@lv\/115883043891611882","error":""},"_links":{"self":[{"href":"https:\/\/www.europesays.com\/lv\/wp-json\/wp\/v2\/posts\/102317","targetHints":{"allow":["GET"]}}],"collection":[{"href":"https:\/\/www.europesays.com\/lv\/wp-json\/wp\/v2\/posts"}],"about":[{"href":"https:\/\/www.europesays.com\/lv\/wp-json\/wp\/v2\/types\/post"}],"author":[{"embeddable":true,"href":"https:\/\/www.europesays.com\/lv\/wp-json\/wp\/v2\/users\/2"}],"replies":[{"embeddable":true,"href":"https:\/\/www.europesays.com\/lv\/wp-json\/wp\/v2\/comments?post=102317"}],"version-history":[{"count":0,"href":"https:\/\/www.europesays.com\/lv\/wp-json\/wp\/v2\/posts\/102317\/revisions"}],"wp:featuredmedia":[{"embeddable":true,"href":"https:\/\/www.europesays.com\/lv\/wp-json\/wp\/v2\/media\/102318"}],"wp:attachment":[{"href":"https:\/\/www.europesays.com\/lv\/wp-json\/wp\/v2\/media?parent=102317"}],"wp:term":[{"taxonomy":"category","embeddable":true,"href":"https:\/\/www.europesays.com\/lv\/wp-json\/wp\/v2\/categories?post=102317"},{"taxonomy":"post_tag","embeddable":true,"href":"https:\/\/www.europesays.com\/lv\/wp-json\/wp\/v2\/tags?post=102317"}],"curies":[{"name":"wp","href":"https:\/\/api.w.org\/{rel}","templated":true}]}}