{"id":102319,"date":"2026-01-12T16:23:07","date_gmt":"2026-01-12T16:23:07","guid":{"rendered":"https:\/\/www.europesays.com\/lv\/102319\/"},"modified":"2026-01-12T16:23:07","modified_gmt":"2026-01-12T16:23:07","slug":"ceturtdien-notiks-atvadisanas-no-basketbola-legendas-uljanas-semjonovas","status":"publish","type":"post","link":"https:\/\/www.europesays.com\/lv\/102319\/","title":{"rendered":"Ceturtdien notiks atvad\u012b\u0161an\u0101s no basketbola le\u0123endas U\u013cjanas Semjonovas"},"content":{"rendered":"<p>Publiska atvad\u012b\u0161an\u0101s no Semjonovas notiks R\u012bgas Latvie\u0161u biedr\u012bbas nama Lielaj\u0101 z\u0101l\u0113 no plkst. 12 l\u012bdz 13.30. Atnestie ziedi tiks nog\u0101d\u0101ti kaps\u0113t\u0101.<\/p>\n<p>Semjonova tiks apglab\u0101ta R\u012bgas 1. Me\u017ea kapos p\u0113c plkst. 14.<\/p>\n<p>Semjonova mira 8. janv\u0101r\u012b 73 gadu vecum\u0101.<\/p>\n<p>Semjonova no 1968. l\u012bdz 1987. gadam bija R\u012bgas TTT komandas un Latvijas izlases l\u012bdere &#8211; vienpadsmitk\u0101rt\u0113ja Eiropas \u010dempionu kausa un Lili\u0101nas Ronketi Eiropas kausa ieguv\u0113ja, \u010detrk\u0101rt\u0113ja Tautu spartaki\u0101des \u010dempione.<\/p>\n<p>Sp\u0113l\u0113jot Padomju Savien\u012bbas izlas\u0113, vi\u0146a bija divk\u0101rt\u0113ja olimpisk\u0101, tr\u012bsk\u0101rt\u0113ja pasaules un desmitk\u0101rt\u0113ja Eiropas \u010dempione. 1993. gad\u0101 k\u0101 pirm\u0101 eiropiete uz\u0146emta Pasaules basketbola Slavas z\u0101l\u0113 Springf\u012bld\u0101, 1999. gad\u0101 &#8211; Sievie\u0161u basketbola Slavas z\u0101l\u0113, 2007. gad\u0101 &#8211; FIBA Slavas z\u0101l\u0113.<\/p>\n<p>P\u0113c sportistes karjeras beig\u0101m Semjonova izveidoja un ilgus gadus vad\u012bja Latvijas Olimpie\u0161u soci\u0101lo fondu, organiz\u0113jot da\u017e\u0101da veida pal\u012bdz\u012bbu sporta veter\u0101niem.<\/p>\n<p>Semjonova dzimusi 1952. gada 9. mart\u0101 un b\u0113rn\u012bbu pavad\u012bjusi vec\u0101ku m\u0101j\u0101s Daugavpils rajona Medumos.<\/p>\n","protected":false},"excerpt":{"rendered":"Publiska atvad\u012b\u0161an\u0101s no Semjonovas notiks R\u012bgas Latvie\u0161u biedr\u012bbas nama Lielaj\u0101 z\u0101l\u0113 no plkst. 12 l\u012bdz 13.30. Atnestie ziedi&hellip;\n","protected":false},"author":2,"featured_media":102320,"comment_status":"","ping_status":"","sticky":false,"template":"","format":"standard","meta":{"footnotes":""},"categories":[17],"tags":[2161,35,39,38,36,37,34,40,67,11634],"class_list":{"0":"post-102319","1":"post","2":"type-post","3":"status-publish","4":"format-standard","5":"has-post-thumbnail","7":"category-sports","8":"tag-in-memoriam","9":"tag-latvia","10":"tag-latvian","11":"tag-latviesu","12":"tag-latviesu-valoda","13":"tag-latviesuvaloda","14":"tag-latvija","15":"tag-lv","16":"tag-sports","17":"tag-uljana-semjonova"},"share_on_mastodon":{"url":"https:\/\/pubeurope.com\/@lv\/115883055704678655","error":""},"_links":{"self":[{"href":"https:\/\/www.europesays.com\/lv\/wp-json\/wp\/v2\/posts\/102319","targetHints":{"allow":["GET"]}}],"collection":[{"href":"https:\/\/www.europesays.com\/lv\/wp-json\/wp\/v2\/posts"}],"about":[{"href":"https:\/\/www.europesays.com\/lv\/wp-json\/wp\/v2\/types\/post"}],"author":[{"embeddable":true,"href":"https:\/\/www.europesays.com\/lv\/wp-json\/wp\/v2\/users\/2"}],"replies":[{"embeddable":true,"href":"https:\/\/www.europesays.com\/lv\/wp-json\/wp\/v2\/comments?post=102319"}],"version-history":[{"count":0,"href":"https:\/\/www.europesays.com\/lv\/wp-json\/wp\/v2\/posts\/102319\/revisions"}],"wp:featuredmedia":[{"embeddable":true,"href":"https:\/\/www.europesays.com\/lv\/wp-json\/wp\/v2\/media\/102320"}],"wp:attachment":[{"href":"https:\/\/www.europesays.com\/lv\/wp-json\/wp\/v2\/media?parent=102319"}],"wp:term":[{"taxonomy":"category","embeddable":true,"href":"https:\/\/www.europesays.com\/lv\/wp-json\/wp\/v2\/categories?post=102319"},{"taxonomy":"post_tag","embeddable":true,"href":"https:\/\/www.europesays.com\/lv\/wp-json\/wp\/v2\/tags?post=102319"}],"curies":[{"name":"wp","href":"https:\/\/api.w.org\/{rel}","templated":true}]}}