{"id":102326,"date":"2026-01-12T16:37:07","date_gmt":"2026-01-12T16:37:07","guid":{"rendered":"https:\/\/www.europesays.com\/lv\/102326\/"},"modified":"2026-01-12T16:37:07","modified_gmt":"2026-01-12T16:37:07","slug":"grenlandes-valdiba-sola-attistit-salas-aizsardzibu-nato-ietvaros-un-noraida-trampa-ieceres-tvnet","status":"publish","type":"post","link":"https:\/\/www.europesays.com\/lv\/102326\/","title":{"rendered":"Grenlandes vald\u012bba sola att\u012bst\u012bt salas aizsardz\u012bbu NATO ietvaros un noraida Trampa ieceres &#8211; TVNET"},"content":{"rendered":"<ol>\n<li><a href=\"https:\/\/news.google.com\/rss\/articles\/CBMiuwFBVV95cUxOT04yMnI1TzE3ZElQeHFOaHJtYjRxUU1ZU1d0LWJ4bGd0ZC1mODZwa3RRanlFTFRwV0VtQkdaNzhoWF90TFR3MjlINXRuQ1hZdjBjXzdFeVB3VGh1QllUclppUVVhbWlBWFRWOW1nX1ZjWTdxLTBoUUE3TjQzZ280dVB0dDVDbWRLdmlTVWwtYXBSV1RuVWExazZWWWdsbDF2TXpubnV3RGVHUkJUUTJBZnNkVE9RSUxRem9Z?oc=5\" target=\"_blank\" rel=\"nofollow noopener\">Grenlandes vald\u012bba sola att\u012bst\u012bt salas aizsardz\u012bbu NATO ietvaros un noraida Trampa ieceres<\/a>&nbsp;&nbsp;TVNET<\/li>\n<li><a href=\"https:\/\/news.google.com\/rss\/articles\/CBMilAFBVV95cUxQLWhRbEp3MmxwNlFhSHdacTJCbjM4d0JCdzFvalpxbGRmRE5ObDFZMmpZN1hmakp2YXpoNlBMOVZPRkdpaTczRmhIcXBMTDNmLWY4b0JiX1Mzbi1UVU5EY2dBODQyZ09ZdkEzM1o3dm1NdjJMM1N5YXRWM3hBOVhHcEMyU2dZV21GazlwUGJmNlZnR19S?oc=5\" target=\"_blank\" rel=\"nofollow noopener\">Tramps: Ja m\u0113s neie\u0146emsim Grenlandi, to izdar\u012bs viena no \u0161\u012bm div\u0101m valst\u012bm<\/a>&nbsp;&nbsp;LA.LV<\/li>\n<li><a href=\"https:\/\/news.google.com\/rss\/articles\/CBMizAFBVV95cUxQZTVuR2JGdkhTZkYtWTBTZEZwbTd6U2NTb1p6a1ltdlJKV3pKWWdCb0JwcVBkc2NudXlKSVJfNldCZ0tseE5HTm90UGNNVlBZNktvZUJub3VqZFdnbFRpUjdOeU1tNnY2UmU5UnJFYl9sMUZVcnlmWDFwbFJMb28tbXJRMkhnc1dCLVYxeHNVZDBwS2l3OGVjQXBjYjZaRkplNHlhZDlRTHdsU0tBVlp4b2dOYmYyUU8xNVpFUUkxOXRQaG5wZjZkLWktaTM?oc=5\" target=\"_blank\" rel=\"nofollow noopener\">&#8220;V\u0113lamies b\u016bt grenlandie\u0161i&#8221; \u2013 iedz\u012bvot\u0101ji negrib, lai sala non\u0101ktu Va\u0161ingtonas p\u0101rvald\u012bb\u0101<\/a>&nbsp;&nbsp;Delfi<\/li>\n<li><a href=\"https:\/\/news.google.com\/rss\/articles\/CBMi2wFBVV95cUxNamNneGpCc1ZsT19YSzZqNjlHQjM0VzhTcTVIT0NIMm41alJSX0FtVnlUZ3pOajZYX252djNOZlFNanlEN2Q2MHp3b3hhcnNiUlZrNFFOcDVOYUNPRnJyWXZNUlI5M1pCUnZtbHlvUkUtY1dvQTFiNEdVdmVEcVFXMUR2OTRzcnBqelNSQURJdHpPNGhfREhoamJyelYzMEhORUtiMlJvOFhwTzlmaGlPMGdGWVV0UmtyZU12bFkzb3ZwbnRVZ0ZReUVUelhzeGpmZ1ZqdmFPdG9RY1k?oc=5\" target=\"_blank\" rel=\"nofollow noopener\">\u00abGrenlande nav p\u0101rdo\u0161an\u0101.\u00bb Turpin\u0101s sarunas par ASV interes\u0113m D\u0101nijai piedero\u0161aj\u0101 sal\u0101 \/ Raksts<\/a>&nbsp;&nbsp;LSM<\/li>\n<li><a href=\"https:\/\/news.google.com\/rss\/articles\/CBMikAFBVV95cUxNdERPY3dndm1HMkx0U2NVeXN4czBpYVFUZE9wLUdVNDRvOE95SzJpZ1FYVTVIeTRXY1hLYTJTSlg0ajZnWlRuaTh5eExHZlF0UHY1YlRiWmRQaWZDdE11d2R5bWdLM2Y1NGRNUlp3WHhKWHhCN1JpVVJOZG1FVGw3b1hXMV9xZjdDY21FMF9uTmQ?oc=5\" target=\"_blank\" rel=\"nofollow noopener\">NATO gatavojas izvietot karasp\u0113ku Grenland\u0113, lai nomierin\u0101tu Trampu<\/a>&nbsp;&nbsp;NRA<\/li>\n<\/ol>\n","protected":false},"excerpt":{"rendered":"Grenlandes vald\u012bba sola att\u012bst\u012bt salas aizsardz\u012bbu NATO ietvaros un noraida Trampa ieceres&nbsp;&nbsp;TVNET Tramps: Ja m\u0113s neie\u0146emsim Grenlandi, to&hellip;\n","protected":false},"author":2,"featured_media":102327,"comment_status":"","ping_status":"","sticky":false,"template":"","format":"standard","meta":{"footnotes":""},"categories":[14],"tags":[23,57,292,28,29,1418,542,32,33,20878,22,30,31,35,39,38,36,37,34,40,71,20,26,27,24,25,54,55,56,21,58],"class_list":{"0":"post-102326","1":"post","2":"type-post","3":"status-publish","4":"format-standard","5":"has-post-thumbnail","7":"category-zinas-no-arvalstim","8":"tag-aktualitates","9":"tag-arvalstim","10":"tag-asv","11":"tag-breaking-news","12":"tag-breakingnews","13":"tag-danija","14":"tag-donalds-tramps","15":"tag-featured-news","16":"tag-featurednews","17":"tag-grenlande","18":"tag-headlines","19":"tag-latest-news","20":"tag-latestnews","21":"tag-latvia","22":"tag-latvian","23":"tag-latviesu","24":"tag-latviesu-valoda","25":"tag-latviesuvaloda","26":"tag-latvija","27":"tag-lv","28":"tag-nato","29":"tag-news","30":"tag-popularakas-zinas","31":"tag-popularakaszinas","32":"tag-top-stories","33":"tag-topstories","34":"tag-world","35":"tag-world-news","36":"tag-worldnews","37":"tag-zinas","38":"tag-zinas-no-arvalstim"},"share_on_mastodon":{"url":"https:\/\/pubeurope.com\/@lv\/115883110720111524","error":""},"_links":{"self":[{"href":"https:\/\/www.europesays.com\/lv\/wp-json\/wp\/v2\/posts\/102326","targetHints":{"allow":["GET"]}}],"collection":[{"href":"https:\/\/www.europesays.com\/lv\/wp-json\/wp\/v2\/posts"}],"about":[{"href":"https:\/\/www.europesays.com\/lv\/wp-json\/wp\/v2\/types\/post"}],"author":[{"embeddable":true,"href":"https:\/\/www.europesays.com\/lv\/wp-json\/wp\/v2\/users\/2"}],"replies":[{"embeddable":true,"href":"https:\/\/www.europesays.com\/lv\/wp-json\/wp\/v2\/comments?post=102326"}],"version-history":[{"count":0,"href":"https:\/\/www.europesays.com\/lv\/wp-json\/wp\/v2\/posts\/102326\/revisions"}],"wp:featuredmedia":[{"embeddable":true,"href":"https:\/\/www.europesays.com\/lv\/wp-json\/wp\/v2\/media\/102327"}],"wp:attachment":[{"href":"https:\/\/www.europesays.com\/lv\/wp-json\/wp\/v2\/media?parent=102326"}],"wp:term":[{"taxonomy":"category","embeddable":true,"href":"https:\/\/www.europesays.com\/lv\/wp-json\/wp\/v2\/categories?post=102326"},{"taxonomy":"post_tag","embeddable":true,"href":"https:\/\/www.europesays.com\/lv\/wp-json\/wp\/v2\/tags?post=102326"}],"curies":[{"name":"wp","href":"https:\/\/api.w.org\/{rel}","templated":true}]}}