{"id":102328,"date":"2026-01-12T16:41:06","date_gmt":"2026-01-12T16:41:06","guid":{"rendered":"https:\/\/www.europesays.com\/lv\/102328\/"},"modified":"2026-01-12T16:41:06","modified_gmt":"2026-01-12T16:41:06","slug":"atvadisanas-no-legendaras-basketbolistes-uljanas-semjonovas-notiks-ceturtdien","status":"publish","type":"post","link":"https:\/\/www.europesays.com\/lv\/102328\/","title":{"rendered":"Atvad\u012b\u0161an\u0101s no le\u0123end\u0101r\u0101s basketbolistes U\u013cjanas Semjonovas notiks ceturtdien"},"content":{"rendered":"<p>Semjonova tiks apglab\u0101ta R\u012bgas 1. Me\u017ea kapos p\u0113c plkst. 14. <a href=\"https:\/\/tv3.lv\/sports\/basketbols\/aizsaule-devusies-legendara-basketboliste-uljana-semjonova\/?utm_source=copy_link&amp;utm_medium=social&amp;utm_campaign=share_buttons\" rel=\"nofollow noopener\" target=\"_blank\">Semjonova mira 8. janv\u0101r\u012b<\/a> 73 gadu vecum\u0101.<\/p>\n<blockquote class=\"twitter-tweet\" data-width=\"550\" data-dnt=\"true\">\n<p lang=\"lv\" dir=\"ltr\">U\u013cjana Semjonova (09.03.1952. \u2013 08.01.2026.)\u00a0<\/p>\n<p>Publisk\u0101 atvad\u012b\u0161an\u0101s notiks 15. janv\u0101r\u012b no plkst. 12:00 \u2013 13:30 R\u012bgas Latvie\u0161u biedr\u012bbas nama Lielaj\u0101 z\u0101l\u0113.<\/p>\n<p>Le\u0123end\u0101r\u0101 basketboliste bija divk\u0101rt\u0113j\u0101 olimpisk\u0101, tr\u012bsk\u0101rt\u0113j\u0101 pasaules un desmitk\u0101rt\u0113j\u0101 Eiropas \u010dempione,\u2026 <a href=\"https:\/\/t.co\/KSk9c4HDMM\" rel=\"nofollow\">pic.twitter.com\/KSk9c4HDMM<\/a><\/p>\n<p>\u2014 Latvijas Basketbola savien\u012bba (@basketbols) <a href=\"https:\/\/twitter.com\/basketbols\/status\/2010693070438691161?ref_src=twsrc%5Etfw\" rel=\"nofollow noopener\" target=\"_blank\">January 12, 2026<\/a><\/p>\n<\/blockquote>\n<p>Semjonova no 1968. l\u012bdz 1987. gadam bija R\u012bgas TTT komandas un Latvijas izlases l\u012bdere \u2013 vienpadsmitk\u0101rt\u0113ja Eiropas \u010dempionu kausa un Lili\u0101nas Ronketi Eiropas kausa ieguv\u0113ja, \u010detrk\u0101rt\u0113ja Tautu spartaki\u0101des \u010dempione.<\/p>\n<p>Sp\u0113l\u0113jot Padomju Savien\u012bbas izlas\u0113, vi\u0146a bija divk\u0101rt\u0113ja olimpisk\u0101, tr\u012bsk\u0101rt\u0113ja pasaules un desmitk\u0101rt\u0113ja Eiropas \u010dempione.<\/p>\n<p>1993. gad\u0101 k\u0101 pirm\u0101 eiropiete uz\u0146emta Pasaules basketbola Slavas z\u0101l\u0113 Springf\u012bld\u0101, 1999. gad\u0101 \u2013 Sievie\u0161u basketbola Slavas z\u0101l\u0113, 2007. gad\u0101 \u2013 FIBA Slavas z\u0101l\u0113.<\/p>\n<p>P\u0113c sportistes karjeras beig\u0101m Semjonova izveidoja un ilgus gadus vad\u012bja Latvijas Olimpie\u0161u soci\u0101lo fondu, organiz\u0113jot da\u017e\u0101da veida pal\u012bdz\u012bbu sporta veter\u0101niem.<\/p>\n<p>Semjonova dzimusi 1952. gada 9. mart\u0101 un b\u0113rn\u012bbu pavad\u012bjusi vec\u0101ku m\u0101j\u0101s Daugavpils rajona Medumos.<\/p>\n<p class=\"tv3-fw-500\">Zi\u0146o par k\u013c\u016bdu rakst\u0101<\/p>\n<p class=\"d-md-block d-none\">Iez\u012bm\u0113 k\u013c\u016bdaino tekstu un spied Ctrl+Enter.<\/p>\n<p class=\"d-md-none d-block\">Iez\u012bm\u0113 k\u013c\u016bdaino tekstu un zi\u0146o par to!<\/p>\n<p>                <script async src=\"https:\/\/platform.twitter.com\/widgets.js\" charset=\"utf-8\"><\/script><\/p>\n","protected":false},"excerpt":{"rendered":"Semjonova tiks apglab\u0101ta R\u012bgas 1. Me\u017ea kapos p\u0113c plkst. 14. Semjonova mira 8. janv\u0101r\u012b 73 gadu vecum\u0101. U\u013cjana&hellip;\n","protected":false},"author":2,"featured_media":102329,"comment_status":"","ping_status":"","sticky":false,"template":"","format":"standard","meta":{"footnotes":""},"categories":[17],"tags":[35,39,38,36,37,34,40,67,11634],"class_list":{"0":"post-102328","1":"post","2":"type-post","3":"status-publish","4":"format-standard","5":"has-post-thumbnail","7":"category-sports","8":"tag-latvia","9":"tag-latvian","10":"tag-latviesu","11":"tag-latviesu-valoda","12":"tag-latviesuvaloda","13":"tag-latvija","14":"tag-lv","15":"tag-sports","16":"tag-uljana-semjonova"},"share_on_mastodon":{"url":"https:\/\/pubeurope.com\/@lv\/115883126477131496","error":""},"_links":{"self":[{"href":"https:\/\/www.europesays.com\/lv\/wp-json\/wp\/v2\/posts\/102328","targetHints":{"allow":["GET"]}}],"collection":[{"href":"https:\/\/www.europesays.com\/lv\/wp-json\/wp\/v2\/posts"}],"about":[{"href":"https:\/\/www.europesays.com\/lv\/wp-json\/wp\/v2\/types\/post"}],"author":[{"embeddable":true,"href":"https:\/\/www.europesays.com\/lv\/wp-json\/wp\/v2\/users\/2"}],"replies":[{"embeddable":true,"href":"https:\/\/www.europesays.com\/lv\/wp-json\/wp\/v2\/comments?post=102328"}],"version-history":[{"count":0,"href":"https:\/\/www.europesays.com\/lv\/wp-json\/wp\/v2\/posts\/102328\/revisions"}],"wp:featuredmedia":[{"embeddable":true,"href":"https:\/\/www.europesays.com\/lv\/wp-json\/wp\/v2\/media\/102329"}],"wp:attachment":[{"href":"https:\/\/www.europesays.com\/lv\/wp-json\/wp\/v2\/media?parent=102328"}],"wp:term":[{"taxonomy":"category","embeddable":true,"href":"https:\/\/www.europesays.com\/lv\/wp-json\/wp\/v2\/categories?post=102328"},{"taxonomy":"post_tag","embeddable":true,"href":"https:\/\/www.europesays.com\/lv\/wp-json\/wp\/v2\/tags?post=102328"}],"curies":[{"name":"wp","href":"https:\/\/api.w.org\/{rel}","templated":true}]}}