{"id":102344,"date":"2026-01-12T17:17:07","date_gmt":"2026-01-12T17:17:07","guid":{"rendered":"https:\/\/www.europesays.com\/lv\/102344\/"},"modified":"2026-01-12T17:17:07","modified_gmt":"2026-01-12T17:17:07","slug":"latviju-sogad-olimpiskajas-speles-parstaves-vismaz-10-slepotaji-tvnet-sports","status":"publish","type":"post","link":"https:\/\/www.europesays.com\/lv\/102344\/","title":{"rendered":"Latviju \u0161ogad olimpiskaj\u0101s sp\u0113l\u0113s p\u0101rst\u0101v\u0113s vismaz 10 sl\u0113pot\u0101ji &#8211; TVNET Sports"},"content":{"rendered":"<ol>\n<li><a href=\"https:\/\/news.google.com\/rss\/articles\/CBMimwFBVV95cUxQOW52M1JDSUI0blpSUVQwTDBCd3MxSWZwUlNaTEZMQ0VORzNmSlk0MXlnbFNlc1JIemZIUFg3ZlhUc2JnaFdYRXFMc3Ixc0RFZGxmRVp3ekczdU5IOXktaFdfZy1CYVhSQlpxUjlSRzhpYURUc3dacXowSGNsT3pBdldUYXJFLTRydmpJcUpvMHFsMnVHTGhKVlhYVQ?oc=5\" target=\"_blank\" rel=\"nofollow noopener\">Latviju \u0161ogad olimpiskaj\u0101s sp\u0113l\u0113s p\u0101rst\u0101v\u0113s vismaz 10 sl\u0113pot\u0101ji<\/a>&nbsp;&nbsp;TVNET Sports<\/li>\n<li><a href=\"https:\/\/news.google.com\/rss\/articles\/CBMivgFBVV95cUxOVnFqMXEwTjJ1dkxyb25PZk1UQTEwWTB6Q09mZmpQYVhYcllwaHd5RDZiMVdVUnNmWU83NklnRUIyQjN5Q3ZBVTRNWHdkbk1ZYml2QmQ0ZVNiUXRBQThGMzZudGlrWFI3SlIwVTQwUHo4d09fX241ZFkzbl9iWk1COHl1NVFRbnpXOEppbmZBN1I1SHhKWmpXV1BBeWRzWmFqaXVaLTVEMUVZTVViSVlQYUVVT09FczdjN1pCUWJ3?oc=5\" target=\"_blank\" rel=\"nofollow noopener\">\u0122\u0113rmane sasniedz karjeras rekordu slalom\u0101 Kranska Gor\u0101, \u0160ifrina piek\u0101pjas Rastai<\/a>&nbsp;&nbsp;Lente.lv<\/li>\n<li><a href=\"https:\/\/news.google.com\/rss\/articles\/CBMi5AFBVV95cUxNWFdvcmZmTERPQXZIMHlpblZxY0V5UW1pSTVHTUxRWTVlYjlreENlSVdLU2xzNTEyS2RCb0RRdXYzeXp3Q1V4ODVvRzNXd3dlcHlZNEIxV2Z6bWxjd1hLZF9sWXp2aEVPZTRTWHdDdUdOcENEMjE3N1hVVVJXbFplbzRpUXRXVUswTWFsOFRJUlNGTzdMcTJ2V1BiRE1TdlhKZDRXZTgtSjROaVNQYlhlakFQUUhXWlVqcGxDRGdDcDhyS2V5N2dyalMwYTRfS0xreW1BSk5BTGJFdEhMRERxTWkzYlU?oc=5\" target=\"_blank\" rel=\"nofollow noopener\">Kalnu sl\u0113pot\u0101ja \u0122\u0113rmane Pasaules kausa sacens\u012bb\u0101s slalom\u0101 kvalific\u0113jas otrajam braucienam<\/a>&nbsp;&nbsp;Delfi<\/li>\n<li><a href=\"https:\/\/news.google.com\/rss\/articles\/CBMi5AFBVV95cUxPMVhfUTVaQUlwdWJPcDNoODZEczg5Yjd1RUVaZUY3NzZSVjVvdEliWGpkNk9tXzBIbUNBLXpwSDJGVWExZk9yQXdTdlJtTmhOeXZtYU5hWGpYQ2tNUlBTNWpGOWhqNmJWNm8xeGFob3JNd0o4Q1c1OXZCMGVORXItaFU2cjQxbnkyVkNjcEFVYjRFTDVvTTJMbkhlSXo1eUxfNjFkM3NxNVVvanpzSUtkMWh1SlIxenRsZHBmZm5waUlYTW14Z1VnemlMYkJGbU8xNUtSZnB3NVVrREN2N3VMWjVqYmQ?oc=5\" target=\"_blank\" rel=\"nofollow noopener\">\u0122\u0113rmane \u017eilbina ar rekordu Latvijai un 7. vietu Pasaules kausa posm\u0101 kalnu sl\u0113po\u0161an\u0101 \/ Raksts<\/a>&nbsp;&nbsp;LSM<\/li>\n<li><a href=\"https:\/\/news.google.com\/rss\/articles\/CBMi9AFBVV95cUxQLUwtb05XdGJuRnlsWjZ1aHUxMER5WjI1d0tzT2VmVmQzU3c5UDN6cEhXVFZITERKcF9MQVVJbHN0ZFhmdTMyc1NNLV9lbnFLOXUwMFYxZVJ3b21iX0t5b2pzTUJqMnN0WkhxVXpjQjdmUklYV3pDQkdVOUM1SmJiUlg3NUxvU19BOTdxa0hDdjd4TV9OcWUzdWVLbkFVS1dfam81MEJmeUFIUVlBLUhJUktSUkdJOWdhQjhScHNQUEVzdEhicHd2YW9HN09DeXhIbVZWR2wxV0p6cmhZZVljbUZ5QmdJYjRJdEV4aDNfRHo1Nlpy?oc=5\" target=\"_blank\" rel=\"nofollow noopener\">\u012apatn\u0113js fenomens. Kalnu sl\u0113po\u0161an\u0101 pirms olimpiskaj\u0101m sp\u0113l\u0113m cer\u012bbas uz talant\u012bgo \u0122\u0113rmani un jauno sportistu iedvesmo\u0161anu<\/a>&nbsp;&nbsp;Inbox.lv<\/li>\n<\/ol>\n","protected":false},"excerpt":{"rendered":"Latviju \u0161ogad olimpiskaj\u0101s sp\u0113l\u0113s p\u0101rst\u0101v\u0113s vismaz 10 sl\u0113pot\u0101ji&nbsp;&nbsp;TVNET Sports \u0122\u0113rmane sasniedz karjeras rekordu slalom\u0101 Kranska Gor\u0101, \u0160ifrina piek\u0101pjas&hellip;\n","protected":false},"author":2,"featured_media":102345,"comment_status":"","ping_status":"","sticky":false,"template":"","format":"standard","meta":{"footnotes":""},"categories":[17],"tags":[13689,24865,7613,23640,35,39,38,36,37,34,2108,24866,13692,1688,40,1500,8094,8095,67,527],"class_list":{"0":"post-102344","1":"post","2":"type-post","3":"status-publish","4":"format-standard","5":"has-post-thumbnail","7":"category-sports","8":"tag-dzenifera-germane","9":"tag-elvis-opmanis","10":"tag-kalnu-sleposana","11":"tag-kitija-auzina","12":"tag-latvia","13":"tag-latvian","14":"tag-latviesu","15":"tag-latviesu-valoda","16":"tag-latviesuvaloda","17":"tag-latvija","18":"tag-latvija-olimpiskajas-speles","19":"tag-lauris-opmanis","20":"tag-liene-bondare","21":"tag-linda-kaparkaleja","22":"tag-lv","23":"tag-olimpiskas-speles","24":"tag-patricija-eiduka","25":"tag-sleposana","26":"tag-sports","27":"tag-ziemas-olimpiskas-speles"},"share_on_mastodon":{"url":"https:\/\/pubeurope.com\/@lv\/115883267975565119","error":""},"_links":{"self":[{"href":"https:\/\/www.europesays.com\/lv\/wp-json\/wp\/v2\/posts\/102344","targetHints":{"allow":["GET"]}}],"collection":[{"href":"https:\/\/www.europesays.com\/lv\/wp-json\/wp\/v2\/posts"}],"about":[{"href":"https:\/\/www.europesays.com\/lv\/wp-json\/wp\/v2\/types\/post"}],"author":[{"embeddable":true,"href":"https:\/\/www.europesays.com\/lv\/wp-json\/wp\/v2\/users\/2"}],"replies":[{"embeddable":true,"href":"https:\/\/www.europesays.com\/lv\/wp-json\/wp\/v2\/comments?post=102344"}],"version-history":[{"count":0,"href":"https:\/\/www.europesays.com\/lv\/wp-json\/wp\/v2\/posts\/102344\/revisions"}],"wp:featuredmedia":[{"embeddable":true,"href":"https:\/\/www.europesays.com\/lv\/wp-json\/wp\/v2\/media\/102345"}],"wp:attachment":[{"href":"https:\/\/www.europesays.com\/lv\/wp-json\/wp\/v2\/media?parent=102344"}],"wp:term":[{"taxonomy":"category","embeddable":true,"href":"https:\/\/www.europesays.com\/lv\/wp-json\/wp\/v2\/categories?post=102344"},{"taxonomy":"post_tag","embeddable":true,"href":"https:\/\/www.europesays.com\/lv\/wp-json\/wp\/v2\/tags?post=102344"}],"curies":[{"name":"wp","href":"https:\/\/api.w.org\/{rel}","templated":true}]}}