{"id":102364,"date":"2026-01-12T17:46:06","date_gmt":"2026-01-12T17:46:06","guid":{"rendered":"https:\/\/www.europesays.com\/lv\/102364\/"},"modified":"2026-01-12T17:46:06","modified_gmt":"2026-01-12T17:46:06","slug":"netflix-piedava-ieskatu-stranger-things-nosleguma-ar-jaunu-dokumentalo-filmu-ukrainu-valoda-lente-lv","status":"publish","type":"post","link":"https:\/\/www.europesays.com\/lv\/102364\/","title":{"rendered":"Netflix pied\u0101v\u0101 ieskatu \u201cStranger Things\u201d nosl\u0113gum\u0101 ar jaunu dokument\u0101lo filmu ukrai\u0146u valod\u0101\u00a0\u2014\u00a0Lente.lv"},"content":{"rendered":"<p>Jauns ieskats fin\u0101la tap\u0161an\u0101<\/p>\n<p>Kop\u0161 \u0161odienas, 12. janv\u0101ra, straum\u0113\u0161anas platform\u0101 Netflix ir pieejama dokument\u0101l\u0101 filma \u201cStranger Things: The Final Adventure\u201d, kas sniedz aizkuli\u0161u ieskatu piekt\u0101 un nosl\u0113dzo\u0161\u0101 seri\u0101la \u201cStranger Things\u201d (\u201c\u013boti d\u012bvain\u0101s lietas\u201d) sezonas tap\u0161an\u0101. Filmas ilgums ir 2 stundas un 2 min\u016btes, un t\u0101 ir skat\u0101ma ar\u012b ukrai\u0146u valod\u0101 ar dubl\u0101\u017eu.<\/p>\n<p>Lai gan seri\u0101la fani, iesp\u0113jams, nav sa\u0146\u0113mu\u0161i \u201cslepenu\u201d dev\u012bto s\u0113riju, \u0161\u012b jaun\u0101 dokument\u0101l\u0101 filma var\u0113tu nedaudz paildzin\u0101t vi\u0146u atvad\u012b\u0161anos no m\u012b\u013cotajiem t\u0113liem un Ho\u0137insas pils\u0113tas. Filma sola par\u0101d\u012bt no iek\u0161puses visu nosl\u0113guma sezonas veido\u0161anas procesu. Seri\u0101ls \u201cStranger Things\u201d desmit gadu garum\u0101 ir bijis viens no popul\u0101r\u0101kajiem Netflix pied\u0101v\u0101jumiem.<\/p>\n<p>Aizkuli\u0161u hronika un emocion\u0101l\u0101s atvadas<\/p>\n<p>\u201c\u013boti d\u012bvain\u0101s lietas\u201d atgrie\u017eas ar savu p\u0113d\u0113jo noda\u013cu. \u201cThe Final Adventure\u201d ir aizraujo\u0161a aizkuli\u0161u hronika, kas atkl\u0101j aktieru, rad\u012bt\u0101ju un film\u0113\u0161anas grupas darbu, kuri atdz\u012bvina p\u0113d\u0113jo sezonu un atvad\u0101s no seri\u0101la, kas vi\u0146u dz\u012bves main\u012bjis uz visiem laikiem. Starp citu, filma r\u0101d\u012bs ar\u012b fin\u0101la apsprie\u017eu procesu, ko da\u017ei uzskata par pretrun\u012bgu, \u012bpa\u0161i attiec\u012bb\u0101 uz Odas (Millija Bobija Brauna) likteni.<\/p>\n<p>Filmas re\u017eisore ir Martina Radvana, kura gadu pavad\u012bja kop\u0101 ar komandu, lai dokument\u0113tu notikumus.<\/p>\n<p>\u201cStranger Things\u201d \u2013 seri\u0101la b\u016bt\u012bba un fin\u0101la izaicin\u0101jumi<\/p>\n<p>Jau iepriek\u0161 Netflix pazi\u0146oja par jaunu zin\u0101tnisk\u0101s fantastikas seri\u0101lu no br\u0101\u013ciem Dafieniem, kuru pa\u0161i d\u0113v\u0113 par \u201cStranger Things pension\u0101riem\u201d. \u201cStranger Things\u201d ir Netflix zin\u0101tnisk\u0101s fantastikas seri\u0101ls, kas s\u0101k\u0101s ar st\u0101stu par nosl\u0113pumainu z\u0113na pazu\u0161anu izdom\u0101t\u0101 Ho\u0137insas pils\u0113t\u0101 Indianas \u0161tat\u0101. Vi\u0146a m\u0101te, draugi un viet\u0113jais policijas priek\u0161nieks s\u0101k mekl\u0113t pazudu\u0161o, vienlaikus atkl\u0101jot paral\u0113l\u0101 pasaules draudus un d\u012bvainus vald\u012bbas eksperimentus, kas rad\u012bja b\u0113rnus ar \u0101rk\u0101rtas sp\u0113j\u0101m.<\/p>\n<p>Piekt\u0101s sezonas darb\u012bba norisin\u0101s 1987. gad\u0101, kur Ho\u0137insas b\u0113rni un pieaugu\u0161ie cen\u0161as uz visiem laikiem izn\u012bcin\u0101t galveno \u013caundari V\u012bknesu (Vecna), kam\u0113r pils\u0113ta ir karant\u012bn\u0101. Fin\u0101la s\u0113rijas ar\u012b atkl\u0101j nosl\u0113pumu, kas saist\u012bts ar alternat\u012bvo pasau\u013cu par\u0101d\u012b\u0161anos.<\/p>\n<p>Lai gan Dafini sol\u012bja, ka sav\u0101 \u201cide\u0101laj\u0101\u201d fin\u0101l\u0101 neatk\u0101rtos \u201cGame of Thrones\u201d k\u013c\u016bdas un skat\u012bt\u0101ju neapmierin\u0101t\u012bbas iesp\u0113jam\u012bba b\u016bs 0,5%, piekt\u0101 sezona sa\u0146\u0113ma visai pretrun\u012bgas atsauksmes. Interesanti, ka t\u0101 iek\u013c\u0101va gan lab\u0101ko, gan slikt\u0101ko epizodi p\u0113c reitinga seri\u0101la v\u0113stur\u0113.<\/p>\n","protected":false},"excerpt":{"rendered":"Jauns ieskats fin\u0101la tap\u0161an\u0101 Kop\u0161 \u0161odienas, 12. janv\u0101ra, straum\u0113\u0161anas platform\u0101 Netflix ir pieejama dokument\u0101l\u0101 filma \u201cStranger Things: The&hellip;\n","protected":false},"author":2,"featured_media":102365,"comment_status":"","ping_status":"","sticky":false,"template":"","format":"standard","meta":{"footnotes":""},"categories":[19],"tags":[2456,89,10439,90,35,39,38,36,37,34,40,601,5426,24873],"class_list":{"0":"post-102364","1":"post","2":"type-post","3":"status-publish","4":"format-standard","5":"has-post-thumbnail","7":"category-izklaide","8":"tag-dokumentala-filma","9":"tag-entertainment","10":"tag-finala-sezona","11":"tag-izklaide","12":"tag-latvia","13":"tag-latvian","14":"tag-latviesu","15":"tag-latviesu-valoda","16":"tag-latviesuvaloda","17":"tag-latvija","18":"tag-lv","19":"tag-netflix","20":"tag-stranger-things","21":"tag-ukrainu-dublaza"},"share_on_mastodon":{"url":"https:\/\/pubeurope.com\/@lv\/115883382043427039","error":""},"_links":{"self":[{"href":"https:\/\/www.europesays.com\/lv\/wp-json\/wp\/v2\/posts\/102364","targetHints":{"allow":["GET"]}}],"collection":[{"href":"https:\/\/www.europesays.com\/lv\/wp-json\/wp\/v2\/posts"}],"about":[{"href":"https:\/\/www.europesays.com\/lv\/wp-json\/wp\/v2\/types\/post"}],"author":[{"embeddable":true,"href":"https:\/\/www.europesays.com\/lv\/wp-json\/wp\/v2\/users\/2"}],"replies":[{"embeddable":true,"href":"https:\/\/www.europesays.com\/lv\/wp-json\/wp\/v2\/comments?post=102364"}],"version-history":[{"count":0,"href":"https:\/\/www.europesays.com\/lv\/wp-json\/wp\/v2\/posts\/102364\/revisions"}],"wp:featuredmedia":[{"embeddable":true,"href":"https:\/\/www.europesays.com\/lv\/wp-json\/wp\/v2\/media\/102365"}],"wp:attachment":[{"href":"https:\/\/www.europesays.com\/lv\/wp-json\/wp\/v2\/media?parent=102364"}],"wp:term":[{"taxonomy":"category","embeddable":true,"href":"https:\/\/www.europesays.com\/lv\/wp-json\/wp\/v2\/categories?post=102364"},{"taxonomy":"post_tag","embeddable":true,"href":"https:\/\/www.europesays.com\/lv\/wp-json\/wp\/v2\/tags?post=102364"}],"curies":[{"name":"wp","href":"https:\/\/api.w.org\/{rel}","templated":true}]}}