{"id":102368,"date":"2026-01-12T17:52:22","date_gmt":"2026-01-12T17:52:22","guid":{"rendered":"https:\/\/www.europesays.com\/lv\/102368\/"},"modified":"2026-01-12T17:52:22","modified_gmt":"2026-01-12T17:52:22","slug":"muziba-aizgajusi-rakstniece-nora-ikstena-lente-lv-2","status":"publish","type":"post","link":"https:\/\/www.europesays.com\/lv\/102368\/","title":{"rendered":"M\u016b\u017e\u012bb\u0101 aizg\u0101jusi rakstniece Nora Ikstena\u00a0\u2014\u00a0Lente.lv"},"content":{"rendered":"<p>Atsaucoties uz dz\u012bves un esam\u012bbas mekl\u0113jumiem, Noras Ikstenas dai\u013crade iekarojusi ne vien Latvijas, bet ar\u012b starptautisko las\u012bt\u0101ju sirdis.<\/p>\n<p>Rakstniece Nora Ikstena, viena no spilgt\u0101kaj\u0101m un ietekm\u012bg\u0101kaj\u0101m Latvijas prozas autor\u0113m, mirusi 4. janv\u0101r\u012b 56 gadu vecum\u0101 p\u0113c smagas slim\u012bbas. K\u0101 zi\u0146o av\u012bze Diena, vi\u0146as talants un dzi\u013cie ieskati literat\u016bras pasaul\u0113 atst\u0101ju\u0161i neizdz\u0113\u0161amu mantojumu latvie\u0161u un pasaules literat\u016br\u0101.<\/p>\n<p>Nora Ikstena (dzimusi Rubene) dzimusi 1969. gada 15. oktobr\u012b R\u012bg\u0101. P\u0113c Latvijas Universit\u0101tes Filolo\u0123ijas fakult\u0101tes absolv\u0113\u0161anas 1992. gad\u0101 vi\u0146a turpin\u0101ja studijas ang\u013cu literat\u016br\u0101 Kolumbijas Universit\u0101t\u0113 ASV. Sav\u0101 dai\u013crad\u0113 Ikstena bie\u017ei piev\u0113rs\u0101s dz\u012bves, m\u012blest\u012bbas, n\u0101ves un tic\u012bbas t\u0113m\u0101m, mekl\u0113jot v\u0101rdus, kas sp\u0113tu aptvert cilv\u0113ka esam\u012bbas dzi\u013cumus.<\/p>\n<p>Liter\u0101r\u0101 karjera un noz\u012bm\u012bg\u0101kie darbi<\/p>\n<p>Ikstenas liter\u0101r\u0101 karjera aizs\u0101k\u0101s 1998. gad\u0101 ar debijas rom\u0101nu \u201cDz\u012bves svin\u0113\u0161ana\u201d. Kop\u0161 t\u0101 laika vi\u0146a sarakst\u012bjusi vair\u0101k nek\u0101 divdesmit gr\u0101matas, tostarp rom\u0101nus, st\u0101stu kr\u0101jumus, biogr\u0101fijas un esejas. Vi\u0146as jaun\u0101kais rom\u0101ns \u201cM\u0101tes piens\u201d (2015), kas public\u0113ts s\u0113rij\u0101 \u201cM\u0113s. Latvija, 20. gadsimts\u201d, ieguvis pla\u0161u starptautisku atzin\u012bbu un tulkots vair\u0101k nek\u0101 25 valod\u0101s. \u0160is darbs, kas att\u0113lo tr\u012bs sievie\u0161u paaud\u017eu likte\u0146us padomju okup\u0101cijas laik\u0101, ir k\u013cuvis par modernu klasiku, kas dzi\u013ci aizkustin\u0101jis las\u012bt\u0101jus vis\u0101 pasaul\u0113.<\/p>\n<p>Citi noz\u012bm\u012bgi rom\u0101ni, kas guvu\u0161i atzin\u012bbu, ir \u201cBesa\u201d (2012), \u201cAmour Fou jeb Aplam\u0101 m\u012bla 69 pantos\u201d (2009), \u201cV\u012brs zilaj\u0101 lietusm\u0113tel\u012bt\u012b\u201d (2011), \u201cDz\u012bves st\u0101sti\u201d (2004), kas tika public\u0113ts ar\u012b ang\u013cu un hindi valod\u0101, k\u0101 ar\u012b \u201cJaunavas m\u0101c\u012bba\u201d (2001). Ikstenas dai\u013crade izce\u013cas ar izsmalcin\u0101tu stilu un detaliz\u0113tu pieeju valodai, radot bag\u0101t\u012bgu un emocion\u0101li pies\u0101tin\u0101tu las\u012b\u0161anas pieredzi.<\/p>\n<p>Apbalvojumi un starptautisk\u0101 atpaz\u012bstam\u012bba<\/p>\n<p>Nora Ikstena ir sa\u0146\u0113musi daudzus noz\u012bm\u012bgus nacion\u0101lus un starptautiskus apbalvojumus. 2006. gad\u0101 vi\u0146ai pie\u0161\u0137irta Baltijas Asamblejas balva literat\u016br\u0101, bet 2008. gad\u0101 \u2013 Triju Zvaig\u017e\u0146u ordenis par nopelniem literat\u016br\u0101. 2018. gad\u0101 vi\u0146a sa\u0146\u0113musi Nacion\u0101lo kult\u016bras sasniegumu balvu k\u0101 21. gadsimta starptautiski visvair\u0101k atz\u012bt\u0101 latvie\u0161u rakstniece. Vi\u0146as darbi tiku\u0161i adapt\u0113ti kino un te\u0101trim, apliecinot to univers\u0101lo v\u0113rt\u012bbu un emocion\u0101lo sp\u0113ku.<\/p>\n<p>Rakstniece ne tikai veidoja savu liter\u0101ro mantojumu, bet ar\u012b akt\u012bvi piedal\u012bj\u0101s Latvijas kult\u016bras un politiskaj\u0101 dz\u012bv\u0113, bija viena no Starptautisk\u0101s Rakstnieku un tulkot\u0101ju m\u0101jas Ventspil\u012b dibin\u0101t\u0101j\u0101m. Vi\u0146a p\u0101rst\u0101v\u0113jusi Latviju noz\u012bm\u012bgos starptautiskos pas\u0101kumos, piem\u0113ram, Londonas gr\u0101matu gadatirg\u016b 2018. gad\u0101 un Kongresa bibliot\u0113kas Nacion\u0101laj\u0101 gr\u0101matu festiv\u0101l\u0101 Va\u0161ington\u0101 2016. gad\u0101.<\/p>\n<p>Mantojums un piemi\u0146a<\/p>\n<p>Nora Ikstena ir atst\u0101jusi dzi\u013cu un daudzveid\u012bgu mantojumu, kas turpin\u0101s iedvesmot un rosin\u0101t p\u0101rdomas. Vi\u0146as sp\u0113ja apvienot person\u012bgo pieredzi ar v\u0113sturisko kontekstu, radot darbus, kas ir gan int\u012bmi, gan pla\u0161i, padara vi\u0146u par vienu no noz\u012bm\u012bg\u0101kaj\u0101m m\u016bsdienu latvie\u0161u rakstniec\u0113m. Vi\u0146as aizie\u0161ana ir liels zaud\u0113jums Latvijas kult\u016brai, ta\u010du vi\u0146as v\u0101rds un darbi dz\u012bvos.<\/p>\n","protected":false},"excerpt":{"rendered":"Atsaucoties uz dz\u012bves un esam\u012bbas mekl\u0113jumiem, Noras Ikstenas dai\u013crade iekarojusi ne vien Latvijas, bet ar\u012b starptautisko las\u012bt\u0101ju sirdis.&hellip;\n","protected":false},"author":2,"featured_media":102113,"comment_status":"","ping_status":"","sticky":false,"template":"","format":"standard","meta":{"footnotes":""},"categories":[19],"tags":[89,90,35,39,38,3634,36,37,34,160,40,24013,23512,15315],"class_list":{"0":"post-102368","1":"post","2":"type-post","3":"status-publish","4":"format-standard","5":"has-post-thumbnail","7":"category-izklaide","8":"tag-entertainment","9":"tag-izklaide","10":"tag-latvia","11":"tag-latvian","12":"tag-latviesu","13":"tag-latviesu-literatura","14":"tag-latviesu-valoda","15":"tag-latviesuvaloda","16":"tag-latvija","17":"tag-latvijas-kultura","18":"tag-lv","19":"tag-mates-piens","20":"tag-nora-ikstena","21":"tag-rakstniece"},"share_on_mastodon":{"url":"https:\/\/pubeurope.com\/@lv\/115883405667598878","error":""},"_links":{"self":[{"href":"https:\/\/www.europesays.com\/lv\/wp-json\/wp\/v2\/posts\/102368","targetHints":{"allow":["GET"]}}],"collection":[{"href":"https:\/\/www.europesays.com\/lv\/wp-json\/wp\/v2\/posts"}],"about":[{"href":"https:\/\/www.europesays.com\/lv\/wp-json\/wp\/v2\/types\/post"}],"author":[{"embeddable":true,"href":"https:\/\/www.europesays.com\/lv\/wp-json\/wp\/v2\/users\/2"}],"replies":[{"embeddable":true,"href":"https:\/\/www.europesays.com\/lv\/wp-json\/wp\/v2\/comments?post=102368"}],"version-history":[{"count":0,"href":"https:\/\/www.europesays.com\/lv\/wp-json\/wp\/v2\/posts\/102368\/revisions"}],"wp:featuredmedia":[{"embeddable":true,"href":"https:\/\/www.europesays.com\/lv\/wp-json\/wp\/v2\/media\/102113"}],"wp:attachment":[{"href":"https:\/\/www.europesays.com\/lv\/wp-json\/wp\/v2\/media?parent=102368"}],"wp:term":[{"taxonomy":"category","embeddable":true,"href":"https:\/\/www.europesays.com\/lv\/wp-json\/wp\/v2\/categories?post=102368"},{"taxonomy":"post_tag","embeddable":true,"href":"https:\/\/www.europesays.com\/lv\/wp-json\/wp\/v2\/tags?post=102368"}],"curies":[{"name":"wp","href":"https:\/\/api.w.org\/{rel}","templated":true}]}}