{"id":102373,"date":"2026-01-12T18:03:28","date_gmt":"2026-01-12T18:03:28","guid":{"rendered":"https:\/\/www.europesays.com\/lv\/102373\/"},"modified":"2026-01-12T18:03:28","modified_gmt":"2026-01-12T18:03:28","slug":"kopigi-foto-atminas-un-laba-velejumi-socialos-medijus-piepilda-sveicieni-raimondam-paulam","status":"publish","type":"post","link":"https:\/\/www.europesays.com\/lv\/102373\/","title":{"rendered":"Kop\u012bgi foto, atmi\u0146as un laba v\u0113l\u0113jumi. Soci\u0101los medijus piepilda sveicieni Raimondam Paulam"},"content":{"rendered":"<p>Izcil\u012bba, talants, melodijas, kas vieno paaudzes, un person\u012bba ar nep\u0101rsp\u0113jamu devu humora izj\u016btas \u2013 t\u0101 Raimondu Paulu raksturo \u0123imene, draugi, kol\u0113\u0123i un citi Maestro talanta cien\u012bt\u0101ji. 12. janv\u0101r\u012b, atz\u012bm\u0113jot Raimonda Paula 90. dzim\u0161anas dienu, soci\u0101los medijus p\u0101rpludina apsveikumu j\u016bra Maestro apa\u013cajos sv\u0113tkos.<\/p>\n<p>Viena no sveic\u0113jiem ir Maestro mazmeita Annamarija Paula. &#8220;Tu esi nep\u0101rsp\u0113jams \u2013 izcil\u012bbas, talanta un patiesas gudr\u012bbas iemiesojums. T\u0101ds ka Tu nekad nebija un nekad ar\u012b neb\u016bs,&#8221; raksta Paula. &#8220;Tava kl\u0101tb\u016btne, padomi un klusais sp\u0113ks ir veidoju\u0161i m\u016bsu \u0123imeni un m\u016bs pa\u0161us. M\u0113s esam bezgala pateic\u012bgi un lepni saukt Tevi par savu. Es Tevi m\u012blu.&#8221;<\/p>\n<p>Lasiet ar\u012b<\/p>\n<p><a href=\"https:\/\/www.delfi.lv\/kultura\/174\/music\/120102117\/apalu-90-gadu-jubileju-svin-izcilais-pianists-un-komponists-raimonds-pauls\" class=\"headline__image-link\" itemprop=\"url\" rel=\"nofollow noopener\" target=\"_blank\"><img decoding=\"async\" loading=\"lazy\" itemprop=\"image\" src=\"https:\/\/www.europesays.com\/lv\/wp-content\/uploads\/2026\/01\/d32512cc-59ca-4ae2-b2d4-fcecfe04fba7.jpg\" alt=\"Apa\u013cu 90 gadu jubileju svin izcilais pianists un komponists Raimonds Pauls\" title=\"Apa\u013cu 90 gadu jubileju svin izcilais pianists un komponists Raimonds Pauls\" class=\"headline__image img-fluid w-100\"\/><\/a><\/p>\n<p>&#8220;<a rel=\"noopener nofollow\" target=\"_blank\" href=\"https:\/\/www.delfi.lv\/temas\/40409925\/raimonds-pauls\" tag-id=\"40409925\">Raimonds Pauls<\/a> Latvijai ir vair\u0101k nek\u0101 komponists,&#8221; sveic\u0113jiem pievienojas Valsts prezidents Edagrs Rink\u0113vi\u010ds. <\/p>\n<p>&#8220;Raimonds Pauls ir br\u012bnums. Jo vi\u0146am izdodas. Maestro ir apbr\u012bnojama sp\u0113ja neparast\u0101 veid\u0101 aizsniegt un sasniegt katru klaus\u012bt\u0101ju. Un vienm\u0113r p\u0101rsteigt m\u016bs. Maestro padara Latviju par Latviju, jo vi\u0146a m\u016bzika m\u0101c\u012bjusi visai Latvijai just. Priec\u0101ties, lepoties, dusmoties, just aizkustin\u0101jumu un patiesi skumt.<\/p>\n<p>Raimonds Pauls ir rad\u012bjis ne tikai m\u016bsu dz\u012bvju ska\u0146u celi\u0146u. \u0160\u0137iet, Raimonda Paula m\u016bzika vienm\u0113r ir bijusi un vienm\u0113r b\u016bs. K\u0101 saull\u0113kts austrumos un saulriets rietumos.<\/p>\n<p>Raimonds Pauls m\u016b\u017eam ir v\u012brietis lab\u0101kajos gados. Un \u0161odien nejau\u0161i un negaid\u012bti tie ir devi\u0146desmit gadu. Tik \u013coti grib\u0113tu v\u0113l\u0113t sev un mums visiem da\u017eneda\u017e\u0101das Raimonda Paula \u012bpa\u0161\u012bbas \u2013 apbr\u012bnojamas darbasp\u0113jas un jaunrades prieku, k\u0101 ar\u012b prasmi pasmieties, bet neapsmiet. Bet \u0161\u012b ir Maestro dzim\u0161anas diena, t\u0101p\u0113c v\u0113l\u0113jumi pien\u0101kas vi\u0146am. Es nov\u0113lu, lai vesel\u012bba un dz\u012bvesprieks viens otram netrauc\u0113! Lai laba v\u0113l\u0113jumi dr\u012bz\u0101k iepriecina nek\u0101 nogurdina! Un lai izdodas vienk\u0101r\u0161i dar\u012bt to, ko visvair\u0101k gribas. V\u012brie\u0161i lab\u0101kajos gados to var at\u013cauties!<\/p>\n<p>Daudz laimes, Maestro!&#8221; <\/p>\n<blockquote class=\"instagram-media\" data-instgrm-captioned=\"\" data-instgrm-permalink=\"https:\/\/www.instagram.com\/p\/DTZSE0dApii\/?utm_source=ig_embed&amp;utm_campaign=loading\" data-instgrm-version=\"14\" style=\" background:#FFF; border:0; border-radius:3px; box-shadow:0 0 1px 0 rgba(0,0,0,0.5),0 1px 10px 0 rgba(0,0,0,0.15); margin: 1px; max-width:540px; min-width:326px; padding:0; width:99.375%; width:-webkit-calc(100% - 2px); width:calc(100% - 2px);\"\/>\n<p>&#8220;Daudz laimes, Maestro!&#8221; nov\u0113l m\u016bzi\u0137is <a rel=\"noopener nofollow\" target=\"_blank\" href=\"https:\/\/www.delfi.lv\/temas\/40362659\/intars-busulis\" tag-id=\"40362659\">Intars Busulis<\/a>.<\/p>\n<blockquote class=\"instagram-media\" data-instgrm-captioned=\"\" data-instgrm-permalink=\"https:\/\/www.instagram.com\/reel\/DTZxbMfCKPX\/?utm_source=ig_embed&amp;utm_campaign=loading\" data-instgrm-version=\"14\" style=\" background:#FFF; border:0; border-radius:3px; box-shadow:0 0 1px 0 rgba(0,0,0,0.5),0 1px 10px 0 rgba(0,0,0,0.15); margin: 1px; max-width:540px; min-width:326px; padding:0; width:99.375%; width:-webkit-calc(100% - 2px); width:calc(100% - 2px);\"\/>\n<p>&#8220;K\u0101 gan m\u0113s varam v\u0101rdos izteikt visu m\u012blest\u012bbu, pateic\u012bbu un cie\u0146u, ko j\u016btam pret m\u016bsu d\u0101rgo Maestro?&#8221; raksta dzied\u0101t\u0101ja <a rel=\"noopener nofollow\" target=\"_blank\" href=\"https:\/\/www.delfi.lv\/temas\/40363169\/marija-naumova\" tag-id=\"40363169\">Marija Naumova<\/a>. <\/p>\n<p>&#8220;Par vis\u0101m vi\u0146a br\u012bni\u0161\u0137\u012bgaj\u0101m dziesm\u0101m, ar kur\u0101m m\u0113s dz\u012bvojam, augam, priec\u0101jamies, raudam un svinam dz\u012bvi&#8230; Par katru noti, ko vi\u0146\u0161 rada ar sav\u0101m \u0123eni\u0101laj\u0101m rok\u0101m. Par katru dzirksto\u0161o joku, katru gudro v\u0101rdu, katru padomu&#8230; M\u0113s ar jums esam laim\u012bgi cilv\u0113ki, mums ir paveicies dz\u012bvot blakus le\u0123endai, kurai viens no v\u0101rdiem ir m\u016bzika!<\/p>\n<p>D\u0101rgais, m\u012b\u013cais Maestro, sveiciens jubilej\u0101! Vesel\u012bbu, sp\u0113ku, daudz priec\u012bgu mirk\u013cu un vieglumu! Vieglumu piedz\u012bvot katru dienu, vieglumu ikdien\u0101, attiec\u012bb\u0101s, dom\u0101s. Paldies par visiem mirk\u013ciem, kas pavad\u012bti kop\u0101 ar Jums! Paldies par J\u016bsu uztic\u012bbu un par iesp\u0113ju, ko esat man devis, mainot manas dz\u012bves gaitu! Lai J\u016bs nepamet v\u0113lme rad\u012bt un iepriecin\u0101t m\u016bs, J\u016bsu uztic\u012bgos klaus\u012bt\u0101jus! M\u0113s J\u016bs \u013coti m\u012blam! <\/p>\n<p>Daudz laimes dzim\u0161anas dien\u0101! Ar sirdi un dom\u0101m \u0161odien ar jums! Ar sirsn\u012bg\u0101kajiem sveicieniem no oke\u0101na!&#8221;<\/p>\n<blockquote class=\"instagram-media\" data-instgrm-captioned=\"\" data-instgrm-permalink=\"https:\/\/www.instagram.com\/p\/DTZ60o7DT4m\/?utm_source=ig_embed&amp;utm_campaign=loading\" data-instgrm-version=\"14\" style=\" background:#FFF; border:0; border-radius:3px; box-shadow:0 0 1px 0 rgba(0,0,0,0.5),0 1px 10px 0 rgba(0,0,0,0.15); margin: 1px; max-width:540px; min-width:326px; padding:0; width:99.375%; width:-webkit-calc(100% - 2px); width:calc(100% - 2px);\"\/>\n<p>Lasiet ar\u012b<\/p>\n<p><a href=\"https:\/\/www.delfi.lv\/kultura\/174\/music\/120101705\/maestro-90-nesapratu-smieties-vai-raudat-marija-naumova-par-raimonda-paula-humoru\" class=\"headline__image-link\" itemprop=\"url\" rel=\"nofollow noopener\" target=\"_blank\"><img decoding=\"async\" loading=\"lazy\" itemprop=\"image\" src=\"https:\/\/www.europesays.com\/lv\/wp-content\/uploads\/2026\/01\/8b456add-e12f-4a7e-8216-e28cf15de84d.jpg\" alt=\"Maestro 90. &quot;Nesapratu \u2013 smieties vai raud\u0101t,&quot; \u2013 Marija Naumova par Raimonda Paula humoru\" title=\"Maestro 90. &quot;Nesapratu \u2013 smieties vai raud\u0101t,&quot; \u2013 Marija Naumova par Raimonda Paula humoru\" class=\"headline__image img-fluid w-100\"\/><\/a><\/p>\n<p>Par Maestro darbu un talantu raksta ar\u012b <a rel=\"noopener nofollow\" target=\"_blank\" href=\"https:\/\/www.delfi.lv\/temas\/40556349\/dailes-teatris\" tag-id=\"40556349\">Dailes te\u0101tris<\/a>, ar kuru Pauls sadarbojas kop\u0161 1966. gada. &#8220;Kop\u0161 t\u0101 laika Raimonda Paula te\u0101tra melodijas, ne vien bag\u0101tin\u0101ju\u0161as izr\u0101des, bet teju visas dz\u012bvo savu skaisto dz\u012bvi, Paula m\u016bzikas lielums izgaismojas liela talanta piesk\u0101rien\u0101. Dailes te\u0101tris var b\u016bt pateic\u012bgs un justies izredz\u0113ts, ka tie\u0161i Dailei tapusi liel\u0101k\u0101 da\u013ca Maestro te\u0101tra m\u016bzikas,&#8221; rakst\u012bts te\u0101tra public\u0113taj\u0101 apsveikum\u0101. <\/p>\n<p>&#8220;Daudzas Dailes te\u0101tra izr\u0101\u017eu dziesmas ir m\u016bsdien\u0101s folkloriz\u0113ju\u0161\u0101s un k\u013cuvu\u0161as par latvie\u0161u tautai \u012bpa\u0161i tuv\u0101m, piem\u0113ram, &#8220;Brauciet l\u0113n\u0101m p\u0101r tiltu&#8221;, &#8220;Zilais Karbunkulis&#8221;, &#8220;M\u012b\u013cie pui\u0161i, labie pui\u0161i&#8221;, m\u016bzikla &#8220;Me\u017ea gulbji&#8221; dziesmas un daudzas citas. Viss Dailes te\u0101tris sveic Maestro Raimondu Paulu 90. jubilej\u0101!&#8221;<\/p>\n<blockquote class=\"instagram-media\" data-instgrm-captioned=\"\" data-instgrm-permalink=\"https:\/\/www.instagram.com\/p\/DTaCboYjKph\/?utm_source=ig_embed&amp;utm_campaign=loading\" data-instgrm-version=\"14\" style=\" background:#FFF; border:0; border-radius:3px; box-shadow:0 0 1px 0 rgba(0,0,0,0.5),0 1px 10px 0 rgba(0,0,0,0.15); margin: 1px; max-width:540px; min-width:326px; padding:0; width:99.375%; width:-webkit-calc(100% - 2px); width:calc(100% - 2px);\"\/>\n<p>Ar\u012b Ministru prezidente Evika Sili\u0146a dal\u012bjusies ar sveicienu Raimondam Paulam.<\/p>\n<p>&#8220;Ar Raimonda Paula m\u016bziku esmu dzimusi, augusi un joproj\u0101m dz\u012bvoju \u2013 starp melodij\u0101m, kas paliek, pat tad, kad viss cits main\u0101s. Taj\u0101s ir gan vieglums, gan klusa smeldze, kas vieno paaudzes un laikus, paliekot dzi\u013ci person\u012bgas katram no mums. K\u0101 man\u0101 m\u012b\u013c\u0101kaj\u0101 dziesm\u0101 &#8220;Balt\u0101 saule&#8221; teikts, t\u0101s \u013cauj non\u0101kt &#8220;tai viet\u0101, kur j\u016bra ar debes\u012bm tiekas&#8221;,&#8221; raksta Sili\u0146a.<\/p>\n<p>&#8220;Paldies, Maestro, par m\u016bziku, kas ir bijusi mums l\u012bdz\u0101s da\u017e\u0101dos dz\u012bves br\u012b\u017eos \u2013 sv\u0113tkos un klusum\u0101, priekos un p\u0101rdom\u0101s. Par melodij\u0101m, kas mierina, iedro\u0161ina un atg\u0101dina par m\u0101j\u0101m, par Latviju un par to, kas m\u016bs patiesi vieno.\u2028Sirsn\u012bgi sveicieni 90. jubilej\u0101!&#8221;<\/p>\n<p>Dzied\u0101t\u0101ja <a rel=\"noopener nofollow\" target=\"_blank\" href=\"https:\/\/www.delfi.lv\/temas\/42736968\/ance-krauze\" tag-id=\"42736968\">Ance Krauze<\/a>, kura ar Raimondu Paulu sastr\u0101d\u0101jas jau gadiem, vi\u0146a apa\u013caj\u0101 jubilej\u0101 nov\u0113l vesel\u012bbu un dz\u012bvesprieku: &#8220;Daudz laimes dzim\u0161anas dien\u0101, Maestro! Lai stipra vesel\u012bba un dz\u012bvesprieks katru dien\u2019! Paldies par draudz\u012bbu un melodij\u0101m, kas vieno paaudzes un paliek m\u016b\u017e\u012bgas!&#8221;<\/p>\n<blockquote class=\"instagram-media\" data-instgrm-captioned=\"\" data-instgrm-permalink=\"https:\/\/www.instagram.com\/p\/DTZx7C0iDTi\/?utm_source=ig_embed&amp;utm_campaign=loading\" data-instgrm-version=\"14\" style=\" background:#FFF; border:0; border-radius:3px; box-shadow:0 0 1px 0 rgba(0,0,0,0.5),0 1px 10px 0 rgba(0,0,0,0.15); margin: 1px; max-width:540px; min-width:326px; padding:0; width:99.375%; width:-webkit-calc(100% - 2px); width:calc(100% - 2px);\"\/>\n<p>Lasiet ar\u012b<\/p>\n<p><a href=\"https:\/\/www.delfi.lv\/kultura\/174\/music\/120101416\/maestro-90-tas-tev-kafijai-kads-reiz-bija-raimonda-paula-honorars-ancei-krauzei\" class=\"headline__image-link\" itemprop=\"url\" rel=\"nofollow noopener\" target=\"_blank\"><img decoding=\"async\" loading=\"lazy\" itemprop=\"image\" src=\"https:\/\/www.europesays.com\/lv\/wp-content\/uploads\/2026\/01\/1217bab6-25fb-4e3d-8cda-907266c72a01.jpg\" alt=\"Maestro 90. &quot;Tas tev kafijai,&quot; \u2013 k\u0101ds reiz bija Raimonda Paula honor\u0101rs Ancei Krauzei\" title=\"Maestro 90. &quot;Tas tev kafijai,&quot; \u2013 k\u0101ds reiz bija Raimonda Paula honor\u0101rs Ancei Krauzei\" class=\"headline__image img-fluid w-100\"\/><\/a><\/p>\n<p>Ar daudz laimes v\u0113l\u0113jumiem Maestro dal\u0101s ar\u012b Latgales v\u0113stniec\u012bba &#8220;Gors&#8221;.<\/p>\n<p>&#8220;Raimonda Paula m\u016bzika ir Latvijas sirdspuksti, kas vijas cauri laikiem un paaudz\u0113m,&#8221; raksta Saeimas priek\u0161s\u0113d\u0113t\u0101ja <a rel=\"noopener nofollow\" target=\"_blank\" href=\"https:\/\/www.delfi.lv\/temas\/55150078\/daiga-mierina\" tag-id=\"55150078\">Daiga Mieri\u0146a<\/a>. <\/p>\n<p>&#8220;Vi\u0146a meistar\u012bba, humors un tr\u0101p\u012bgais viedoklis iedvesmo k\u0101 klaus\u012bt\u0101jus, t\u0101 ar\u012b l\u012bdzgaitniekus. Maestro melodijas ir k\u013cuvu\u0161as par m\u016bsu kop\u012bgo ska\u0146u celi\u0146u. Paldies par m\u016bziku, kas p\u0101rdz\u012bvos laikus! Mani vissirsn\u012bg\u0101kie sveicieni Maestro 90. jubilej\u0101!&#8221;<\/p>\n<blockquote class=\"instagram-media\" data-instgrm-captioned=\"\" data-instgrm-permalink=\"https:\/\/www.instagram.com\/p\/DTZblpfmO14\/?utm_source=ig_embed&amp;utm_campaign=loading\" data-instgrm-version=\"14\" style=\" background:#FFF; border:0; border-radius:3px; box-shadow:0 0 1px 0 rgba(0,0,0,0.5),0 1px 10px 0 rgba(0,0,0,0.15); margin: 1px; max-width:540px; min-width:326px; padding:0; width:99.375%; width:-webkit-calc(100% - 2px); width:calc(100% - 2px);\"\/>\n<p>&#8220;Lai m\u016b\u017eam dz\u012bvo Raimonds Pauls!&#8221; nov\u0113l m\u0101ksliniece <a rel=\"noopener nofollow\" target=\"_blank\" href=\"https:\/\/www.delfi.lv\/temas\/42254686\/elita-patmalniece\" tag-id=\"42254686\">Elita Patmalniece<\/a>.<\/p>\n<blockquote class=\"instagram-media\" data-instgrm-captioned=\"\" data-instgrm-permalink=\"https:\/\/www.instagram.com\/p\/DTZfBzcl3c8\/?utm_source=ig_embed&amp;utm_campaign=loading\" data-instgrm-version=\"14\" style=\" background:#FFF; border:0; border-radius:3px; box-shadow:0 0 1px 0 rgba(0,0,0,0.5),0 1px 10px 0 rgba(0,0,0,0.15); margin: 1px; max-width:540px; min-width:326px; padding:0; width:99.375%; width:-webkit-calc(100% - 2px); width:calc(100% - 2px);\"\/>\n<p>Raimondu Paulu no sirds sveic ar\u012b Liep\u0101jas koncertz\u0101le Lielais dzintars: &#8220;Maestro v\u0101rds jau gadu desmitiem ir neat\u0146emama Latvijas kult\u016bras telpas da\u013ca \u2013 vi\u0146a m\u016bzika vieno paaudzes, iedvesmo un paliek m\u016b\u017e\u012bga.<\/p>\n<p>\u0160odien sveicam dzim\u0161anas dien\u0101 un pateicamies par komponista rado\u0161o ieguld\u012bjumu \u2013 melodij\u0101m, kas skan un skan\u0113s ilgi koncertz\u0101l\u0113s, te\u0101tros un cilv\u0113ku sird\u012bs.&#8221;<\/p>\n<p>Aktrise un rakstniece <a rel=\"noopener nofollow\" target=\"_blank\" href=\"https:\/\/www.delfi.lv\/temas\/40635983\/zane-daudzina\" tag-id=\"40635983\">Zane Daudzi\u0146a<\/a> nor\u0101da, ka &#8220;gr\u016bti iedom\u0101ties k\u0101du citu cilv\u0113ku Latvij\u0101, kura m\u016b\u017ea darbs b\u016btu tik liel\u0101 m\u0113r\u0101 cauraudis visu m\u016bsu dz\u012bves. Ar Raimonda Paula m\u016bziku m\u0113s esam piedzimu\u0161i un katru dienu t\u0101 m\u016bs ieskauj k\u0101 gaiss, ko elpojam. Vi\u0146a nerimsto\u0161\u0101s darbasp\u0113jas iedvesmo, patiesums atbru\u0146o, melodijas dziedina un vieno. Lai stipra vesel\u012bba, dz\u012bvotprieks un m\u012blest\u012bba  visapk\u0101rt! Daudz laimes dzim\u0161anas dien\u0101, Maestro!&#8221;<\/p>\n<p>Aktieris <a rel=\"noopener nofollow\" target=\"_blank\" href=\"https:\/\/www.delfi.lv\/temas\/40411693\/andris-keiss\" tag-id=\"40411693\">Andris Kei\u0161s<\/a> Maestro jubilej\u0101 pasak\u0101s par prieku, ko apk\u0101rt\u0113jiem sag\u0101d\u0101 Pauls.  <\/p>\n<p>&#8220;Paldies Jums par prieku, ko dodat mums visiem! Paldies, ka piecie\u0161at aktiera pus\u0161\u0137\u012bbo &#8220;klepo\u0161anu&#8221;! Lai jums prieks, vesel\u012bba un ener\u0123ija ar\u012b turpm\u0101k! Daudz laimes apa\u013caj\u0101 dzim\u0161anas dien\u0101!&#8221;<\/p>\n<blockquote class=\"instagram-media\" data-instgrm-captioned=\"\" data-instgrm-permalink=\"https:\/\/www.instagram.com\/p\/DTYqOqejqcr\/?utm_source=ig_embed&amp;utm_campaign=loading\" data-instgrm-version=\"14\" style=\" background:#FFF; border:0; border-radius:3px; box-shadow:0 0 1px 0 rgba(0,0,0,0.5),0 1px 10px 0 rgba(0,0,0,0.15); margin: 1px; max-width:540px; min-width:326px; padding:0; width:99.375%; width:-webkit-calc(100% - 2px); width:calc(100% - 2px);\"\/>\n<p>Sveic\u0113ju pulku kuplina ar\u012b M\u016bzikas nams &#8220;Daile&#8221; kop\u0101 ar \u012bpa\u0161nieci un direktori Andu Zadovsku. &#8220;Sveicam Maestro Raimondu Paulu 90 gadu jubilej\u0101!&#8221;<\/p>\n<blockquote class=\"instagram-media\" data-instgrm-captioned=\"\" data-instgrm-permalink=\"https:\/\/www.instagram.com\/p\/DTYuoLviM76\/?utm_source=ig_embed&amp;utm_campaign=loading\" data-instgrm-version=\"14\" style=\" background:#FFF; border:0; border-radius:3px; box-shadow:0 0 1px 0 rgba(0,0,0,0.5),0 1px 10px 0 rgba(0,0,0,0.15); margin: 1px; max-width:540px; min-width:326px; padding:0; width:99.375%; width:-webkit-calc(100% - 2px); width:calc(100% - 2px);\"\/>\n<p>Lasiet ar\u012b<\/p>\n<p><a href=\"https:\/\/www.delfi.lv\/kultura\/174\/music\/120102009\/maestro-90-iespejams-pauls-to-nezina-daumants-kalnins-atklaj-ka-reiz-dega-skatuve\" class=\"headline__image-link\" itemprop=\"url\" rel=\"nofollow noopener\" target=\"_blank\"><img decoding=\"async\" loading=\"lazy\" itemprop=\"image\" src=\"https:\/\/www.europesays.com\/lv\/wp-content\/uploads\/2026\/01\/da085f63-3560-44b3-b1d3-60107020c531.jpg\" alt=\"Maestro 90. Iesp\u0113jams, Pauls to nezina. Daumants Kalni\u0146\u0161 atkl\u0101j, k\u0101 reiz dega skatuve\" title=\"Maestro 90. Iesp\u0113jams, Pauls to nezina. Daumants Kalni\u0146\u0161 atkl\u0101j, k\u0101 reiz dega skatuve\" class=\"headline__image img-fluid w-100\"\/><\/a><a href=\"https:\/\/www.delfi.lv\/kultura\/174\/music\/120102007\/maestro-90-vins-seko-modes-tendencem-zorzs-siksna-par-raimondu-paulu\" class=\"headline__image-link\" itemprop=\"url\" rel=\"nofollow noopener\" target=\"_blank\"><img decoding=\"async\" loading=\"lazy\" itemprop=\"image\" src=\"https:\/\/www.europesays.com\/lv\/wp-content\/uploads\/2026\/01\/7dd9985f-be1d-499f-9146-cc0bda2249f0.jpg\" alt=\"Maestro 90. &quot;Vi\u0146\u0161 seko modes tendenc\u0113m.&quot; \u017dor\u017es Siksna par Raimondu Paulu\" title=\"Maestro 90. &quot;Vi\u0146\u0161 seko modes tendenc\u0113m.&quot; \u017dor\u017es Siksna par Raimondu Paulu\" class=\"headline__image img-fluid w-100\"\/><\/a><\/p>\n<p>&#8220;Sveiks, jubil\u0101r! T\u0101ds prieks redz\u0113t J\u016bs sp\u0113l\u0113jam un tikpat mo\u017ei un azartiski jokojam, k\u0101 pirms gadiem, kad kop\u0101 str\u0101d\u0101j\u0101m Saeim\u0101!&#8221; apsveikum\u0101 raksta Eiropas Parlamenta deput\u0101te <a rel=\"noopener nofollow\" target=\"_blank\" href=\"https:\/\/www.delfi.lv\/temas\/40409805\/inese-vaidere\" tag-id=\"40409805\">Inese Vaidere<\/a>.<\/p>\n<p>&#8220;M\u0113\u0123in\u0101ju joko\u0161an\u0101 neatpalikt un m\u016bsu sarunas izv\u0113rt\u0101s patie\u0161\u0101m aizraujo\u0161as. Sirsn\u012bgi sveicu Raimonds Pauls 90. gadadien\u0101, v\u0113lot saglab\u0101t gan mo\u017eumu, gan neremdin\u0101mo m\u016bzikas dzinuli!&#8221;<\/p>\n<p>Sirsn\u012bgajiem sveicieniem pievienojas <a rel=\"noopener nofollow\" target=\"_blank\" href=\"https:\/\/www.delfi.lv\/temas\/41987820\/rigas-latviesu-biedriba\" tag-id=\"41987820\">R\u012bgas Latvie\u0161u biedr\u012bba<\/a>, sveicot savu Goda biedru z\u012bm\u012bgaj\u0101 jubilej\u0101. &#8220;V\u0113lam, lai R\u012bgas Latvie\u0161u biedr\u012bbas moto &#8220;St\u0101vi stipri, str\u0101d\u0101 dro\u0161i Latvijai!&#8221; iedvesmo un sp\u0113cina ik dienu.&#8221;<\/p>\n<p>Savuk\u0101rt Saeimas deput\u0101ts <a rel=\"noopener nofollow\" target=\"_blank\" href=\"https:\/\/www.delfi.lv\/temas\/40409957\/maris-kucinskis\" tag-id=\"40409957\">M\u0101ris Ku\u010dinskis<\/a> dal\u0101s ar k\u0101du humora pilnu epizodi, kuru Saeim\u0101 piedz\u012bvojis ar Maestro.<\/p>\n<p>&#8220;Reiz, k\u0101da svin\u012bga pas\u0101kuma reiz\u0113 Saeim\u0101, kad kop\u0101 ar p\u0101r\u0113jiem deput\u0101tiem c\u0113l\u0101mies k\u0101j\u0101s un no sirds dzied\u0101j\u0101m &#8220;Dievs, sv\u0113t\u012b Latviju&#8221;, sagad\u012bj\u0101s, ka biju l\u012bdz\u0101s komponistam Raimondam Paulam. Kad himna bija beigusies un visi atkal ie\u0146\u0113mu\u0161i savas vietas, mans blakus s\u0113d\u0113t\u0101js pieliec\u0101s un klusi\u0146\u0101m teica \u2013 Tev jau nu nevajadz\u0113tu dzied\u0101t t\u0101, ka visi dzird\u2026&#8221; raksta Ku\u010dinskis. <\/p>\n<p>&#8220;Cilv\u0113ks ar bezgal\u012bgu talantu, lielu sirdi un burv\u012bgu humora izj\u016btu. Daudz laimes 90. dzim\u0161anas dien\u0101, Maestro!&#8221;<\/p>\n<p>&#8220;Maestro, kura m\u016bzika elpo kop\u0101 ar te\u0101tri,&#8221; raksta Mihaila \u010cehova <a rel=\"noopener nofollow\" target=\"_blank\" href=\"https:\/\/www.delfi.lv\/temas\/42149794\/rigas-krievu-teatris\" tag-id=\"42149794\">R\u012bgas Krievu te\u0101tris<\/a>. &#8220;Ir v\u0101rdi un melodijas, kas k\u013c\u016bst par laikmetu. Raimonda Paula m\u016bzika ir viena no t\u0101m \u2013 t\u0101 dz\u012bvo uz skatuves, aizkulis\u0113s un skat\u012bt\u0101ju atmi\u0146\u0101s, vienojot paaudzes un laikus.<\/p>\n<p>\u010cehova te\u0101trim Maestro Raimonds Pauls ir ne tikai izcila person\u012bba Latvijas kult\u016br\u0101, bet ar\u012b rado\u0161s partneris, kura kl\u0101tb\u016btne te\u0101tra dz\u012bv\u0113 vienm\u0113r noz\u012bm\u0113 augstu m\u0101ksliniecisko lati\u0146u. Vi\u0146a m\u016bzika pie\u0161\u0137ir izr\u0101d\u0113m emocion\u0101lu precizit\u0101ti, ironiju, smeldzi un patiesumu \u2013 to, ko nav iesp\u0113jams aizst\u0101t vai atdarin\u0101t.<\/p>\n<p>90 gadi ir skaitlis, aiz kura st\u0101v nep\u0101rtraukta kust\u012bba, darbs, interese par cilv\u0113ku un skatuves m\u0101kslu. Maestro joproj\u0101m ir dialog\u0101 ar laiku, ar m\u0101ksliniekiem un skat\u012bt\u0101jiem \u2013 un tie\u0161i tas padara vi\u0146u par dz\u012bvu le\u0123endu.<\/p>\n<p>\u010cehova te\u0101tris ar pateic\u012bbu un cie\u0146u sveic Raimondu Paulu noz\u012bm\u012bgaj\u0101 jubilej\u0101, nov\u0113lot vesel\u012bbu, iedvesmu un v\u0113l daudz skaistu br\u012b\u017eu, kuros m\u016bzika un te\u0101tris satiekas.&#8221;<\/p>\n<p>Lasiet ar\u012b<\/p>\n<p><a href=\"https:\/\/www.delfi.lv\/kultura\/174\/music\/120101498\/maestro-90-vinam-piemit-pareiza-oza-normunds-rutulis-par-raimondu-paulu\" class=\"headline__image-link\" itemprop=\"url\" rel=\"nofollow noopener\" target=\"_blank\"><img decoding=\"async\" loading=\"lazy\" itemprop=\"image\" src=\"https:\/\/www.europesays.com\/lv\/wp-content\/uploads\/2026\/01\/53b1dc1b-1921-4794-85db-898b4a608b7a.jpg\" alt=\"Maestro 90. &quot;Vi\u0146am piem\u012bt pareiz\u0101 o\u017ea,&quot; \u2013 Normunds Rutulis par Raimondu Paulu\" title=\"Maestro 90. &quot;Vi\u0146am piem\u012bt pareiz\u0101 o\u017ea,&quot; \u2013 Normunds Rutulis par Raimondu Paulu\" class=\"headline__image img-fluid w-100\"\/><\/a><a href=\"https:\/\/www.delfi.lv\/kultura\/174\/music\/120101264\/maestro-90-ko-no-raimonda-paula-23-dzimsanas-diena-sanema-ralfs-eilands\" class=\"headline__image-link\" itemprop=\"url\" rel=\"nofollow noopener\" target=\"_blank\"><img decoding=\"async\" loading=\"lazy\" itemprop=\"image\" src=\"https:\/\/www.europesays.com\/lv\/wp-content\/uploads\/2026\/01\/494bbef1-3b30-493e-8243-44080d0d0df3.jpg\" alt=\"Maestro 90. Ko no Raimonda Paula 23. dzim\u0161anas dien\u0101 sa\u0146\u0113ma Ralfs Eilands\" title=\"Maestro 90. Ko no Raimonda Paula 23. dzim\u0161anas dien\u0101 sa\u0146\u0113ma Ralfs Eilands\" class=\"headline__image img-fluid w-100\"\/><\/a><\/p>\n<p>Visu lab\u0101ko Raimondam Paulam nov\u0113l ar\u012b dzied\u0101t\u0101js <a rel=\"noopener nofollow\" target=\"_blank\" href=\"https:\/\/www.delfi.lv\/temas\/42616298\/markus-riva\" tag-id=\"42616298\">Markus Riva<\/a>. &#8220;\u0160odien svinam le\u0123end\u0101r\u0101 Maestro Raimonda Paula lielo jubileju ar m\u016bziku, kas ar\u012b mums \u013coti daudz noz\u012bm\u0113! Visu to lab\u0101ko jubilej\u0101, Maestro!&#8221;<\/p>\n<p>Savuk\u0101rt ar aspr\u0101t\u012bgu un sirsn\u012bgu sveicienu dal\u012bju\u0161ies <a rel=\"noopener nofollow\" target=\"_blank\" href=\"https:\/\/www.delfi.lv\/temas\/42103712\/neatliekamas-mediciniskas-palidzibas-dienests\" tag-id=\"42103712\">Neatliekam\u0101s medic\u012bnisk\u0101s pal\u012bdz\u012bbas dienests<\/a>.<\/p>\n<p>&#8220;Maestro rad\u012btie darbi nereti ir kl\u0101teso\u0161i ar\u012b m\u016bsu ikdien\u0101. Tie iedvesmo m\u016bsu kol\u0113\u0123us darba de\u017e\u016br\u0101, pal\u012bdz atg\u016bt sp\u0113ku p\u0113c smagiem st\u0101stiem un patiesi \u013cauj priec\u0101ties par paveikto \u2013 par katru izgl\u0101bto dz\u012bv\u012bbu.&#8221;<\/p>\n<p>Savus sveicienus izplat\u012bjusi ar\u012b Koncertz\u0101le Latvija. &#8220;Godinot \u0161o lielo notikumu, sestdien, 10. janv\u0101r\u012b, koncertz\u0101l\u0113 &#8220;Latvija&#8221; ce\u013cu pie klaus\u012bt\u0101jiem s\u0101ka koncertst\u0101sts &#8220;Maestro&#8221;,&#8221; teikts koncertz\u0101les public\u0113taj\u0101 ierakst\u0101.<\/p>\n<p class=\"m-0\">Seko &#8220;Delfi&#8221; ar\u012b  <a target=\"_blank\" href=\"https:\/\/www.instagram.com\/delfi.lv\/\" rel=\"nofollow noopener\">Instagram<\/a>  un <a target=\"_blank\" href=\"https:\/\/www.youtube.com\/channel\/UCw5foWtcJvAbUm64rv7jwUQ\" rel=\"nofollow noopener\">YouTube<\/a>  profil\u0101 \u2013 pievienojies, lai uzzin\u0101tu svar\u012bg\u0101ko un interesant\u0101ko pirmais!<\/p>\n<p>Publik\u0101cijas saturs vai t\u0101s jebk\u0101da apjoma da\u013ca ir aizsarg\u0101ts autorties\u012bbu objekts Autorties\u012bbu likuma izpratn\u0113, un t\u0101 izmanto\u0161ana bez izdev\u0113ja at\u013caujas ir aizliegta. Vair\u0101k lasi  <a target=\"_blank\" href=\"https:\/\/www.delfi.lv\/noteikumi#autortiesibas\" rel=\"nofollow noopener\">\u0161eit<\/a><script async src=\"\/\/www.instagram.com\/embed.js\"><\/script><\/p>\n","protected":false},"excerpt":{"rendered":"Izcil\u012bba, talants, melodijas, kas vieno paaudzes, un person\u012bba ar nep\u0101rsp\u0113jamu devu humora izj\u016btas \u2013 t\u0101 Raimondu Paulu raksturo&hellip;\n","protected":false},"author":2,"featured_media":102374,"comment_status":"","ping_status":"","sticky":false,"template":"","format":"standard","meta":{"footnotes":""},"categories":[5],"tags":[23,14537,5391,28,29,3524,454,21903,32,33,22,6436,4322,30,31,35,39,38,36,37,34,40,1969,24874,1888,187,20,26,27,2672,24875,16660,24,25,15490,21],"class_list":{"0":"post-102373","1":"post","2":"type-post","3":"status-publish","4":"format-standard","5":"has-post-thumbnail","7":"category-aktualitates","8":"tag-aktualitates","9":"tag-ance-krauze","10":"tag-andris-keiss","11":"tag-breaking-news","12":"tag-breakingnews","13":"tag-daiga-mierina","14":"tag-dailes-teatris","15":"tag-elita-patmalniece","16":"tag-featured-news","17":"tag-featurednews","18":"tag-headlines","19":"tag-inese-vaidere","20":"tag-intars-busulis","21":"tag-latest-news","22":"tag-latestnews","23":"tag-latvia","24":"tag-latvian","25":"tag-latviesu","26":"tag-latviesu-valoda","27":"tag-latviesuvaloda","28":"tag-latvija","29":"tag-lv","30":"tag-marija-naumova","31":"tag-maris-kucinskis","32":"tag-markus-riva","33":"tag-neatliekamas-mediciniskas-palidzibas-dienests","34":"tag-news","35":"tag-popularakas-zinas","36":"tag-popularakaszinas","37":"tag-raimonds-pauls","38":"tag-rigas-krievu-teatris","39":"tag-rigas-latviesu-biedriba","40":"tag-top-stories","41":"tag-topstories","42":"tag-zane-daudzina","43":"tag-zinas"},"share_on_mastodon":{"url":"","error":"Validation failed: Text character limit of 500 exceeded"},"_links":{"self":[{"href":"https:\/\/www.europesays.com\/lv\/wp-json\/wp\/v2\/posts\/102373","targetHints":{"allow":["GET"]}}],"collection":[{"href":"https:\/\/www.europesays.com\/lv\/wp-json\/wp\/v2\/posts"}],"about":[{"href":"https:\/\/www.europesays.com\/lv\/wp-json\/wp\/v2\/types\/post"}],"author":[{"embeddable":true,"href":"https:\/\/www.europesays.com\/lv\/wp-json\/wp\/v2\/users\/2"}],"replies":[{"embeddable":true,"href":"https:\/\/www.europesays.com\/lv\/wp-json\/wp\/v2\/comments?post=102373"}],"version-history":[{"count":0,"href":"https:\/\/www.europesays.com\/lv\/wp-json\/wp\/v2\/posts\/102373\/revisions"}],"wp:featuredmedia":[{"embeddable":true,"href":"https:\/\/www.europesays.com\/lv\/wp-json\/wp\/v2\/media\/102374"}],"wp:attachment":[{"href":"https:\/\/www.europesays.com\/lv\/wp-json\/wp\/v2\/media?parent=102373"}],"wp:term":[{"taxonomy":"category","embeddable":true,"href":"https:\/\/www.europesays.com\/lv\/wp-json\/wp\/v2\/categories?post=102373"},{"taxonomy":"post_tag","embeddable":true,"href":"https:\/\/www.europesays.com\/lv\/wp-json\/wp\/v2\/tags?post=102373"}],"curies":[{"name":"wp","href":"https:\/\/api.w.org\/{rel}","templated":true}]}}