{"id":102377,"date":"2026-01-12T18:08:08","date_gmt":"2026-01-12T18:08:08","guid":{"rendered":"https:\/\/www.europesays.com\/lv\/102377\/"},"modified":"2026-01-12T18:08:08","modified_gmt":"2026-01-12T18:08:08","slug":"turpinoties-aukstajam-laikam-riga-patversmes-strada-diennakts-rezima","status":"publish","type":"post","link":"https:\/\/www.europesays.com\/lv\/102377\/","title":{"rendered":"Turpinoties aukstajam laikam, R\u012bg\u0101 patversmes str\u0101d\u0101 diennakts re\u017e\u012bm\u0101"},"content":{"rendered":"<blockquote class=\"skaties-quote\">\n<p>Nata\u013cja Sab\u013cina<\/p>\n<p>R\u012bgas patversmes V\u012brie\u0161u noda\u013cas vad\u012bt\u0101ja<\/p>\n<p>\u201cEs nepateik\u0161u, ka vi\u0146i ir intens\u012bv\u0101k s\u0101ku\u0161i n\u0101kt, vi\u0146i s\u0101k intens\u012bv\u0101k n\u0101kt kop\u0161 30. septembra, kad s\u0101k\u0101s ofici\u0101li ziemas sezona ar 1. oktobri, tad mums liel\u0101ka piepl\u016bde.\u201d<\/p>\n<\/blockquote>\n<p>Papildus patversmju darbam aukstajos laikapst\u0101k\u013cos R\u012bg\u0101 str\u0101d\u0101 ar\u012b mobil\u0101 brig\u0101de. T\u0101 apseko bezpajumtnieku pulc\u0113\u0161an\u0101s vietas, inform\u0113 par iesp\u0113j\u0101m sa\u0146emt pal\u012bdz\u012bbu un, ja cilv\u0113ks piekr\u012bt, nog\u0101d\u0101 patversm\u0113.<\/p>\n<blockquote class=\"skaties-quote\">\n<p>Nata\u013cja Sab\u013cina<\/p>\n<p>R\u012bgas patversmes V\u012brie\u0161u noda\u013cas vad\u012bt\u0101ja<\/p>\n<p>\u201c\u0160eit ir noteikumi, kas vi\u0146iem ierobe\u017eo person\u012bgo br\u012bv\u012bbu un br\u012bv\u012bbu uzvesties t\u0101, k\u0101 vi\u0146i v\u0113las, bet mobil\u0101 brig\u0101de vi\u0146us regul\u0101ri p\u0101rmekl\u0113 taj\u0101s viet\u0101s, kur vi\u0146i mitin\u0101s, p\u0101rbauda, pied\u0101v\u0101 pal\u012bdz\u012bbu.\u201d<\/p>\n<\/blockquote>\n<p>Ja gaisa temperat\u016bra nosl\u012bd zem m\u012bnus desmit gr\u0101diem vai zem nulles stipra v\u0113ja apst\u0101k\u013cos, patversmes R\u012bg\u0101 str\u0101d\u0101 visu diennakti. Vietu skaits kopum\u0101 ir pietiekams, ta\u010du aukst\u0101 laika d\u0113\u013c cilv\u0113ku, kuriem nepiecie\u0161ama naktsm\u012btne, k\u013c\u016bst vair\u0101k.<\/p>\n<p>Lai gan se\u0161\u0101s R\u012bgas patversm\u0113s kopum\u0101 pieejamas vair\u0101k nek\u0101 650 vietas, piepras\u012bjums p\u0113c naktsm\u012btn\u0113m ir pieaudzis. Iepriek\u0161\u0113j\u0101 dien\u0101 galvaspils\u0113tas patversm\u0113s nak\u0161\u0146oja teju 600 cilv\u0113ku, st\u0101sta Labkl\u0101j\u012bbas departamenta p\u0101rst\u0101vis.<\/p>\n<p class=\"ad-desc ad-desc-main\">Saturs turpin\u0101s p\u0113c rekl\u0101mas<\/p>\n<p class=\"ad-desc ad-desc-sec\">Rekl\u0101ma<\/p>\n<blockquote class=\"skaties-quote\">\n<p>Aldis Strapc\u0101ns<\/p>\n<p>R\u012bgas domes Labkl\u0101j\u012bbas departamenta p\u0101rst\u0101vis<\/p>\n<p>\u201cKatru dienu m\u0113s sekojam l\u012bdzi vietu skaitu aizpild\u012bjumam un nodro\u0161in\u0101m nepiecie\u0161amo br\u012bvo vietu skaitu piepras\u012bjumam, lai visiem, kuriem \u0161\u0101ds pakalpojuma veids ir vajadz\u012bgs, vi\u0146i sa\u0146em. T\u0101tad, ir iesp\u0113ja patversm\u0113s sa\u0146emt gan siltu \u0113dienu, gan du\u0161u, gan ap\u0123\u0113rbu nomain\u012bt, ja vajag. M\u0113s zin\u0101m, ka ir cilv\u0113ki, kuri joproj\u0101m uzturas d\u0101rza m\u0101ji\u0146\u0101s, b\u016bdi\u0146\u0101s da\u017e\u0101d\u0101s, dz\u012bvo\u0161anai nepiem\u0113rot\u0101s viet\u0101s, kur nav iesp\u0113jams nodro\u0161in\u0101t siltumu, apkurin\u0101\u0161anas iesp\u0113jas, l\u012bdz ar to tiek aicin\u0101ti sa\u0146emt \u0161os patversmes pakalpojumus.\u201d<\/p>\n<\/blockquote>\n<p>R\u012bg\u0101 darbojas ar\u012b \u010detras zupas virtuves, kur gr\u016bt\u012bb\u0101s non\u0101ku\u0161ie var sa\u0146emt bezmaksas malt\u012bti. Pa\u0161vald\u012bba aicina iedz\u012bvot\u0101jus neb\u016bt vienaldz\u012bgiem un par iel\u0101s redz\u0113tiem cilv\u0113kiem, kuriem nepiecie\u0161ama pal\u012bdz\u012bba, zi\u0146ot policijai, zvanot uz t\u0101lruni 112.<\/p>\n<p class=\"tv3-fw-500\">Zi\u0146o par k\u013c\u016bdu rakst\u0101<\/p>\n<p class=\"d-md-block d-none\">Iez\u012bm\u0113 k\u013c\u016bdaino tekstu un spied Ctrl+Enter.<\/p>\n<p class=\"d-md-none d-block\">Iez\u012bm\u0113 k\u013c\u016bdaino tekstu un zi\u0146o par to!<\/p>\n","protected":false},"excerpt":{"rendered":"Nata\u013cja Sab\u013cina R\u012bgas patversmes V\u012brie\u0161u noda\u013cas vad\u012bt\u0101ja \u201cEs nepateik\u0161u, ka vi\u0146i ir intens\u012bv\u0101k s\u0101ku\u0161i n\u0101kt, vi\u0146i s\u0101k intens\u012bv\u0101k&hellip;\n","protected":false},"author":2,"featured_media":102378,"comment_status":"","ping_status":"","sticky":false,"template":"","format":"standard","meta":{"footnotes":""},"categories":[12],"tags":[23,28,29,32,33,22,30,31,35,39,38,36,37,34,40,20,26,27,24878,24,25,21],"class_list":{"0":"post-102377","1":"post","2":"type-post","3":"status-publish","4":"format-standard","5":"has-post-thumbnail","7":"category-latvija","8":"tag-aktualitates","9":"tag-breaking-news","10":"tag-breakingnews","11":"tag-featured-news","12":"tag-featurednews","13":"tag-headlines","14":"tag-latest-news","15":"tag-latestnews","16":"tag-latvia","17":"tag-latvian","18":"tag-latviesu","19":"tag-latviesu-valoda","20":"tag-latviesuvaloda","21":"tag-latvija","22":"tag-lv","23":"tag-news","24":"tag-popularakas-zinas","25":"tag-popularakaszinas","26":"tag-rigas-domerigas-patversmetv3-zinas","27":"tag-top-stories","28":"tag-topstories","29":"tag-zinas"},"share_on_mastodon":{"url":"https:\/\/pubeurope.com\/@lv\/115883468599603809","error":""},"_links":{"self":[{"href":"https:\/\/www.europesays.com\/lv\/wp-json\/wp\/v2\/posts\/102377","targetHints":{"allow":["GET"]}}],"collection":[{"href":"https:\/\/www.europesays.com\/lv\/wp-json\/wp\/v2\/posts"}],"about":[{"href":"https:\/\/www.europesays.com\/lv\/wp-json\/wp\/v2\/types\/post"}],"author":[{"embeddable":true,"href":"https:\/\/www.europesays.com\/lv\/wp-json\/wp\/v2\/users\/2"}],"replies":[{"embeddable":true,"href":"https:\/\/www.europesays.com\/lv\/wp-json\/wp\/v2\/comments?post=102377"}],"version-history":[{"count":0,"href":"https:\/\/www.europesays.com\/lv\/wp-json\/wp\/v2\/posts\/102377\/revisions"}],"wp:featuredmedia":[{"embeddable":true,"href":"https:\/\/www.europesays.com\/lv\/wp-json\/wp\/v2\/media\/102378"}],"wp:attachment":[{"href":"https:\/\/www.europesays.com\/lv\/wp-json\/wp\/v2\/media?parent=102377"}],"wp:term":[{"taxonomy":"category","embeddable":true,"href":"https:\/\/www.europesays.com\/lv\/wp-json\/wp\/v2\/categories?post=102377"},{"taxonomy":"post_tag","embeddable":true,"href":"https:\/\/www.europesays.com\/lv\/wp-json\/wp\/v2\/tags?post=102377"}],"curies":[{"name":"wp","href":"https:\/\/api.w.org\/{rel}","templated":true}]}}