{"id":102383,"date":"2026-01-12T18:14:09","date_gmt":"2026-01-12T18:14:09","guid":{"rendered":"https:\/\/www.europesays.com\/lv\/102383\/"},"modified":"2026-01-12T18:14:09","modified_gmt":"2026-01-12T18:14:09","slug":"csdd-sonedel-jelgava-piedava-bezmaksas-ziemas-brauksanas-konsultacijas-ieprieks-japiesakas","status":"publish","type":"post","link":"https:\/\/www.europesays.com\/lv\/102383\/","title":{"rendered":"CSDD \u0161oned\u0113\u013c Jelgav\u0101 pied\u0101v\u0101 bezmaksas ziemas brauk\u0161anas konsult\u0101cijas; iepriek\u0161 j\u0101piesak\u0101s"},"content":{"rendered":"<p>CSDD \u0161oned\u0113\u013c Jelgav\u0101 pied\u0101v\u0101 bezmaksas ziemas brauk\u0161anas konsult\u0101cijas; iepriek\u0161 j\u0101piesak\u0101s<\/p>\n<p>Ce\u013cu satiksmes dro\u0161\u012bbas direkcija (CSDD) \u0161oned\u0113\u013c r\u012bkos bezmaksas ziemas brauk\u0161anas konsult\u0101cijas Jelgav\u0101. Konsult\u0101cijas sporta kompleks\u0101 \u201cRull\u012btis\u201d Aku ce\u013c\u0101 1 notiks sestdien, sv\u0113tdien, 17. un 18. janv\u0101r\u012b. Konsult\u0101cijai nepiecie\u0161ams oblig\u0101ti iepriek\u0161 pieteikties. \u00a0<\/p>\n<p>Vienas nodarb\u012bbas ilgums b\u016bs viena stunda un 30 min\u016btes. Nodarb\u012bb\u0101 dr\u012bkst piedal\u012bties jebkur\u0161 autovad\u012bt\u0101js ar savu transportl\u012bdzekli, kas apr\u012bkots ar ziemas riep\u0101m, ar der\u012bgu tehnisko apskati un sp\u0113k\u0101 eso\u0161u transportl\u012bdzek\u013cu \u012bpa\u0161nieku oblig\u0101t\u0101s civiltiesisk\u0101s atbild\u012bbas (OCTA) apdro\u0161in\u0101\u0161anu.<\/p>\n<p>Konsult\u0101cijas Jelgav\u0101 sporta kompleks\u0101 \u201cRull\u012btis\u201d Aku ce\u013c\u0101 1 notiks<\/p>\n<p>Sestdien, 17. janv\u0101r\u012b, pulksten 10, 12, 14 un 16;<\/p>\n<p>Sv\u0113tdien, 18. janv\u0101r\u012b, pulksten 10, 12, 14 un 16.<\/p>\n<p>Pieteik\u0161an\u0101s nodarb\u012bb\u0101m Jelgav\u0101 \u2013 <a href=\"https:\/\/www.mittoevents.com\/csdd-ziemas-konsultacijas-drosa-brauksana\/registracija-jelgava?fbclid=IwY2xjawPRwRRleHRuA2FlbQIxMABicmlkETBWbTFHYUljYW54TlJrZUVKc3J0YwZhcHBfaWQQMjIyMDM5MTc4ODIwMDg5MgABHqCqInYEoapd0oY-pgsQgXjhcBjPo2zu2qY7Xt-vhWQikZhc0DnC4jXlqOom_aem_PhAhCCW6O60DyXKGIxmIqg\" target=\"_blank\" rel=\"noopener nofollow\">\u0160EIT<\/a>.<\/p>\n<p>Nodarb\u012bbu dal\u012bbniekiem tiks skaidroti dro\u0161as brauk\u0161anas pamatnosac\u012bjumi, veidota izpratne par bremz\u0113\u0161anas ce\u013ca garumu, t\u0101 ietekm\u0113jo\u0161iem faktoriem ziemas apst\u0101k\u013cos, par \u0161\u0137\u0113r\u0161\u013cu apbrauk\u0161anu un to, k\u0101 izvair\u012bties no sadursmes, ja bremz\u0113\u0161anas ce\u013c\u0161 ir nepietiekams. T\u0101pat interesentiem individu\u0101li tiks sniegti skaidrojumi par auto riepu st\u0101vokli un to izv\u0113li atbilsto\u0161i ikdienas brauk\u0161anai ziemas apst\u0101k\u013cos.<\/p>\n","protected":false},"excerpt":{"rendered":"CSDD \u0161oned\u0113\u013c Jelgav\u0101 pied\u0101v\u0101 bezmaksas ziemas brauk\u0161anas konsult\u0101cijas; iepriek\u0161 j\u0101piesak\u0101s Ce\u013cu satiksmes dro\u0161\u012bbas direkcija (CSDD) \u0161oned\u0113\u013c r\u012bkos bezmaksas&hellip;\n","protected":false},"author":2,"featured_media":102384,"comment_status":"","ping_status":"","sticky":false,"template":"","format":"standard","meta":{"footnotes":""},"categories":[12],"tags":[23,28,29,32,33,22,30,31,35,39,38,36,37,34,40,20,26,27,24,25,21],"class_list":{"0":"post-102383","1":"post","2":"type-post","3":"status-publish","4":"format-standard","5":"has-post-thumbnail","7":"category-latvija","8":"tag-aktualitates","9":"tag-breaking-news","10":"tag-breakingnews","11":"tag-featured-news","12":"tag-featurednews","13":"tag-headlines","14":"tag-latest-news","15":"tag-latestnews","16":"tag-latvia","17":"tag-latvian","18":"tag-latviesu","19":"tag-latviesu-valoda","20":"tag-latviesuvaloda","21":"tag-latvija","22":"tag-lv","23":"tag-news","24":"tag-popularakas-zinas","25":"tag-popularakaszinas","26":"tag-top-stories","27":"tag-topstories","28":"tag-zinas"},"share_on_mastodon":{"url":"https:\/\/pubeurope.com\/@lv\/115883492377233688","error":""},"_links":{"self":[{"href":"https:\/\/www.europesays.com\/lv\/wp-json\/wp\/v2\/posts\/102383","targetHints":{"allow":["GET"]}}],"collection":[{"href":"https:\/\/www.europesays.com\/lv\/wp-json\/wp\/v2\/posts"}],"about":[{"href":"https:\/\/www.europesays.com\/lv\/wp-json\/wp\/v2\/types\/post"}],"author":[{"embeddable":true,"href":"https:\/\/www.europesays.com\/lv\/wp-json\/wp\/v2\/users\/2"}],"replies":[{"embeddable":true,"href":"https:\/\/www.europesays.com\/lv\/wp-json\/wp\/v2\/comments?post=102383"}],"version-history":[{"count":0,"href":"https:\/\/www.europesays.com\/lv\/wp-json\/wp\/v2\/posts\/102383\/revisions"}],"wp:featuredmedia":[{"embeddable":true,"href":"https:\/\/www.europesays.com\/lv\/wp-json\/wp\/v2\/media\/102384"}],"wp:attachment":[{"href":"https:\/\/www.europesays.com\/lv\/wp-json\/wp\/v2\/media?parent=102383"}],"wp:term":[{"taxonomy":"category","embeddable":true,"href":"https:\/\/www.europesays.com\/lv\/wp-json\/wp\/v2\/categories?post=102383"},{"taxonomy":"post_tag","embeddable":true,"href":"https:\/\/www.europesays.com\/lv\/wp-json\/wp\/v2\/tags?post=102383"}],"curies":[{"name":"wp","href":"https:\/\/api.w.org\/{rel}","templated":true}]}}