{"id":102386,"date":"2026-01-12T18:17:06","date_gmt":"2026-01-12T18:17:06","guid":{"rendered":"https:\/\/www.europesays.com\/lv\/102386\/"},"modified":"2026-01-12T18:17:06","modified_gmt":"2026-01-12T18:17:06","slug":"mateiko-olimpiskaja-latvijas-hokeja-izlases-sastava-aizstas-ravinskis","status":"publish","type":"post","link":"https:\/\/www.europesays.com\/lv\/102386\/","title":{"rendered":"Mateiko olimpiskaj\u0101 Latvijas hokeja izlases sast\u0101v\u0101 aizst\u0101s Ravinskis"},"content":{"rendered":"<p>Ebotsfordas \u201cCanucks\u201d uzbruc\u0113js p\u0113rn\u0101 gada pasaules \u010dempion\u0101t\u0101 septi\u0146os ma\u010dos guva vienus v\u0101rtus un atdeva vienu rezultat\u012bvu piesp\u0113li.<\/p>\n<blockquote class=\"twitter-tweet\" data-width=\"550\" data-dnt=\"true\">\n<p lang=\"lv\" dir=\"ltr\">\u0112riku Mateiko olimpiskaj\u0101 Latvijas hokeja izlases sast\u0101v\u0101 aizst\u0101s Anr\u012b Ravinskis! <a href=\"https:\/\/t.co\/4bwqh5Nick\" rel=\"nofollow\">pic.twitter.com\/4bwqh5Nick<\/a><\/p>\n<p>\u2014 LV Hokeja feder\u0101cija (@lhf_lv) <a href=\"https:\/\/twitter.com\/lhf_lv\/status\/2010768717823553578?ref_src=twsrc%5Etfw\" rel=\"nofollow noopener\" target=\"_blank\">January 12, 2026<\/a><\/p>\n<\/blockquote>\n<p>Latvijas hokejisti 2026. gada Mil\u0101nas un Kort\u012bnas d\u2019Ampeco olimpiskaj\u0101s sp\u0113l\u0113s C grup\u0101 tiksies ar ASV, V\u0101ciju un D\u0101niju.<\/p>\n<p>C grupas pirmaj\u0101 ma\u010d\u0101 12. febru\u0101r\u012b Latvija sp\u0113kosies ar ASV, 14. febru\u0101r\u012b paredz\u0113ta sp\u0113le ar V\u0101ciju, bet dienu v\u0113l\u0101k Latvijas hokejisti st\u0101sies pret\u012b D\u0101nijai.<\/p>\n<p>Olimpisko sp\u0113\u013cu hokeja turn\u012br\u0101 b\u016bs tr\u012bs grupas. A grup\u0101 sp\u0113kosies Kan\u0101da, \u010cehija, \u0160veice un Francija, bet B grup\u0101 c\u012bn\u012bsies Somija, Zviedrija, Slov\u0101kija un It\u0101lija.<\/p>\n<p>Katras grupas uzvar\u0113t\u0101ja un lab\u0101k\u0101 no otr\u0101s vietas ieguv\u0113j\u0101m uzreiz kvalific\u0113sies ceturtda\u013cfin\u0101lam, bet p\u0101r\u0113j\u0101s vien\u012bbas c\u012bn\u012bsies astotda\u013cfin\u0101l\u0101.<\/p>\n<p>Olimpiskais v\u012brie\u0161u hokeja turn\u012brs norisin\u0101sies no 11. l\u012bdz 22. febru\u0101rim.<\/p>\n<p class=\"tv3-fw-500\">Zi\u0146o par k\u013c\u016bdu rakst\u0101<\/p>\n<p class=\"d-md-block d-none\">Iez\u012bm\u0113 k\u013c\u016bdaino tekstu un spied Ctrl+Enter.<\/p>\n<p class=\"d-md-none d-block\">Iez\u012bm\u0113 k\u013c\u016bdaino tekstu un zi\u0146o par to!<\/p>\n<p>                <script async src=\"https:\/\/platform.twitter.com\/widgets.js\" charset=\"utf-8\"><\/script><\/p>\n","protected":false},"excerpt":{"rendered":"Ebotsfordas \u201cCanucks\u201d uzbruc\u0113js p\u0113rn\u0101 gada pasaules \u010dempion\u0101t\u0101 septi\u0146os ma\u010dos guva vienus v\u0101rtus un atdeva vienu rezultat\u012bvu piesp\u0113li. \u0112riku&hellip;\n","protected":false},"author":2,"featured_media":102387,"comment_status":"","ping_status":"","sticky":false,"template":"","format":"standard","meta":{"footnotes":""},"categories":[17],"tags":[24879,35,39,38,36,37,34,40,67],"class_list":{"0":"post-102386","1":"post","2":"type-post","3":"status-publish","4":"format-standard","5":"has-post-thumbnail","7":"category-sports","8":"tag-anri-ravinskiseriks-mateikoziemas-olimpiskas-speles","9":"tag-latvia","10":"tag-latvian","11":"tag-latviesu","12":"tag-latviesu-valoda","13":"tag-latviesuvaloda","14":"tag-latvija","15":"tag-lv","16":"tag-sports"},"share_on_mastodon":{"url":"https:\/\/pubeurope.com\/@lv\/115883503950209857","error":""},"_links":{"self":[{"href":"https:\/\/www.europesays.com\/lv\/wp-json\/wp\/v2\/posts\/102386","targetHints":{"allow":["GET"]}}],"collection":[{"href":"https:\/\/www.europesays.com\/lv\/wp-json\/wp\/v2\/posts"}],"about":[{"href":"https:\/\/www.europesays.com\/lv\/wp-json\/wp\/v2\/types\/post"}],"author":[{"embeddable":true,"href":"https:\/\/www.europesays.com\/lv\/wp-json\/wp\/v2\/users\/2"}],"replies":[{"embeddable":true,"href":"https:\/\/www.europesays.com\/lv\/wp-json\/wp\/v2\/comments?post=102386"}],"version-history":[{"count":0,"href":"https:\/\/www.europesays.com\/lv\/wp-json\/wp\/v2\/posts\/102386\/revisions"}],"wp:featuredmedia":[{"embeddable":true,"href":"https:\/\/www.europesays.com\/lv\/wp-json\/wp\/v2\/media\/102387"}],"wp:attachment":[{"href":"https:\/\/www.europesays.com\/lv\/wp-json\/wp\/v2\/media?parent=102386"}],"wp:term":[{"taxonomy":"category","embeddable":true,"href":"https:\/\/www.europesays.com\/lv\/wp-json\/wp\/v2\/categories?post=102386"},{"taxonomy":"post_tag","embeddable":true,"href":"https:\/\/www.europesays.com\/lv\/wp-json\/wp\/v2\/tags?post=102386"}],"curies":[{"name":"wp","href":"https:\/\/api.w.org\/{rel}","templated":true}]}}