{"id":102392,"date":"2026-01-12T18:23:07","date_gmt":"2026-01-12T18:23:07","guid":{"rendered":"https:\/\/www.europesays.com\/lv\/102392\/"},"modified":"2026-01-12T18:23:07","modified_gmt":"2026-01-12T18:23:07","slug":"zelca-un-trapans-ar-punktu-rekordiem-desmitnieka-skilv-kausa-otraja-posma-milzu-slaloma-italija","status":"publish","type":"post","link":"https:\/\/www.europesays.com\/lv\/102392\/","title":{"rendered":"Zel\u010da un Trap\u0101ns ar punktu rekordiem desmitniek\u0101 SKILV kausa otraj\u0101 posm\u0101 milzu slalom\u0101 It\u0101lij\u0101"},"content":{"rendered":"<p>Pirmdien, 12.janv\u0101r\u012b, paz\u012bstamaj\u0101 It\u0101lijas Valdifassas ielejas kalnu ciemat\u0101 Poc\u0101 s\u0101k\u0101s Latvijas Sl\u0113po\u0161anas feder\u0101cijas (LSF) sadarb\u012bb\u0101 \u201cApex2100\u201d r\u012bkotais SKILV kausa otrais posms kalnu sl\u0113po\u0161an\u0101, kas pulc\u0113ja \u013coti lielu dal\u012bbvalstu skaitu. Junioru (2005-2009) sacens\u012bb\u0101s p\u0101rst\u0101v\u0113ti bija \u010detri kontinenti.<\/p>\n<p>Poc\u0101 bija pieteiku\u0161ies start\u0113t vair\u0101k simts kalnu sl\u0113pot\u0101ji no 30 valst\u012bm. Liela da\u013ca no dal\u012bbniekiem ir sp\u0113c\u012bgaj\u0101 \u201cApex2100\u201d komandas sist\u0113m\u0101, kur\u0101 ir ar\u012b se\u0161as reizes PK posmos desmitniek\u0101 tikus\u012b latviete D\u017eenifera \u0122\u0113rmane. Latviju p\u0101rst\u0101v\u0113ja Latvijas junioru izlases sportisti ar Elzu Zel\u010du un Nilu Neo Trap\u0101nu priek\u0161gal\u0101, bet konkurenci vi\u0146iem sast\u0101d\u012bja gan t\u0101du sp\u0113c\u012bgu Eiropas valstu k\u0101 Austrijas, It\u0101lijas, Francijas, \u0160veices p\u0101rst\u0101vji, gan ar\u012b dal\u012bbnieki no t\u0101l\u0101m zem\u0113m k\u0101 Austr\u0101lija, Jaunz\u0113lande, Kan\u0101da, ASV.<\/p>\n<p>Atz\u012bstami nostart\u0113ja Latvijas kalnu sl\u0113pot\u0101ji, kas bija konkur\u0113tsp\u0113j\u012bgi ar sp\u0113c\u012bgajiem citu valstu p\u0101rst\u0101vjiem. Pirmo sezonu FIS sacens\u012bbu aprit\u0113 aizvado\u0161\u0101 Elza Zel\u010da, kura p\u0113c ranga bija septi\u0146padsmit\u0101, p\u0113c pirm\u0101 brauciena bija augstaj\u0101 sestaj\u0101 viet\u0101, tikai sekundes simtda\u013cu aiz pasaules junioru \u010dempion\u0101t\u0101 31.vietu slalom\u0101 ieguvu\u0161\u0101s islandietes Vanpeltes. Trijnieks bija ceturtda\u013csekundes atstatum\u0101.<\/p>\n","protected":false},"excerpt":{"rendered":"Pirmdien, 12.janv\u0101r\u012b, paz\u012bstamaj\u0101 It\u0101lijas Valdifassas ielejas kalnu ciemat\u0101 Poc\u0101 s\u0101k\u0101s Latvijas Sl\u0113po\u0161anas feder\u0101cijas (LSF) sadarb\u012bb\u0101 \u201cApex2100\u201d r\u012bkotais SKILV&hellip;\n","protected":false},"author":2,"featured_media":102393,"comment_status":"","ping_status":"","sticky":false,"template":"","format":"standard","meta":{"footnotes":""},"categories":[17],"tags":[7613,35,39,38,36,37,34,40,8095,67],"class_list":{"0":"post-102392","1":"post","2":"type-post","3":"status-publish","4":"format-standard","5":"has-post-thumbnail","7":"category-sports","8":"tag-kalnu-sleposana","9":"tag-latvia","10":"tag-latvian","11":"tag-latviesu","12":"tag-latviesu-valoda","13":"tag-latviesuvaloda","14":"tag-latvija","15":"tag-lv","16":"tag-sleposana","17":"tag-sports"},"share_on_mastodon":{"url":"https:\/\/pubeurope.com\/@lv\/115883527505535590","error":""},"_links":{"self":[{"href":"https:\/\/www.europesays.com\/lv\/wp-json\/wp\/v2\/posts\/102392","targetHints":{"allow":["GET"]}}],"collection":[{"href":"https:\/\/www.europesays.com\/lv\/wp-json\/wp\/v2\/posts"}],"about":[{"href":"https:\/\/www.europesays.com\/lv\/wp-json\/wp\/v2\/types\/post"}],"author":[{"embeddable":true,"href":"https:\/\/www.europesays.com\/lv\/wp-json\/wp\/v2\/users\/2"}],"replies":[{"embeddable":true,"href":"https:\/\/www.europesays.com\/lv\/wp-json\/wp\/v2\/comments?post=102392"}],"version-history":[{"count":0,"href":"https:\/\/www.europesays.com\/lv\/wp-json\/wp\/v2\/posts\/102392\/revisions"}],"wp:featuredmedia":[{"embeddable":true,"href":"https:\/\/www.europesays.com\/lv\/wp-json\/wp\/v2\/media\/102393"}],"wp:attachment":[{"href":"https:\/\/www.europesays.com\/lv\/wp-json\/wp\/v2\/media?parent=102392"}],"wp:term":[{"taxonomy":"category","embeddable":true,"href":"https:\/\/www.europesays.com\/lv\/wp-json\/wp\/v2\/categories?post=102392"},{"taxonomy":"post_tag","embeddable":true,"href":"https:\/\/www.europesays.com\/lv\/wp-json\/wp\/v2\/tags?post=102392"}],"curies":[{"name":"wp","href":"https:\/\/api.w.org\/{rel}","templated":true}]}}