{"id":102396,"date":"2026-01-12T18:28:06","date_gmt":"2026-01-12T18:28:06","guid":{"rendered":"https:\/\/www.europesays.com\/lv\/102396\/"},"modified":"2026-01-12T18:28:06","modified_gmt":"2026-01-12T18:28:06","slug":"suzanna-debijas-albums-cilvekam-apskats-un-viedoklis","status":"publish","type":"post","link":"https:\/\/www.europesays.com\/lv\/102396\/","title":{"rendered":"Suzanna debijas albums &#8216;Cilv\u0113kam&#8217;: apskats un viedoklis"},"content":{"rendered":"<p class=\"descr\">Da\u017ei m\u016bzi\u0137i m\u0113dz tur\u0113t v\u0101rdu, neskatoties ne uz ko &#8211; piem\u0113ram, \u201cLatvijas \u201cunderground\u201d m\u016bzikas m\u0113rc\u0113 jau apv\u0101rt\u012bt\u0101 grupa \u201eSuzanna\u201d\u201d (tas pa\u0161u apz\u012bm\u0113jums) sol\u012bja l\u012bdz pag\u0101ju\u0161\u0101 gada beig\u0101m izdot debijas albumu un to ar\u012b izdar\u012bja. Akur\u0101t 31. decembr\u012b.<\/p>\n<p>Grupas \u201cSuzanna\u201d v\u0113sture ir \u012bsa, ta\u010du jau notikumiem (un singliem) bag\u0101ta. \u201cSuzannas\u201d l\u012bdere tie\u0161\u0101m ir Suzanna &#8211; dzied\u0101t\u0101ja Suzanna Slav\u012bte, kura 2024. gada s\u0101kum\u0101 atz\u012bm\u0113j\u0101s ar savu pa\u0161kompon\u0113to dziesmu \u201cSaSa\u201d &#8211; t\u0101 pat iek\u013cuva \u201cRadio Naba\u201d top\u0101 (ja prec\u012bz\u0101k &#8211; gada Top 100) un tika ar\u012b vis\u0101di cit\u0101di atzin\u012bgi nov\u0113rt\u0113ta.<\/p>\n<p>P\u0113c da\u017eiem koncertiem dzied\u0101t\u0101ja, kura pati ir ar\u012b visu dziesmu tekstu autore, pasludin\u0101ja, ka turpm\u0101k vi\u0146ai b\u016bs grupa, pieaicinot talant\u012bgus m\u016bzi\u0137us ar l\u012bdz\u012bgu dom\u0101\u0161anu un v\u0113lmi augt: \u0123it\u0101ristu un bekvok\u0101listu no grupas \u201cAvak\u0101do Latte\u201d Art\u016bru Dumbri, 14-gad\u012bgo br\u012bnumb\u0113rnu, \u201ckur\u0161 m\u0101k visu, bet \u0161aj\u0101 grup\u0101 sp\u0113l\u0113 basu\u201d &#8211; Gabrielu Kir\u0161bl\u016bmu, latvju \u201cunderground\u201d aprit\u0113 pieredzi jau guvu\u0161o bundzinieku J\u0101ni Puzaku (\u201cOran\u017e\u0101s Br\u012bvdienas\u201d, \u201cRiga Reggae\u201d u.c.), k\u0101 ar\u012b pianistu Rihardu Rikmani (paz\u012bstams k\u0101 grupas \u201cAlum Alu\u201d bas\u0123it\u0101rists). Mazliet ilg\u0101k par gadu past\u0101v\u0113jus\u012b \u201cSuzanna\u201d nosp\u0113l\u0113jusi jau vair\u0101k nek\u0101 divus desmitus koncertu &#8211; \u201cAvotu ielas t\u016br\u0113\u201d un citos R\u012bgas izklaides lok\u0101los, jauno grupu konkurs\u0101 \u201cNemiera blice\u201d, Liep\u0101jas \u201cFontaine Palace\u201d un pat \u201cSummer Sound\u201d, ar\u012b festiv\u0101los \u201cZilonis\u201d un \u201cTrubad\u016brs\u201d.<\/p>\n<p>Suzannai s\u0101kotn\u0113ji bijusi pietic\u012bga doma ierakst\u012bt vienu dziesmu, ta\u010du \u201crealit\u0101t\u0113 pie 1 nekas nebeidzas\u201d un \u201ckad zir\u0146u maisam tika izurbin\u0101ts caurumi\u0146\u0161, lai no t\u0101 izbirdin\u0101tu vienu zirn\u012bti, no t\u0101 s\u0101ka birt un birt \u0101r\u0101 bez mitas\u201d. T\u0101 nu debijas album\u0101 sabiru\u0161as jeb apkopotas 12 dziesmas, tostarp klaus\u012bt\u0101ju jau iepaz\u012bt\u0101s \u201eSaSa\u201d, \u201e\u016adenstornis\u201d un \u201eRums istabas temperat\u016br\u0101\u201d. Pa\u0161i m\u016bzi\u0137i ar Suzannu priek\u0161gal\u0101 sevis izpild\u012bto alternat\u012bvo poproku d\u0113v\u0113 par \u201cvirtuves ind\u012b\u201d &#8211; dr\u012bzum\u0101 laikam var\u0113s \u201cZelta mikrofon\u0101\u201d izveidot speci\u0101lu nomin\u0101ciju virtuves m\u016bzikai, kur pirmrindnieki ir aktiera Kristiana Kare\u013cina ofici\u0101li pieteikt\u0101 virtuves kabar\u0113 apvien\u012bba \u201cGapoljeri\u201d, bet ir v\u0113l vair\u0101kas blices, kuras sp\u0113l\u0113 virtuves roku, popu un \u0161l\u0101geri, pa\u0161\u0101m to neapzinoties\u2026<\/p>\n<p>Ja \u012bsum\u0101, tad \u013coti <a href=\"https:\/\/nra.lv\/izklaide\/muzika\/511010-somu-eksperimentalais-duets-nyos-prezente-albumu-growl-riga.htm\" data-item-link=\"true\" data-item-id=\"511010\" rel=\"nofollow noopener\" target=\"_blank\">pat\u012bkams albums,<\/a> kura galvenie trumpji ir Suzannas \u012bpatn\u0113jais un su\u0123est\u0113jo\u0161ais balss tembrs (ik pa laikam n\u0101k pr\u0101t\u0101 &#8211; j\u0101, d\u012bvain\u0101 k\u0101rt\u0101 Laima Vaikule!), instrument\u0101listu individu\u0101l\u0101 meistar\u012bba (uzsp\u012bd gan solo\u0123it\u0101ra, gan bas\u0123it\u0101ra un bungas) un viegl\u0101s, nepretencioz\u0101s un labi saprotam\u0101s melodijas. Lai nu kas dom\u0101ts ar \u201cvirtuves ind\u012b\u201d, skan tas labi. No album\u0101 iek\u013caut\u0101 ska\u0146u materi\u0101la noteikti var ieteikt noklaus\u012bties \u201cKlusmali\u201d ar p\u0101rsteidzo\u0161iem postroka ritmiem dziesmas nosl\u0113gum\u0101, vien\u012bgo rokgabalu \u201eRums istabas temperat\u016br\u0101\u201d, k\u0101 ar\u012b elegant\u0101s dziesmas \u201c4m2\u201d, \u201cGribu kliegt\u201d un \u201cCilv\u0113kam\u201d, ar\u012b piem\u012bl\u012bgo \u201cDzelzce\u013ca nekrologu\u201d.<\/p>\n<p>Ir tikai divas ac\u012bmredzamas k\u013c\u016bdas: albumu diez vai vajadz\u0113ja ies\u0101kt ar singlu \u201c\u016adensv\u012brs\u201d (starp citu, t\u0101 videoklips gan ir iesak\u0101ms &#8211; veidots t\u0101 saucamaj\u0101 \u201cstop motion\u201d tehnik\u0101 un sast\u0101v no gandr\u012bz 2000 (!) fotogr\u0101fij\u0101m, kuru koplik\u0161an\u0101 un veido\u0161an\u0101 b\u016bt\u012bb\u0101 izmantota tikai t\u0101fele, flom\u0101steri un magn\u0113ti), bet dziesmas \u201cN\u0101ves kandid\u0101ts\u201d izpild\u012b\u0161anu vajadz\u0113ja uz\u0146emties pa\u0161ai Suzannai &#8211; ja sievietes l\u012bdervok\u0101ls, tad l\u012bdz galam. Protams, vis\u0101m 12 dziesm\u0101m grupai rado\u0161\u0101 sp\u0113ka \u012bsti nav pieticis, bez da\u017e\u0101m te piln\u012bb\u0101 var\u0113tu ar\u012b iztikt, bet nekas, to n\u0101kamreiz.<\/p>\n<p>\u201cSuzanna\u201d sola, ka \u201calbums liks aizdom\u0101ties un, klausoties dziesm\u0101s, ieraudz\u012bt pa\u0161am sevi\u201d: \u201cAtkl\u0101tas fr\u0101zes par katra indiv\u012bda izv\u0113l\u0113m un dz\u012bves notikumiem \u013caus pasmaid\u012bt ar vieglu ironiju &#8211; grupas \u201cSuzanna\u201d albums \u201cCilv\u0113kam\u201d ir rad\u012bts cilv\u0113kam.\u201d Starp citu, albuma form\u0101ts ar\u012b ir \u013coti cilv\u0113c\u012bgs &#8211; \u0146emot v\u0113r\u0101 vid\u0113j\u0101 cilv\u0113ka ier\u012b\u010du izmanto\u0161anas paradumus, grupas debijas albums ir pieejams gl\u012bt\u0101 USB zibatmi\u0146as form\u0101t\u0101 ar tikpat gl\u012btu kast\u012bti glab\u0101\u0161anai. Bez \u0161\u012b form\u0101ta albums pieejams ar\u012b vietn\u0113 \u201cBandcamp\u201d. Nudien &#8211; viss cilv\u0113kam!<\/p>\n","protected":false},"excerpt":{"rendered":"Da\u017ei m\u016bzi\u0137i m\u0113dz tur\u0113t v\u0101rdu, neskatoties ne uz ko &#8211; piem\u0113ram, \u201cLatvijas \u201cunderground\u201d m\u016bzikas m\u0113rc\u0113 jau apv\u0101rt\u012bt\u0101 grupa&hellip;\n","protected":false},"author":2,"featured_media":102397,"comment_status":"","ping_status":"","sticky":false,"template":"","format":"standard","meta":{"footnotes":""},"categories":[19],"tags":[89,90,35,39,38,36,37,34,40],"class_list":{"0":"post-102396","1":"post","2":"type-post","3":"status-publish","4":"format-standard","5":"has-post-thumbnail","7":"category-izklaide","8":"tag-entertainment","9":"tag-izklaide","10":"tag-latvia","11":"tag-latvian","12":"tag-latviesu","13":"tag-latviesu-valoda","14":"tag-latviesuvaloda","15":"tag-latvija","16":"tag-lv"},"share_on_mastodon":{"url":"https:\/\/pubeurope.com\/@lv\/115883547274361860","error":""},"_links":{"self":[{"href":"https:\/\/www.europesays.com\/lv\/wp-json\/wp\/v2\/posts\/102396","targetHints":{"allow":["GET"]}}],"collection":[{"href":"https:\/\/www.europesays.com\/lv\/wp-json\/wp\/v2\/posts"}],"about":[{"href":"https:\/\/www.europesays.com\/lv\/wp-json\/wp\/v2\/types\/post"}],"author":[{"embeddable":true,"href":"https:\/\/www.europesays.com\/lv\/wp-json\/wp\/v2\/users\/2"}],"replies":[{"embeddable":true,"href":"https:\/\/www.europesays.com\/lv\/wp-json\/wp\/v2\/comments?post=102396"}],"version-history":[{"count":0,"href":"https:\/\/www.europesays.com\/lv\/wp-json\/wp\/v2\/posts\/102396\/revisions"}],"wp:featuredmedia":[{"embeddable":true,"href":"https:\/\/www.europesays.com\/lv\/wp-json\/wp\/v2\/media\/102397"}],"wp:attachment":[{"href":"https:\/\/www.europesays.com\/lv\/wp-json\/wp\/v2\/media?parent=102396"}],"wp:term":[{"taxonomy":"category","embeddable":true,"href":"https:\/\/www.europesays.com\/lv\/wp-json\/wp\/v2\/categories?post=102396"},{"taxonomy":"post_tag","embeddable":true,"href":"https:\/\/www.europesays.com\/lv\/wp-json\/wp\/v2\/tags?post=102396"}],"curies":[{"name":"wp","href":"https:\/\/api.w.org\/{rel}","templated":true}]}}