{"id":10242,"date":"2025-10-02T06:15:08","date_gmt":"2025-10-02T06:15:08","guid":{"rendered":"https:\/\/www.europesays.com\/lv\/10242\/"},"modified":"2025-10-02T06:15:08","modified_gmt":"2025-10-02T06:15:08","slug":"dziesmu-konkursam-supernova-pieteiktas-124-dziesmas","status":"publish","type":"post","link":"https:\/\/www.europesays.com\/lv\/10242\/","title":{"rendered":"Dziesmu konkursam &#8220;Supernova&#8221; pieteiktas 124 dziesmas"},"content":{"rendered":"<p>Atlases m\u0113r\u0137is ir ne tikai izv\u0113l\u0113ties sp\u0113c\u012bg\u0101ko dziesmu, kas n\u0101kam\u0101 gada maij\u0101 p\u0101rst\u0101v\u0113s Latviju Eirov\u012bzijas dziesmu konkurs\u0101 V\u012bn\u0113, Austrij\u0101, bet ar\u012b att\u012bst\u012bt Latvijas m\u016bzikas industriju, pied\u0101v\u0101jot platformu jaunajiem un pieredz\u0113ju\u0161ajiem m\u0101ksliniekiem.<\/p>\n<p>Latvijas Telev\u012bzijas Izklaides un dokument\u0101l\u0101 satura redakcijas vad\u012bt\u0101ja Agnese \u0160trause-Kubli\u0146a nor\u0101da, ka ies\u016bt\u012bts vair\u0101k dziesmu mek\u0101 pag\u0101ju\u0161\u0101 gad\u0101, kas par\u0101dot, ka v\u0113lme nest Latvijas v\u0101rdu pasaul\u0113, miljonos m\u0113r\u0101m\u0101 Eirov\u012bzijas auditorija un l\u012bdz\u0161in\u0113jie sasniegumi ir iedro\u0161in\u0101ju\u0161i pieteikties daudzus. Ies\u016bt\u012bto dziesmu \u017eanru da\u017e\u0101d\u012bba ir \u013coti pla\u0161a &#8211; no kantrim\u016bzikas l\u012bdz rokam.<\/p>\n<p>Dziesmas &#8220;Supernovas&#8221; n\u0101kamajai k\u0101rtai, kas notiks telev\u012bzijas tie\u0161raid\u0113 2026.gada janv\u0101r\u012b un febru\u0101r\u012b, izv\u0113l\u0113sies \u017e\u016brija &#8211; neatkar\u012bgu m\u016bzikas un izklaides \u017eanra industrijas ekspertu komisija.<\/p>\n<p>\u017d\u016brija v\u0113rt\u0113s dziesmu ori\u0123inalit\u0101ti, aran\u017e\u0113jumu, v\u0113st\u012bjumu un atbilst\u012bbu m\u016bsdienu tirgus tendenc\u0113m, savuk\u0101rt, izv\u0113loties izpild\u012bt\u0101jus, b\u016btisk\u0101k\u0101s b\u016bs m\u016bzi\u0137u vok\u0101l\u0101s sp\u0113jas, potenci\u0101ls konkur\u0113t starptautiskaj\u0101 popm\u016bzikas tirg\u016b, k\u0101 ar\u012b iepriek\u0161\u0113jie sasniegumi m\u016bzikas nozar\u0113 un iesp\u0113jas g\u016bt pan\u0101kumus n\u0101kotn\u0113. Dro\u0161\u012bbas apsv\u0113rumu d\u0113\u013c ar\u012b \u0161ogad LSM \u017e\u016brijas p\u0101rst\u0101vju v\u0101rdus atkl\u0101s tikai p\u0113c starptautisk\u0101 Eirov\u012bzijas dziesmu konkursa maij\u0101.<\/p>\n<p>Maij\u0101 Latviju Eirov\u012bzij\u0101 p\u0101rst\u0101v\u0113ja etno-pop m\u016bzikas grupa &#8220;Tautumeitas&#8221; ar dziesmu &#8220;Bur man laimi&#8221;, iek\u013c\u016bstot konkursa fin\u0101l\u0101 un ierindojoties 13. viet\u0101. Ne tikai Latvij\u0101, bet ar\u012b pasaul\u0113 Eirov\u012bzijas p\u0101rraides sasniedza p\u0113d\u0113jos gados liel\u0101kos skat\u012b\u0161an\u0101s reitingus. Kop\u0101 37 valst\u012bs Eirov\u012bzijas tr\u012bs telev\u012bzijas p\u0101rraides noskat\u012bj\u0101s vair\u0101k nek\u0101 166 miljoni cilv\u0113ku, savuk\u0101rt konkursa video saturam da\u017e\u0101d\u0101s soci\u0101lo mediju platform\u0101s kop\u0101 bija vair\u0101k nek\u0101 divi miljardi skat\u012bjumu.<\/p>\n","protected":false},"excerpt":{"rendered":"Atlases m\u0113r\u0137is ir ne tikai izv\u0113l\u0113ties sp\u0113c\u012bg\u0101ko dziesmu, kas n\u0101kam\u0101 gada maij\u0101 p\u0101rst\u0101v\u0113s Latviju Eirov\u012bzijas dziesmu konkurs\u0101 V\u012bn\u0113,&hellip;\n","protected":false},"author":2,"featured_media":10243,"comment_status":"","ping_status":"","sticky":false,"template":"","format":"standard","meta":{"footnotes":""},"categories":[19],"tags":[492,89,90,3927,35,39,38,36,37,34,40,3926],"class_list":{"0":"post-10242","1":"post","2":"type-post","3":"status-publish","4":"format-standard","5":"has-post-thumbnail","7":"category-izklaide","8":"tag-eirovizija","9":"tag-entertainment","10":"tag-izklaide","11":"tag-konkurss","12":"tag-latvia","13":"tag-latvian","14":"tag-latviesu","15":"tag-latviesu-valoda","16":"tag-latviesuvaloda","17":"tag-latvija","18":"tag-lv","19":"tag-supernova"},"share_on_mastodon":{"url":"","error":""},"_links":{"self":[{"href":"https:\/\/www.europesays.com\/lv\/wp-json\/wp\/v2\/posts\/10242","targetHints":{"allow":["GET"]}}],"collection":[{"href":"https:\/\/www.europesays.com\/lv\/wp-json\/wp\/v2\/posts"}],"about":[{"href":"https:\/\/www.europesays.com\/lv\/wp-json\/wp\/v2\/types\/post"}],"author":[{"embeddable":true,"href":"https:\/\/www.europesays.com\/lv\/wp-json\/wp\/v2\/users\/2"}],"replies":[{"embeddable":true,"href":"https:\/\/www.europesays.com\/lv\/wp-json\/wp\/v2\/comments?post=10242"}],"version-history":[{"count":0,"href":"https:\/\/www.europesays.com\/lv\/wp-json\/wp\/v2\/posts\/10242\/revisions"}],"wp:featuredmedia":[{"embeddable":true,"href":"https:\/\/www.europesays.com\/lv\/wp-json\/wp\/v2\/media\/10243"}],"wp:attachment":[{"href":"https:\/\/www.europesays.com\/lv\/wp-json\/wp\/v2\/media?parent=10242"}],"wp:term":[{"taxonomy":"category","embeddable":true,"href":"https:\/\/www.europesays.com\/lv\/wp-json\/wp\/v2\/categories?post=10242"},{"taxonomy":"post_tag","embeddable":true,"href":"https:\/\/www.europesays.com\/lv\/wp-json\/wp\/v2\/tags?post=10242"}],"curies":[{"name":"wp","href":"https:\/\/api.w.org\/{rel}","templated":true}]}}