{"id":102458,"date":"2026-01-12T20:36:08","date_gmt":"2026-01-12T20:36:08","guid":{"rendered":"https:\/\/www.europesays.com\/lv\/102458\/"},"modified":"2026-01-12T20:36:08","modified_gmt":"2026-01-12T20:36:08","slug":"asv-prokurori-sak-kriminalizmeklesanu-pret-federalo-rezervju-sistemas-vaditaju-raksts-2","status":"publish","type":"post","link":"https:\/\/www.europesays.com\/lv\/102458\/","title":{"rendered":"ASV prokurori s\u0101k krimin\u0101lizmekl\u0113\u0161anu pret Feder\u0101lo rezervju sist\u0113mas vad\u012bt\u0101ju \/ Raksts"},"content":{"rendered":"<p>\n                        \u0160odien, 11:04                    <\/p>\n<p>\n                            Papildin\u0101ts \u0161odien, 17:04                        <\/p>\n<p>ASV Kolumbijas apgabala prokurat\u016bra s\u0101kusi krimin\u0101lizmekl\u0113\u0161anu pret ASV Feder\u0101lo rezervju sist\u0113mas (FRS) jeb centr\u0101l\u0101s bankas vad\u012bt\u0101ju D\u017eeromu Pauelu saist\u012bb\u0101 ar \u0161\u012bs iest\u0101des \u0113ku rekonstrukciju. Pauela ieskat\u0101 izmekl\u0113\u0161ana ir tie\u0161s rezult\u0101ts vi\u0146a ilgsto\u0161ajam str\u012bdam ar ASV administr\u0101ciju par procentu likmju politiku. Izmekl\u0113\u0161ana izsaukusi ba\u017eas par centr\u0101l\u0101s bankas politisko neatkar\u012bbu un uztic\u012bbas grau\u0161anu ASV ekonomiskai politikai.\u00a0<\/p>\n<p>Saska\u0146\u0101 ar ASV Tieslietu ministrijas teikto, izmekl\u0113\u0161ana pret Pauelu ir saist\u012bta ar FRS galven\u0101s Va\u0161ingtonas m\u012btnes rekonstrukciju, kas aizs\u0101k\u0101s 2022. gad\u0101 un kuru ir j\u0101pabeidz 2027. gad\u0101. FRS \u0113ku kompleksa remontdarbu izmaksas sasniedz 2,5 miljardus dol\u0101ru.<\/p>\n<p>K\u0101 v\u0113sta ASV mediji, s\u0101kotn\u0113ji rekonstrukcijas izmaksas tika l\u0113stas ap 1,9 miljardiem dol\u0101ru.\u00a0Saist\u012bb\u0101 ar \u0161o sad\u0101rdzin\u0101jumu FRS vad\u012bt\u0101js p\u0113rn\u0101 gada j\u016bnij\u0101\u00a0atbild\u0113ja uz likumdev\u0113ju jaut\u0101jumiem ASV kongres\u0101.<\/p>\n<blockquote>\n<p>K\u0101 izriet no ASV prokuroru pazi\u0146ot\u0101, izmekl\u0113\u0161an\u0101 tiks p\u0101rbaud\u012bts, cik patiesi bija Pauela pazi\u0146ojumi Kongresam un vai vi\u0146\u0161 nav sniedzis maldino\u0161u inform\u0101ciju par rekonstrukcijas m\u0113rogu.<\/p>\n<\/blockquote>\n<p>Rea\u0123\u0113jot uz vi\u0146am izvirz\u012btaj\u0101m aps\u016bdz\u012bb\u0101m, Pauels n\u0101ca klaj\u0101 ar pazi\u0146ojumu, kur\u0101 uzsv\u0113ra, ka &#8220;neviens nest\u0101v p\u0101ri likumam&#8221;, vienlaikus nor\u0101dot, ka notieko\u0161ais b\u016btu j\u0101v\u0113rt\u0113 pla\u0161\u0101k\u0101 kontekst\u0101.\u00a0<\/p>\n<p>Pauels tie\u0161i saist\u012bja izmekl\u0113\u0161anu ar jaut\u0101jumu par FRS neatkar\u012bbu un sp\u0113ju noteikt procentu likmes bez politiskas iejauk\u0161an\u0101s.<\/p>\n<blockquote>\n<p>P\u0113c Pauela dom\u0101m, izmekl\u0113\u0161ana tika uzs\u0101kta saist\u012bb\u0101 ar to, ka vi\u0146a vad\u012bt\u0101 iest\u0101de nepiek\u0101pjas ASV prezidenta Donalda Trampa spiedienam samazin\u0101t b\u0101zes procentu likmes.\u00a0<\/p>\n<\/blockquote>\n<p>&#8220;Krimin\u0101lvaj\u0101\u0161anas drauds rodas t\u0101p\u0113c, ka Feder\u0101lo rezervju sist\u0113ma nosaka procentu likmes, balstoties uz m\u016bsu lab\u0101ko nov\u0113rt\u0113jumu par to, kas kalpos sabiedr\u012bbas interes\u0113m, nevis prezidenta v\u0113lmju \u012bsteno\u0161anai. \u0160\u012b situ\u0101cija izce\u013c jaut\u0101jumu, vai Feder\u0101lo rezervju sist\u0113ma sp\u0113s turpin\u0101t noteikt procentu likmes, balstoties uz pier\u0101d\u012bjumiem un ekonomiskajiem r\u0101d\u012bt\u0101jiem, vai ar\u012b monet\u0101ro politiku noteiks politiskais spiediens un iebied\u0113\u0161ana. Esmu str\u0101d\u0101jis Feder\u0101laj\u0101 rezerv\u0113 \u010detru administr\u0101ciju laik\u0101, gan republik\u0101\u0146u, gan demokr\u0101tu vad\u012bb\u0101. Vienm\u0113r esmu pild\u012bjis savus pien\u0101kumus bez politisk\u0101m bail\u0113m vai simp\u0101tij\u0101m, koncentr\u0113joties tikai uz m\u016bsu m\u0113r\u0137i \u2013\u00a0cenu stabilit\u0101ti un maksim\u0101lo nodarbin\u0101t\u012bbu,&#8221; sac\u012bja Pauels.\u00a0<\/p>\n<p>Pauelu FRS vad\u012bt\u0101ja amatam 2017. gad\u0101 nomin\u0113ja pats Donalds Tramps. V\u0113l\u0101k, 2021. gad\u0101, p\u0113c D\u017eo Baidena iev\u0113l\u0113\u0161anas, vi\u0146a pilnvaras tika pagarin\u0101tas.\u00a0<\/p>\n<p>Tramps, kur\u0161 savas priek\u0161v\u0113l\u0113\u0161anu kampa\u0146as laik\u0101 sol\u012bja v\u0113l\u0113t\u0101jiem zem\u0101kas kred\u012btu procentu likmes, iepriek\u0161 kritiz\u0113ja Pauelu par preto\u0161anos vi\u0146a pras\u012bb\u0101m b\u016btiski samazin\u0101t b\u0101zes likmi un savos ierakstos soci\u0101lajos medijos sauca FRS priek\u0161s\u0113d\u0113t\u0101ju par &#8220;piln\u012bgu zaud\u0113t\u0101ju&#8221;.<\/p>\n<p>Ta\u010du FRS pie\u0146em l\u0113mumus neatkar\u012bgi no prezidenta un izpildvaras kopum\u0101, kas ir centr\u0101l\u0101s bankas darb\u012bbas pamatprincips. 2025. gada otraj\u0101 pus\u0113 \u0161\u012b iest\u0101de tr\u012bs reizes samazin\u0101ja procentu likmes.\u00a0<\/p>\n<p>Izmekl\u0113\u0161ana uzs\u0101kta laik\u0101, kad Tramps gatavojas pazi\u0146ot par kandid\u0101tu Pauela aizvieto\u0161anai p\u0113c vi\u0146a pilnvaru termi\u0146a beig\u0101m \u0161\u0101 gada maij\u0101. L\u0113mums nosl\u0113gs vair\u0101kus m\u0113ne\u0161us ilgu izraudz\u012b\u0161anas procesu.\u00a0<\/p>\n<blockquote>\n<p>Balt\u0101 nama saimnieks licis noprast, ka n\u0101kamais FRS priek\u0161s\u0113d\u0113t\u0101js var\u0113tu b\u016bt Nacion\u0101l\u0101s ekonomikas padomes direktors Kevins Hasets.\u00a0<\/p>\n<\/blockquote>\n<p>Ta\u010du \u0161aj\u0101 jaut\u0101jum\u0101 Tramps var\u0113tu saskarties ar \u0161\u0137\u0113r\u0161\u013ciem, jo da\u017ei republik\u0101\u0146u un demokr\u0101tu senatori jau izteiku\u0161ies, ka neatbalst\u012bs neviena kandid\u0101ta virz\u012bbu, kam\u0113r netiks pabeigta pret Pauelu uzs\u0101kt\u0101 izmekl\u0113\u0161ana.\u00a0<\/p>\n<p>Savuk\u0101rt Sen\u0101ta demokr\u0101tu maz\u0101kuma l\u012bderis \u010caks \u0160umers v\u0113rt\u0113jis izmekl\u0113\u0161anu k\u0101 Trampa uzbrukumu FRS\u00a0neatkar\u012bbai, kas apdraud ASV ekonomikas notur\u012bbu un stabilit\u0101ti. Tikm\u0113r politiskais anal\u012bti\u0137is Eriks H\u0113ms atz\u012bm\u0113jis, ka izmekl\u0113\u0161ana pret Pauelu\u00a0liks investoriem ap\u0161aub\u012bt FRS politisko neatkar\u012bbu, k\u0101 ar\u012b mazin\u0101s uztic\u012bbu ASV ekonomiskai politikai.<\/p>\n<p>                    Valodas k\u013c\u016bda rakst\u0101?<\/p>\n<p class=\"d-none d-md-block\">Iez\u012bm\u0113jiet tekstu un spiediet Ctrl+Enter, lai nos\u016bt\u012btu labojamo teksta fragmentu redaktoram! Par faktu k\u013c\u016bd\u0101m l\u016bdzam zi\u0146ot e-past\u0101 <a href=\"https:\/\/www.lsm.lv\/cdn-cgi\/l\/email-protection\" class=\"__cf_email__\" data-cfemail=\"bfcddadbded4dcd6d5deffd3ccd291d3c9\" rel=\"nofollow noopener\" target=\"_blank\">[email\u00a0protected]<\/a>.<\/p>\n<p class=\"d-md-none\">Iez\u012bm\u0113jiet tekstu un spiediet uz Zi\u0146ot par k\u013c\u016bdu pogas, lai nos\u016bt\u012btu labojamo teksta fragmentu redaktoram!<\/p>\n<p>\n                    Zi\u0146ot par k\u013c\u016bdu\n                <\/p>\n","protected":false},"excerpt":{"rendered":"\u0160odien, 11:04 Papildin\u0101ts \u0161odien, 17:04 ASV Kolumbijas apgabala prokurat\u016bra s\u0101kusi krimin\u0101lizmekl\u0113\u0161anu pret ASV Feder\u0101lo rezervju sist\u0113mas (FRS) jeb&hellip;\n","protected":false},"author":2,"featured_media":101845,"comment_status":"","ping_status":"","sticky":false,"template":"","format":"standard","meta":{"footnotes":""},"categories":[16],"tags":[77,76,35,39,38,36,37,34,40],"class_list":{"0":"post-102458","1":"post","2":"type-post","3":"status-publish","4":"format-standard","5":"has-post-thumbnail","7":"category-bizness","8":"tag-bizness","9":"tag-business","10":"tag-latvia","11":"tag-latvian","12":"tag-latviesu","13":"tag-latviesu-valoda","14":"tag-latviesuvaloda","15":"tag-latvija","16":"tag-lv"},"share_on_mastodon":{"url":"https:\/\/pubeurope.com\/@lv\/115884050527824022","error":""},"_links":{"self":[{"href":"https:\/\/www.europesays.com\/lv\/wp-json\/wp\/v2\/posts\/102458","targetHints":{"allow":["GET"]}}],"collection":[{"href":"https:\/\/www.europesays.com\/lv\/wp-json\/wp\/v2\/posts"}],"about":[{"href":"https:\/\/www.europesays.com\/lv\/wp-json\/wp\/v2\/types\/post"}],"author":[{"embeddable":true,"href":"https:\/\/www.europesays.com\/lv\/wp-json\/wp\/v2\/users\/2"}],"replies":[{"embeddable":true,"href":"https:\/\/www.europesays.com\/lv\/wp-json\/wp\/v2\/comments?post=102458"}],"version-history":[{"count":0,"href":"https:\/\/www.europesays.com\/lv\/wp-json\/wp\/v2\/posts\/102458\/revisions"}],"wp:featuredmedia":[{"embeddable":true,"href":"https:\/\/www.europesays.com\/lv\/wp-json\/wp\/v2\/media\/101845"}],"wp:attachment":[{"href":"https:\/\/www.europesays.com\/lv\/wp-json\/wp\/v2\/media?parent=102458"}],"wp:term":[{"taxonomy":"category","embeddable":true,"href":"https:\/\/www.europesays.com\/lv\/wp-json\/wp\/v2\/categories?post=102458"},{"taxonomy":"post_tag","embeddable":true,"href":"https:\/\/www.europesays.com\/lv\/wp-json\/wp\/v2\/tags?post=102458"}],"curies":[{"name":"wp","href":"https:\/\/api.w.org\/{rel}","templated":true}]}}