{"id":102500,"date":"2026-01-12T21:55:15","date_gmt":"2026-01-12T21:55:15","guid":{"rendered":"https:\/\/www.europesays.com\/lv\/102500\/"},"modified":"2026-01-12T21:55:15","modified_gmt":"2026-01-12T21:55:15","slug":"ungarija-pieskirusi-politisko-patverumu-bijusajam-polijas-tieslietu-ministram-zjobro-raksts","status":"publish","type":"post","link":"https:\/\/www.europesays.com\/lv\/102500\/","title":{"rendered":"Ung\u0101rija pie\u0161\u0137\u012brusi politisko patv\u0113rumu biju\u0161ajam Polijas tieslietu ministram Zjobro \/ Raksts"},"content":{"rendered":"<p>\n                        \u0160odien, 12:15                    <\/p>\n<p>\n                            Papildin\u0101ts \u0161odien, 15:29                        <\/p>\n<p>                            <a target=\"_blank\" href=\"https:\/\/www.lsm.lv\/raksts\/zinas\/arzemes\/12.01.2026-ungarija-pieskirusi-politisko-patverumu-bijusajam-polijas-tieslietu-ministram-zjobro.a629564\/javascript:;\" rel=\"nofollow noopener\"><img decoding=\"async\" src=\"https:\/\/www.europesays.com\/lv\/wp-content\/uploads\/2025\/11\/logo_593e5d8b93064.jpg\" alt=\"LETA\"\/><\/a>                        <\/p>\n<p>Pla\u0161u Polijas koal\u012bcijas politi\u0137u sa\u0161utumu rais\u012bjis Ung\u0101rijas l\u0113mums pie\u0161\u0137irt patv\u0113rumu biju\u0161ajam tieslietu ministram Zbig\u0146evam Zjobro. Prokurori izvirz\u012bju\u0161i kopum\u0101 26 aps\u016bdz\u012bbas pret savulaik vienu no ietekm\u012bg\u0101kajiem &#8220;Likuma un taisn\u012bguma&#8221; (PiS) vad\u012bt\u0101s koal\u012bcijas politi\u0137iem. Zjobro, kuram Polijas parlaments novembr\u012b atc\u0113la deput\u0101ta neaizskaram\u012bbu, izvirz\u012btaj\u0101m aps\u016bdz\u012bb\u0101m nepiekr\u012bt.<\/p>\n<p>Zjobro, kas joproj\u0101m ir Polijas parlamenta deput\u0101ts, p\u0101rst\u0101vot nacion\u0101lkonservat\u012bvo partiju &#8220;Likums un taisn\u012bgums&#8221; (PiS), oktobr\u012b aizb\u0113ga uz Ung\u0101riju un pazi\u0146oja, ka tiesved\u012bba\u00a0pret vi\u0146u ir politiski motiv\u0113ta.\u00a0<\/p>\n<p>55 gadus vecais politi\u0137is bija tieslietu ministrs un \u0123ener\u0101lprokurors no 2015. l\u012bdz 2023. gadam, kad Polij\u0101 pie varas atrad\u0101s PiS veidot\u0101 vald\u012bba.<\/p>\n<blockquote>\n<p>Pret Zjobro ierosin\u0101ta lieta par 26 iesp\u0113jamiem noziegumiem, tostarp par noziedz\u012bgas organiz\u0101cijas veido\u0161anu, l\u012bdzdal\u012bbu taj\u0101 un naudas piesavin\u0101\u0161anos aptuveni 35 miljonu eiro apm\u0113r\u0101.\u00a0<\/p>\n<\/blockquote>\n<p>Zjobro aps\u016bdz\u0113ts ar\u012b par pilnvaru \u013caunpr\u0101t\u012bgu izmanto\u0161anu un nolaid\u012bbu darb\u0101.\u00a0<\/p>\n<p>Aps\u016bdz\u012bbas pamat\u0101 saist\u012btas ar Tieslietu fondu, ko p\u0101rrauga Tieslietu ministrija un kas paredz\u0113ts noziegumos cietu\u0161o atbalstam.\u00a0<\/p>\n<p>B\u016bdams tieslietu ministrs, Zjobro devis r\u012bkojumus padotajiem novirz\u012bt fonda naudu projektiem, kas var\u0113tu dot politisku labumu vi\u0146a p\u0101rst\u0101v\u0113tajai partijai, tostarp spiego\u0161anas programmat\u016bras &#8220;Pegasus&#8221; ieg\u0101dei no Izra\u0113las. Tagad\u0113j\u0101 vald\u012bba apgalvo, ka \u0161\u012b programmat\u016bra izmantota politisko oponentu izspiego\u0161anai.\u00a0<\/p>\n<p>Neminot personu v\u0101rdus, Ung\u0101rijas \u0101rlietu ministrs P\u0113ters Sij\u0101rto apstiprin\u0101jis, ka Budape\u0161ta patv\u0113rumu pie\u0161\u0137\u012brusi vair\u0101kiem Polijas pilso\u0146iem. Mediji v\u0113sta, ka vi\u0146u vid\u016b ir biju\u0161ais Zjobro vietnieks Marcins Romanovskis, kur\u0161 to sa\u0146\u0113ma pirms vair\u0101k nek\u0101 gada. Polijas prokurori vi\u0146am izvirz\u012bju\u0161i 11 aps\u016bdz\u012bbas, tai skait\u0101 par iepirkumu manipul\u0113\u0161anu.<\/p>\n<p>Novembr\u012b Polijas parlaments atc\u0113la Zjobro tiesisko imunit\u0101ti, k\u0101 ar\u012b apstiprin\u0101ja prokurat\u016bras piepras\u012bjumu politi\u0137i aiztur\u0113t.\u00a0<\/p>\n<p>Zjobro advok\u0101ts pirmdien pazi\u0146oja, ka vi\u0146a klients no Ung\u0101rijas varasiest\u0101d\u0113m ir sa\u0146\u0113mis gan starptautisko aizsardz\u012bbu, gan politisko patv\u0113rumu. Zjobro soci\u0101laj\u0101 t\u012bkl\u0101 &#8220;X&#8221; pateic\u0101s Ung\u0101rijas premjerministram Viktoram Orb\u0101nam par pie\u0161\u0137irto aizsardz\u012bbu.\u00a0<\/p>\n<p>&#8220;Esmu pie\u0146\u0113mis l\u0113mumu palikt \u0101rzem\u0113s, l\u012bdz Polij\u0101 tiks atjaunotas re\u0101las tiesiskuma garantijas,&#8221; pazi\u0146oja politi\u0137is, piebilstot, ka l\u016bdzis starptautisko aizsardz\u012bbu ar\u012b savai sievai.<\/p>\n<p>                    Valodas k\u013c\u016bda rakst\u0101?<\/p>\n<p class=\"d-none d-md-block\">Iez\u012bm\u0113jiet tekstu un spiediet Ctrl+Enter, lai nos\u016bt\u012btu labojamo teksta fragmentu redaktoram! Par faktu k\u013c\u016bd\u0101m l\u016bdzam zi\u0146ot e-past\u0101 <a href=\"https:\/\/www.lsm.lv\/cdn-cgi\/l\/email-protection\" class=\"__cf_email__\" data-cfemail=\"c3b1a6a7a2a8a0aaa9a283afb0aeedafb5\" rel=\"nofollow noopener\" target=\"_blank\">[email\u00a0protected]<\/a>.<\/p>\n<p class=\"d-md-none\">Iez\u012bm\u0113jiet tekstu un spiediet uz Zi\u0146ot par k\u013c\u016bdu pogas, lai nos\u016bt\u012btu labojamo teksta fragmentu redaktoram!<\/p>\n<p>\n                    Zi\u0146ot par k\u013c\u016bdu\n                <\/p>\n","protected":false},"excerpt":{"rendered":"\u0160odien, 12:15 Papildin\u0101ts \u0161odien, 15:29 Pla\u0161u Polijas koal\u012bcijas politi\u0137u sa\u0161utumu rais\u012bjis Ung\u0101rijas l\u0113mums pie\u0161\u0137irt patv\u0113rumu biju\u0161ajam tieslietu ministram&hellip;\n","protected":false},"author":2,"featured_media":102501,"comment_status":"","ping_status":"","sticky":false,"template":"","format":"standard","meta":{"footnotes":""},"categories":[14],"tags":[23,57,28,29,32,33,22,30,31,35,39,38,36,37,34,40,20,26,27,24,25,54,55,56,21,58],"class_list":{"0":"post-102500","1":"post","2":"type-post","3":"status-publish","4":"format-standard","5":"has-post-thumbnail","7":"category-zinas-no-arvalstim","8":"tag-aktualitates","9":"tag-arvalstim","10":"tag-breaking-news","11":"tag-breakingnews","12":"tag-featured-news","13":"tag-featurednews","14":"tag-headlines","15":"tag-latest-news","16":"tag-latestnews","17":"tag-latvia","18":"tag-latvian","19":"tag-latviesu","20":"tag-latviesu-valoda","21":"tag-latviesuvaloda","22":"tag-latvija","23":"tag-lv","24":"tag-news","25":"tag-popularakas-zinas","26":"tag-popularakaszinas","27":"tag-top-stories","28":"tag-topstories","29":"tag-world","30":"tag-world-news","31":"tag-worldnews","32":"tag-zinas","33":"tag-zinas-no-arvalstim"},"share_on_mastodon":{"url":"https:\/\/pubeurope.com\/@lv\/115884361174187761","error":""},"_links":{"self":[{"href":"https:\/\/www.europesays.com\/lv\/wp-json\/wp\/v2\/posts\/102500","targetHints":{"allow":["GET"]}}],"collection":[{"href":"https:\/\/www.europesays.com\/lv\/wp-json\/wp\/v2\/posts"}],"about":[{"href":"https:\/\/www.europesays.com\/lv\/wp-json\/wp\/v2\/types\/post"}],"author":[{"embeddable":true,"href":"https:\/\/www.europesays.com\/lv\/wp-json\/wp\/v2\/users\/2"}],"replies":[{"embeddable":true,"href":"https:\/\/www.europesays.com\/lv\/wp-json\/wp\/v2\/comments?post=102500"}],"version-history":[{"count":0,"href":"https:\/\/www.europesays.com\/lv\/wp-json\/wp\/v2\/posts\/102500\/revisions"}],"wp:featuredmedia":[{"embeddable":true,"href":"https:\/\/www.europesays.com\/lv\/wp-json\/wp\/v2\/media\/102501"}],"wp:attachment":[{"href":"https:\/\/www.europesays.com\/lv\/wp-json\/wp\/v2\/media?parent=102500"}],"wp:term":[{"taxonomy":"category","embeddable":true,"href":"https:\/\/www.europesays.com\/lv\/wp-json\/wp\/v2\/categories?post=102500"},{"taxonomy":"post_tag","embeddable":true,"href":"https:\/\/www.europesays.com\/lv\/wp-json\/wp\/v2\/tags?post=102500"}],"curies":[{"name":"wp","href":"https:\/\/api.w.org\/{rel}","templated":true}]}}