{"id":102502,"date":"2026-01-12T22:02:07","date_gmt":"2026-01-12T22:02:07","guid":{"rendered":"https:\/\/www.europesays.com\/lv\/102502\/"},"modified":"2026-01-12T22:02:07","modified_gmt":"2026-01-12T22:02:07","slug":"video-%e2%9f%a9-aizdegusies-ziemassvetku-eglite-imanta-izraisa-ugunsgreku-daudzdzivoklu-nama","status":"publish","type":"post","link":"https:\/\/www.europesays.com\/lv\/102502\/","title":{"rendered":"VIDEO \u27e9 Aizdegusies Ziemassv\u0113tku egl\u012bte Imant\u0101 izraisa ugunsgr\u0113ku daudzdz\u012bvok\u013cu nam\u0101"},"content":{"rendered":"<p>Cietu\u0161\u0101 dz\u012bvok\u013ca iem\u012btniece Alla raid\u012bjumam past\u0101sta, k\u0101 deg\u0161ana s\u0101kusies: &#8220;Es biju virtuv\u0113 un dzird\u0113ju tikai, ka deg. Un tad skr\u0113ju turp ar slapju dvieli. Nu, egl\u012bte jau bija uzliesmojusi. Policisti paskat\u012bj\u0101s un teica, ka, iesp\u0113jams, bija \u012bssavienojums, jo bija apdegusi vieta, kur atrodas sl\u0113dzis. M\u016bsu egl\u0113 nebija nek\u0101du lampi\u0146u.&#8221;<\/p>\n<p>Alla atkl\u0101j, ka vi\u0146as v\u012brs ticis nog\u0101d\u0101ts slimn\u012bc\u0101 ar apdegu\u0161u seju. Vi\u0146\u0161 v\u0113l\u0113jies no dego\u0161\u0101 dz\u012bvok\u013ca izgl\u0101bt \u0123imenes m\u012bluli &#8211; labradoru, kur\u0161 jau bija aizskr\u0113jis.<\/p>\n<p>&#8220;Dega, bija j\u0101iet \u0101tri prom, bet ar ko dz\u0113st? \u0160eit viss bija d\u016bmos. \u0160eit pat nevar\u0113ja sasniegt \u0161o apar\u0101tu, jo viss bija d\u016bmos. Bet tad, kad m\u0113s aizved\u0101m suni lej\u0101, jo nebija ko elpot, ugunsdz\u0113s\u0113ji jau bija piebrauku\u0161i, un m\u0113s par\u0101d\u012bj\u0101m, kur deg. Vi\u0146i \u013coti \u0101tri ierad\u0101s,&#8221; notiku\u0161o atceras Alla.<\/p>\n<p>Vair\u0101k inform\u0101cijas si\u017eet\u0101:<\/p>\n","protected":false},"excerpt":{"rendered":"Cietu\u0161\u0101 dz\u012bvok\u013ca iem\u012btniece Alla raid\u012bjumam past\u0101sta, k\u0101 deg\u0161ana s\u0101kusies: &#8220;Es biju virtuv\u0113 un dzird\u0113ju tikai, ka deg. Un&hellip;\n","protected":false},"author":2,"featured_media":102503,"comment_status":"","ping_status":"","sticky":false,"template":"","format":"standard","meta":{"footnotes":""},"categories":[12],"tags":[23,28,29,32,33,22,30,31,35,39,38,36,37,34,40,20,26,27,24,25,377,15478,21],"class_list":{"0":"post-102502","1":"post","2":"type-post","3":"status-publish","4":"format-standard","5":"has-post-thumbnail","7":"category-latvija","8":"tag-aktualitates","9":"tag-breaking-news","10":"tag-breakingnews","11":"tag-featured-news","12":"tag-featurednews","13":"tag-headlines","14":"tag-latest-news","15":"tag-latestnews","16":"tag-latvia","17":"tag-latvian","18":"tag-latviesu","19":"tag-latviesu-valoda","20":"tag-latviesuvaloda","21":"tag-latvija","22":"tag-lv","23":"tag-news","24":"tag-popularakas-zinas","25":"tag-popularakaszinas","26":"tag-top-stories","27":"tag-topstories","28":"tag-ugunsgreks","29":"tag-ziemassvetku-eglite","30":"tag-zinas"},"share_on_mastodon":{"url":"https:\/\/pubeurope.com\/@lv\/115884388698601472","error":""},"_links":{"self":[{"href":"https:\/\/www.europesays.com\/lv\/wp-json\/wp\/v2\/posts\/102502","targetHints":{"allow":["GET"]}}],"collection":[{"href":"https:\/\/www.europesays.com\/lv\/wp-json\/wp\/v2\/posts"}],"about":[{"href":"https:\/\/www.europesays.com\/lv\/wp-json\/wp\/v2\/types\/post"}],"author":[{"embeddable":true,"href":"https:\/\/www.europesays.com\/lv\/wp-json\/wp\/v2\/users\/2"}],"replies":[{"embeddable":true,"href":"https:\/\/www.europesays.com\/lv\/wp-json\/wp\/v2\/comments?post=102502"}],"version-history":[{"count":0,"href":"https:\/\/www.europesays.com\/lv\/wp-json\/wp\/v2\/posts\/102502\/revisions"}],"wp:featuredmedia":[{"embeddable":true,"href":"https:\/\/www.europesays.com\/lv\/wp-json\/wp\/v2\/media\/102503"}],"wp:attachment":[{"href":"https:\/\/www.europesays.com\/lv\/wp-json\/wp\/v2\/media?parent=102502"}],"wp:term":[{"taxonomy":"category","embeddable":true,"href":"https:\/\/www.europesays.com\/lv\/wp-json\/wp\/v2\/categories?post=102502"},{"taxonomy":"post_tag","embeddable":true,"href":"https:\/\/www.europesays.com\/lv\/wp-json\/wp\/v2\/tags?post=102502"}],"curies":[{"name":"wp","href":"https:\/\/api.w.org\/{rel}","templated":true}]}}