{"id":102504,"date":"2026-01-12T22:08:08","date_gmt":"2026-01-12T22:08:08","guid":{"rendered":"https:\/\/www.europesays.com\/lv\/102504\/"},"modified":"2026-01-12T22:08:08","modified_gmt":"2026-01-12T22:08:08","slug":"nakti-latvija-gaidams-sals-lidz-25-gradiem-jauns-lv","status":"publish","type":"post","link":"https:\/\/www.europesays.com\/lv\/102504\/","title":{"rendered":"Nakt\u012b Latvij\u0101 gaid\u0101ms sals l\u012bdz -25 gr\u0101diem &#8211; Jauns.lv"},"content":{"rendered":"<ol>\n<li><a href=\"https:\/\/news.google.com\/rss\/articles\/CBMihgFBVV95cUxOc1otd3FmRTBrTjdLTDNlYjF6Zk9ETHhjQjhHTktxY2xhUWdwWEwwSTFqNU9iMExOei1aTzlYYW0tcUtKX3dMN0J5amFqTUVLSXZaY19WLVg2dDhjQVIzbGdLS0dRb3VzdTJ6X00zekkwaUtBUW90WUxqWFJuTTRSMGs5VkhLQQ?oc=5\" target=\"_blank\" rel=\"nofollow noopener\">Nakt\u012b Latvij\u0101 gaid\u0101ms sals l\u012bdz -25 gr\u0101diem<\/a>&nbsp;&nbsp;Jauns.lv<\/li>\n<li><a href=\"https:\/\/news.google.com\/rss\/articles\/CBMizwFBVV95cUxNSzQwb0gwTzQxdEdNdXliT2hyNEM5eEdqeks2a3dIZVE1MVVxemptWkxFMjMzYUlmME1DOFA5SWI2dFZRbHRWNVBvaVM2d29NVnRvQ2d1UHRJYnRaSXJfQ0s4VU1zU1lNODZMTU9FckRpbUpGNGZLdENFOHNVbVQxWUhRZ3BLZlR2U1h1QkkteTRnSjBQNzdzcFVGcWxHM3JpUlVralZ6NUdMTEJoTHE0SUtaS1dKZGFSbHFJRUZhU0NsOHY3VTFIUEpINFl3NkU?oc=5\" target=\"_blank\" rel=\"nofollow noopener\">Latviju p\u0101r\u0146ems aukstums, k\u0101ds nav pieredz\u0113ts ilgu laiku. Ar\u012b turpm\u0101k\u0101s prognozes nav iepriecino\u0161as<\/a>&nbsp;&nbsp;Jauns.lv<\/li>\n<li><a href=\"https:\/\/news.google.com\/rss\/articles\/CBMiogFBVV95cUxOVEwwd1V2N0tSUktXZmRMM1BMM3FPQUFDazVXS2Z4dlowTkdkV2Z0bklyTEszOEcwTmZjSmE4YzNnVHhlc09VMXVYQ0pYLVFFLUUzS3VDeHpPOXo5Ukw0ZWVxekMzUUltb2tud1lxX3pLUXd2d2QwMHNpRWFzVV90eWE1RWVZdVVmNl9mUWdsME85LW9yMy1jRG5Xb0g0RXdVaVE?oc=5\" target=\"_blank\" rel=\"nofollow noopener\">Gaiss Latvij\u0101 nakt\u012b uz otrdienu viet\u0101m atdzis\u012bs l\u012bdz pat \u201325 gr\u0101diem<\/a>&nbsp;&nbsp;TVNET &#8211; Laika zi\u0146as<\/li>\n<li><a href=\"https:\/\/news.google.com\/rss\/articles\/CBMiuAFBVV95cUxQQ29rYTU4M3N5dFcxTnh2WVM0dkpxbXpmUkpjVzFnMWJTcXlSR1dfWWYyc0R5eGZYYWN1bFQ2dFBBWlNmWW9na0RBR1lIZDFUY1Y3UXpmLUs2dzFEdjBwSEpKNEV0WWxJOW8xdXlieDc3cHY3WmNURFRGb3pmNE8zc2tLTnB6dDZjckFsNzZReG1pSF9FamhoYjZuMm5hS29HZUJpeGhvQ0pVbGd4akhTM2ZKaWFqTzdY?oc=5\" target=\"_blank\" rel=\"nofollow noopener\">\u0160oned\u0113\u013c vald\u012bs sals, nakt\u012bs viet\u0101m ap -20 gr\u0101diem \/ Raksts<\/a>&nbsp;&nbsp;LSM<\/li>\n<li><a href=\"https:\/\/news.google.com\/rss\/articles\/CBMihgFBVV95cUxNb1ZtSVpsdU5sU18xR2hFeEtYM3B0QzZpTUNmUVotd1BDREhLQVFoQU5RdlB1Rkt5eDdJLXFMcEc2SkowN2NUMjJtWG13VDNpemRTcFJMYnhsVGZWLW04Tk1GbjlZQmlFRldyempWLThUYWE2QnFYdnN5MWJSbzRvRlJkUmVJUQ?oc=5\" target=\"_blank\" rel=\"nofollow noopener\">Tuv\u0101kaj\u0101 laik\u0101 sniegam un salam galu neredz<\/a>&nbsp;&nbsp;NRA<\/li>\n<\/ol>\n","protected":false},"excerpt":{"rendered":"Nakt\u012b Latvij\u0101 gaid\u0101ms sals l\u012bdz -25 gr\u0101diem&nbsp;&nbsp;Jauns.lv Latviju p\u0101r\u0146ems aukstums, k\u0101ds nav pieredz\u0113ts ilgu laiku. Ar\u012b turpm\u0101k\u0101s prognozes&hellip;\n","protected":false},"author":2,"featured_media":102505,"comment_status":"","ping_status":"","sticky":false,"template":"","format":"standard","meta":{"footnotes":""},"categories":[12],"tags":[23,28,29,32,33,22,30,31,35,39,38,36,37,34,40,20,26,27,24,25,21],"class_list":{"0":"post-102504","1":"post","2":"type-post","3":"status-publish","4":"format-standard","5":"has-post-thumbnail","7":"category-latvija","8":"tag-aktualitates","9":"tag-breaking-news","10":"tag-breakingnews","11":"tag-featured-news","12":"tag-featurednews","13":"tag-headlines","14":"tag-latest-news","15":"tag-latestnews","16":"tag-latvia","17":"tag-latvian","18":"tag-latviesu","19":"tag-latviesu-valoda","20":"tag-latviesuvaloda","21":"tag-latvija","22":"tag-lv","23":"tag-news","24":"tag-popularakas-zinas","25":"tag-popularakaszinas","26":"tag-top-stories","27":"tag-topstories","28":"tag-zinas"},"share_on_mastodon":{"url":"https:\/\/pubeurope.com\/@lv\/115884412301274826","error":""},"_links":{"self":[{"href":"https:\/\/www.europesays.com\/lv\/wp-json\/wp\/v2\/posts\/102504","targetHints":{"allow":["GET"]}}],"collection":[{"href":"https:\/\/www.europesays.com\/lv\/wp-json\/wp\/v2\/posts"}],"about":[{"href":"https:\/\/www.europesays.com\/lv\/wp-json\/wp\/v2\/types\/post"}],"author":[{"embeddable":true,"href":"https:\/\/www.europesays.com\/lv\/wp-json\/wp\/v2\/users\/2"}],"replies":[{"embeddable":true,"href":"https:\/\/www.europesays.com\/lv\/wp-json\/wp\/v2\/comments?post=102504"}],"version-history":[{"count":0,"href":"https:\/\/www.europesays.com\/lv\/wp-json\/wp\/v2\/posts\/102504\/revisions"}],"wp:featuredmedia":[{"embeddable":true,"href":"https:\/\/www.europesays.com\/lv\/wp-json\/wp\/v2\/media\/102505"}],"wp:attachment":[{"href":"https:\/\/www.europesays.com\/lv\/wp-json\/wp\/v2\/media?parent=102504"}],"wp:term":[{"taxonomy":"category","embeddable":true,"href":"https:\/\/www.europesays.com\/lv\/wp-json\/wp\/v2\/categories?post=102504"},{"taxonomy":"post_tag","embeddable":true,"href":"https:\/\/www.europesays.com\/lv\/wp-json\/wp\/v2\/tags?post=102504"}],"curies":[{"name":"wp","href":"https:\/\/api.w.org\/{rel}","templated":true}]}}