{"id":102506,"date":"2026-01-12T22:14:09","date_gmt":"2026-01-12T22:14:09","guid":{"rendered":"https:\/\/www.europesays.com\/lv\/102506\/"},"modified":"2026-01-12T22:14:09","modified_gmt":"2026-01-12T22:14:09","slug":"tragiskaja-avarija-tukuma-novada-boja-gajis-bijusais-salaspils-deputats-ernests-moisejs","status":"publish","type":"post","link":"https:\/\/www.europesays.com\/lv\/102506\/","title":{"rendered":"Tra\u0123iskaj\u0101 av\u0101rij\u0101 Tukuma novad\u0101 boj\u0101 g\u0101jis biju\u0161ais Salaspils deput\u0101ts Ernests Moisejs"},"content":{"rendered":"<p class=\"lead\">\n                                Sv\u0113tdienas p\u0113cpusdien\u0101 Tukuma novad\u0101 notiku\u0161aj\u0101 smagaj\u0101 ce\u013cu satiksmes negad\u012bjum\u0101, kur\u0101 dz\u012bv\u012bbu zaud\u0113ja tr\u012bs cilv\u0113ki, viens no boj\u0101g\u0101ju\u0161ajiem esot bijis Salaspils novada domes biju\u0161ais deput\u0101ts Ernests Moisejs (Nacion\u0101l\u0101 apvien\u012bba), zi\u0146o Latvijas Telev\u012bzijas raid\u012bjums \u201cPanor\u0101ma\u201d.\n                            <\/p>\n<p>Tra\u0123\u0113dija notikusi atce\u013c\u0101 no med\u012bb\u0101m.\u00a0<\/p>\n<p>K\u0101 inform\u0113 Valsts policija, av\u0101rija notikusi uz Ventspils \u0161osejas Sm\u0101rdes pagast\u0101, vieglajam automobilim Toyota Hilux iebraucot pret\u0113j\u0101 brauk\u0161anas josl\u0101 un saduroties ar kravas automa\u0161\u012bnu Volvo. P\u0113c s\u0101kotn\u0113j\u0101s sadursmes notikusi \u0137\u0113des reakcija, kur\u0101 iesaist\u012bti v\u0113l tr\u012bs transportl\u012bdzek\u013ci. Kopum\u0101 negad\u012bjum\u0101 biju\u0161i iesaist\u012bti pieci sp\u0113krati.<\/p>\n<p>Policijas r\u012bc\u012bb\u0101 eso\u0161\u0101 s\u0101kotn\u0113j\u0101 inform\u0101cija liecina, ka Toyota vad\u012bt\u0101js nav ticis gal\u0101 ar transportl\u012bdzek\u013ca vad\u012bbu. Visas tr\u012bs boj\u0101g\u0101ju\u0161\u0101s personas atradu\u0161\u0101s \u0161aj\u0101 automa\u0161\u012bn\u0101.<\/p>\n<p>Par notiku\u0161o ir s\u0101kts krimin\u0101lprocess, un tiek noskaidroti visi negad\u012bjuma apst\u0101k\u013ci.<\/p>\n<p>Valsts policija izsaukumu uz notikuma vietu sa\u0146\u0113ma sv\u0113tdien plkst. 15.17.<\/p>\n<p><img decoding=\"async\" src=\"https:\/\/www.europesays.com\/lv\/wp-content\/uploads\/2026\/01\/1768256049_15_202601120844046964983423dc6.png\" alt=\"Tra\u0123isk\u0101 av\u0101rija.\" loading=\"lazy\"\/><\/p>\n<p class=\"paragraph-muted\">Izv\u0113lies savu soct\u012bklu platformu, lai sekotu LASI.LV: <a href=\"https:\/\/www.facebook.com\/portals.lasi.lv\" target=\"_blank\" rel=\"noopener noreferrer nofollow\">Facebook<\/a>, <a href=\"https:\/\/twitter.com\/lasilvportals\" target=\"_blank\" rel=\"noopener noreferrer nofollow\">X<\/a>, <a href=\"https:\/\/bsky.app\/profile\/lasilv.bsky.social\" target=\"_blank\" rel=\"noopener noreferrer nofollow\">Bluesky<\/a>, <a href=\"https:\/\/www.draugiem.lv\/lasilv\/?pg=4\" target=\"_blank\" rel=\"noopener noreferrer nofollow\">Draugiem<\/a>, <a href=\"https:\/\/www.threads.com\/@lasilv_zinas\" rel=\"nofollow noopener\" target=\"_blank\">Threads<\/a> vai ar\u012b <a href=\"https:\/\/www.instagram.com\/lasilv_zinas\/\" target=\"_blank\" rel=\"noopener noreferrer nofollow\">Instagram<\/a>. Pievienojies m\u016bsu las\u012bt\u0101ju pulkam, lai sa\u0146emtu \u012bpa\u0161i tev atlas\u012btu noder\u012bgu, praktisku un aktu\u0101lu saturu.\u00a0<\/p>\n<p style=\"margin-left:auto;\">Pieraksties LASI.LV redaktora v\u0113stkopai <a href=\"https:\/\/lasi.lv\/vestkopa\/lasi-lv-galvena-redaktora-vestkopa\" rel=\"nofollow noopener\" target=\"_blank\">\u0161eit<\/a>.<\/p>\n<p>Pieraksties v\u0113stkopai un divas reizes ned\u0113\u013c\u0101 sa\u0146em padzi\u013cin\u0101tu LASI.LV galven\u0101 redaktora aktu\u0101lo zi\u0146u, kompetentu viedok\u013cu un interesant\u0101ko interviju apkopojumu.<\/p>\n<p>Ko tu sa\u0146emsi:<\/p>\n<ul>\n<li>Daudzveid\u012bgus koment\u0101rus un kompetentus Latvijas Mediju \u017eurn\u0101listu un autoru viedok\u013cus par aktu\u0101lo<\/li>\n<li>Ekspertu koment\u0101rus par da\u017e\u0101diem praktiskiem, noder\u012bgiem tematiem<\/li>\n<li>Aizraujo\u0161us materi\u0101lus par v\u0113sturi, psiholo\u0123iju, kult\u016bru<\/li>\n<li>Gata \u0160\u013c\u016bkas karikat\u016bru<\/li>\n<li>Tav\u0101 e-pasta kast\u012bt\u0113 katru ceturtdienu<\/li>\n<\/ul>\n<p style=\"margin-left:auto;\">\u00a0<\/p>\n<p><script async src=\"https:\/\/platform.twitter.com\/widgets.js\" charset=\"utf-8\"><\/script><script async src=\"\/\/www.instagram.com\/embed.js\"><\/script><\/p>\n","protected":false},"excerpt":{"rendered":"Sv\u0113tdienas p\u0113cpusdien\u0101 Tukuma novad\u0101 notiku\u0161aj\u0101 smagaj\u0101 ce\u013cu satiksmes negad\u012bjum\u0101, kur\u0101 dz\u012bv\u012bbu zaud\u0113ja tr\u012bs cilv\u0113ki, viens no boj\u0101g\u0101ju\u0161ajiem esot&hellip;\n","protected":false},"author":2,"featured_media":102507,"comment_status":"","ping_status":"","sticky":false,"template":"","format":"standard","meta":{"footnotes":""},"categories":[12],"tags":[23,28,29,32,33,22,30,31,35,39,38,36,37,34,40,20,26,27,24,25,21],"class_list":{"0":"post-102506","1":"post","2":"type-post","3":"status-publish","4":"format-standard","5":"has-post-thumbnail","7":"category-latvija","8":"tag-aktualitates","9":"tag-breaking-news","10":"tag-breakingnews","11":"tag-featured-news","12":"tag-featurednews","13":"tag-headlines","14":"tag-latest-news","15":"tag-latestnews","16":"tag-latvia","17":"tag-latvian","18":"tag-latviesu","19":"tag-latviesu-valoda","20":"tag-latviesuvaloda","21":"tag-latvija","22":"tag-lv","23":"tag-news","24":"tag-popularakas-zinas","25":"tag-popularakaszinas","26":"tag-top-stories","27":"tag-topstories","28":"tag-zinas"},"share_on_mastodon":{"url":"https:\/\/pubeurope.com\/@lv\/115884435898393005","error":""},"_links":{"self":[{"href":"https:\/\/www.europesays.com\/lv\/wp-json\/wp\/v2\/posts\/102506","targetHints":{"allow":["GET"]}}],"collection":[{"href":"https:\/\/www.europesays.com\/lv\/wp-json\/wp\/v2\/posts"}],"about":[{"href":"https:\/\/www.europesays.com\/lv\/wp-json\/wp\/v2\/types\/post"}],"author":[{"embeddable":true,"href":"https:\/\/www.europesays.com\/lv\/wp-json\/wp\/v2\/users\/2"}],"replies":[{"embeddable":true,"href":"https:\/\/www.europesays.com\/lv\/wp-json\/wp\/v2\/comments?post=102506"}],"version-history":[{"count":0,"href":"https:\/\/www.europesays.com\/lv\/wp-json\/wp\/v2\/posts\/102506\/revisions"}],"wp:featuredmedia":[{"embeddable":true,"href":"https:\/\/www.europesays.com\/lv\/wp-json\/wp\/v2\/media\/102507"}],"wp:attachment":[{"href":"https:\/\/www.europesays.com\/lv\/wp-json\/wp\/v2\/media?parent=102506"}],"wp:term":[{"taxonomy":"category","embeddable":true,"href":"https:\/\/www.europesays.com\/lv\/wp-json\/wp\/v2\/categories?post=102506"},{"taxonomy":"post_tag","embeddable":true,"href":"https:\/\/www.europesays.com\/lv\/wp-json\/wp\/v2\/tags?post=102506"}],"curies":[{"name":"wp","href":"https:\/\/api.w.org\/{rel}","templated":true}]}}