{"id":102519,"date":"2026-01-12T22:32:20","date_gmt":"2026-01-12T22:32:20","guid":{"rendered":"https:\/\/www.europesays.com\/lv\/102519\/"},"modified":"2026-01-12T22:32:20","modified_gmt":"2026-01-12T22:32:20","slug":"juglas-dzivnieku-aizstavji-sudzas-rigas-meram-par-policijas-bezdarbibu","status":"publish","type":"post","link":"https:\/\/www.europesays.com\/lv\/102519\/","title":{"rendered":"Juglas dz\u012bvnieku aizst\u0101vji s\u016bdzas R\u012bgas m\u0113ram par policijas bezdarb\u012bbu"},"content":{"rendered":"<p>Praks\u0113 tas noz\u012bm\u0113, ka su\u0146i un kuc\u0113ni m\u0113ne\u0161iem ilgi uzturas patversm\u0113 ar neskaidru statusu &#8211; tos nevar nodot adopcij\u0101, atgriezt \u012bpa\u0161niekam vai nodot cit\u0101m instit\u016bcij\u0101m, jo nav pie\u0146emti tiesiski noform\u0113ti l\u0113mumi. Vienlaikus patversmei pa\u0161ai n\u0101kas segt dz\u012bvnieku \u0101rst\u0113\u0161anas, uztur\u0113\u0161anas un apr\u016bpes izdevumus.<\/p>\n<p>Biedr\u012bba uzsver, ka \u0161\u0101das situ\u0101cijas nav atsevi\u0161\u0137i iz\u0146\u0113mumi, bet nor\u0101da uz ilgsto\u0161u un sistem\u0101tisku probl\u0113mu pa\u0161vald\u012bbas policijas darb\u012bb\u0101 un izpratn\u0113 par dz\u012bvnieku aizsardz\u012bbas jomu.<\/p>\n<p>Biedr\u012bba l\u016bdz pa\u0161vald\u012bbas vad\u012bt\u0101ju nekav\u0113joties izv\u0113rt\u0113t pa\u0161vald\u012bbas policijas r\u012bc\u012bbu, nodro\u0161in\u0101t normat\u012bvo aktu konsekventu piem\u0113ro\u0161anu dz\u012bvnieku aizsardz\u012bbas liet\u0101s, sak\u0101rtot sadarb\u012bbu starp pa\u0161vald\u012bbas policiju, administrat\u012bvo komisiju, Nodro\u0161in\u0101juma valsts a\u0123ent\u016bru un dz\u012bvnieku patversm\u0113m, k\u0101 ar\u012b veikt darbinieku apm\u0101c\u012bbas par dz\u012bvnieku aizsardz\u012bbas un administrat\u012bv\u0101 procesa jaut\u0101jumiem.<\/p>\n","protected":false},"excerpt":{"rendered":"Praks\u0113 tas noz\u012bm\u0113, ka su\u0146i un kuc\u0113ni m\u0113ne\u0161iem ilgi uzturas patversm\u0113 ar neskaidru statusu &#8211; tos nevar nodot&hellip;\n","protected":false},"author":2,"featured_media":102520,"comment_status":"","ping_status":"","sticky":false,"template":"","format":"standard","meta":{"footnotes":""},"categories":[12],"tags":[23,28,29,20106,32,33,22,30,31,35,39,38,36,37,34,40,20,26,27,1911,24,25,21],"class_list":{"0":"post-102519","1":"post","2":"type-post","3":"status-publish","4":"format-standard","5":"has-post-thumbnail","7":"category-latvija","8":"tag-aktualitates","9":"tag-breaking-news","10":"tag-breakingnews","11":"tag-dzivnieku-aizsardzibas-biedriba","12":"tag-featured-news","13":"tag-featurednews","14":"tag-headlines","15":"tag-latest-news","16":"tag-latestnews","17":"tag-latvia","18":"tag-latvian","19":"tag-latviesu","20":"tag-latviesu-valoda","21":"tag-latviesuvaloda","22":"tag-latvija","23":"tag-lv","24":"tag-news","25":"tag-popularakas-zinas","26":"tag-popularakaszinas","27":"tag-rigas-pasvaldibas-policija","28":"tag-top-stories","29":"tag-topstories","30":"tag-zinas"},"share_on_mastodon":{"url":"https:\/\/pubeurope.com\/@lv\/115884506673656713","error":""},"_links":{"self":[{"href":"https:\/\/www.europesays.com\/lv\/wp-json\/wp\/v2\/posts\/102519","targetHints":{"allow":["GET"]}}],"collection":[{"href":"https:\/\/www.europesays.com\/lv\/wp-json\/wp\/v2\/posts"}],"about":[{"href":"https:\/\/www.europesays.com\/lv\/wp-json\/wp\/v2\/types\/post"}],"author":[{"embeddable":true,"href":"https:\/\/www.europesays.com\/lv\/wp-json\/wp\/v2\/users\/2"}],"replies":[{"embeddable":true,"href":"https:\/\/www.europesays.com\/lv\/wp-json\/wp\/v2\/comments?post=102519"}],"version-history":[{"count":0,"href":"https:\/\/www.europesays.com\/lv\/wp-json\/wp\/v2\/posts\/102519\/revisions"}],"wp:featuredmedia":[{"embeddable":true,"href":"https:\/\/www.europesays.com\/lv\/wp-json\/wp\/v2\/media\/102520"}],"wp:attachment":[{"href":"https:\/\/www.europesays.com\/lv\/wp-json\/wp\/v2\/media?parent=102519"}],"wp:term":[{"taxonomy":"category","embeddable":true,"href":"https:\/\/www.europesays.com\/lv\/wp-json\/wp\/v2\/categories?post=102519"},{"taxonomy":"post_tag","embeddable":true,"href":"https:\/\/www.europesays.com\/lv\/wp-json\/wp\/v2\/tags?post=102519"}],"curies":[{"name":"wp","href":"https:\/\/api.w.org\/{rel}","templated":true}]}}