{"id":102521,"date":"2026-01-12T22:34:16","date_gmt":"2026-01-12T22:34:16","guid":{"rendered":"https:\/\/www.europesays.com\/lv\/102521\/"},"modified":"2026-01-12T22:34:16","modified_gmt":"2026-01-12T22:34:16","slug":"muzikalas-bankas-2025-finala-ieklust-emilija-un-atvars-bet-bez-intara-busula-un-dzelzs-vilna-lente-lv","status":"publish","type":"post","link":"https:\/\/www.europesays.com\/lv\/102521\/","title":{"rendered":"\u201cMuzik\u0101l\u0101s bankas 2025\u201d fin\u0101l\u0101 iek\u013c\u016bst Emilija un Atvars, bet bez Intara Busu\u013ca un \u201cDzelzs vi\u013c\u0146a\u201d\u00a0\u2014\u00a0Lente.lv"},"content":{"rendered":"<p>\u201cMuzik\u0101l\u0101s bankas 2025\u201d fin\u0101ls bez zin\u0101miem v\u0101rdiem, bet ar jaun\u0101m cer\u012bb\u0101m<\/p>\n<p>Nosl\u0113dzies Latvijas Radio 2 r\u012bkot\u0101s aptaujas \u201cMuzik\u0101l\u0101 banka 2025\u201d fin\u0101la balsojums, un ir zin\u0101mas t\u0101s 15 dziesmas, kas sacent\u012bsies par aizvad\u012bt\u0101 gada v\u0113rt\u012bg\u0101k\u0101s popa un roka dziesmas titulu. K\u0101 inform\u0113 port\u0101ls NRA, \u0161ogad fin\u0101l\u0101 nav iek\u013cuvu\u0161as t\u0101das popul\u0101ras dziesmas k\u0101 Intara Busu\u013ca izpild\u012bt\u0101 \u201cCik labi\u201d un grupas \u201cDzelzs vilks\u201d dziesma \u201cNep\u0101rtraukta l\u012bnija\u201d. Tom\u0113r skat\u012bt\u0101jus priec\u0113s t\u0101di m\u0101kslinieki k\u0101 Emilija ar dziesmu \u201cPa\u0161am b\u016bt\u201d un Atvars ar kompoz\u012bciju \u201cDz\u012bve m\u016bs m\u0113t\u0101\u201d.<\/p>\n<p>Fin\u0101la dziesmas tika noteiktas klaus\u012bt\u0101ju un aptaujas ekspertu kop\u012bg\u0101 balsojum\u0101. \u0160obr\u012bd s\u0101cies iz\u0161\u0137iro\u0161ais balsojums, kura rezult\u0101t\u0101 tiks pazi\u0146ots gada v\u0113rt\u012bg\u0101k\u0101s dziesmas titula ieguv\u0113js. Nosl\u0113guma ceremonija notiks 24. janv\u0101r\u012b Daugavpils Olimpiskaj\u0101 centr\u0101 un tiks transl\u0113ta Latvijas Radio 2, LTV1, k\u0101 ar\u012b port\u0101los LSM.lv un REplay.lv.<\/p>\n<p>Paz\u012bstami m\u0101kslinieki un jaunpien\u0101c\u0113ji<\/p>\n<p>\u0160\u012b gada \u201cMuzik\u0101l\u0101s bankas 2025\u201d fin\u0101l\u0101 iek\u013cuvu\u0161as gan pieredz\u0113ju\u0161u m\u0101kslinieku, gan ar\u012b jaunpien\u0101c\u0113ju darbi. Starp fin\u0101listiem ir t\u0101di paz\u012bstami v\u0101rdi k\u0101 Dons ar dziesmu \u201cTuvums\u201d, grupa \u201cPr\u0101ta V\u0113tra\u201d ar kompoz\u012bciju \u201cGribu b\u016bt rokst\u0101rs\u201d un grupa \u201cSudden Lights\u201d ar dziesmu \u201cLai tev apn\u012bk skumt\u201d.<\/p>\n<p>Pilns 15 fin\u0101ldziesmu saraksts, alfab\u0113tisk\u0101 sec\u012bb\u0101:<\/p>\n<ul>\n<li>\u201cAcis\u201d \u2013 \u201cY\u016bt\u201d<\/li>\n<li>\u201cAsaras vairs nav t\u0101 v\u0113rtas\u201d \u2013 Luize Burmistrova<\/li>\n<li>\u201cBaudam!\u201d \u2013 Fi\u0146\u0137is<\/li>\n<li>\u201cCitos med\u012bbu laukos\u201d \u2013 \u201cMed\u012bbu Lauki\u201d<\/li>\n<li>\u201cD\u0101rznieks\u201d \u2013 Viktors Buntovskis<\/li>\n<li>\u201cDz\u012bve m\u016bs m\u0113t\u0101\u201d \u2013 Atvara<\/li>\n<li>\u201cEzera son\u0101te\u201d \u2013 Ivo Fomins<\/li>\n<li>\u201cGrib\u0113ju b\u016bt rokst\u0101rs\u201d \u2013 \u201cPr\u0101ta v\u0113tra\u201d<\/li>\n<li>\u201cKad izdzis\u012bs\u201d \u2013 Miks Galvanovskis<\/li>\n<li>\u201cLab\u0101k\u0101 doma pasaul\u0113\u201d \u2013 \u201cCarnival Youth\u201d, pied. Evija V\u0113bere<\/li>\n<li>\u201cLai tev apn\u012bk skumt\u201d \u2013 \u201cSudden Lights\u201d<\/li>\n<li>\u201cPa\u0161am b\u016bt\u201d \u2013 Emilija<\/li>\n<li>\u201cSauciet\u201d \u2013 Antra Stafecka<\/li>\n<li>\u201cTuvums\u201d \u2013 Dons<\/li>\n<li>\u201cV\u0113l vienu reiz\u201d \u2013 \u201cKautkaili\u201d<\/li>\n<\/ul>\n<p>\u017d\u016brijas v\u0113rt\u0113jums un cer\u012bbas uz v\u0113rien\u012bgu \u0161ovu<\/p>\n<p>Fin\u0101la dziesmas v\u0113rt\u0113 ar\u012b neatkar\u012bga un profesion\u0101la \u017e\u016brija, kuras sast\u0101v\u0101 \u0161ogad str\u0101d\u0101 diri\u0123ents Gints Ceplenieks, operdz\u012bdznieks Edgars O\u0161leja, pianists un komponists Mat\u012bss \u017dilinskis, m\u016bzi\u0137e Asnate Ranc\u0101ne, m\u016bzi\u0137is Bruno J\u0101nis Skrasti\u0146\u0161, komponiste Anna Fi\u0161ere, m\u016bzi\u0137is Atis Zviedris, saksofonists K\u0101rlis Auzi\u0146\u0161, aktrise Agnese Budovska un m\u016bzikas \u017eurn\u0101liste Aiga Leitholde. K\u0101 nor\u0101da Latvijas Radio 2 direktors Kaspars Mauri\u0146\u0161, fin\u0101l\u0161ovs sol\u0101s b\u016bt v\u0113rien\u012bgs, pied\u0101v\u0101jot gan fin\u0101listu priek\u0161nesumus, gan citus muzik\u0101lus notikumus, tostarp godinot Maestro Raimondu Paulu vi\u0146a 90. jubilej\u0101 un atska\u0146ojot labdar\u012bbas maratona \u201cDod pieci!\u201d himnu. Paredz\u0113ti ar\u012b divu jaunu kompoz\u012bciju pirmatska\u0146ojumi.<\/p>\n<p>\u201cMuzik\u0101l\u0101s bankas\u201d trad\u012bcijas un v\u0113sture<\/p>\n<p>\u201cMuzik\u0101l\u0101 banka\u201d ir Latvijas Radio 2 popul\u0101r\u0101 popa un roka dziesmu aptauja, kas jau 26 gadus nosaka gada v\u0113rt\u012bg\u0101k\u0101s dziesmas. Visa gada garum\u0101 klaus\u012bt\u0101ju balsojums vietn\u0113 www.muzikalabanka.lv nosaka ned\u0113\u013cas, m\u0113ne\u0161a un gada v\u0113rt\u012bg\u0101k\u0101s dziesmas. Tradicion\u0101li aptaujas nosl\u0113gums ir v\u0113rien\u012bga apbalvo\u0161anas ceremonija, kur\u0101 piedal\u0101s dziesmu autori un izpild\u012bt\u0101ji, kuru darbi tiek nov\u0113rt\u0113ti visaugst\u0101k. Pag\u0101ju\u0161\u0101 gada \u201cMuzik\u0101laj\u0101 bank\u0101 2024\u201d uzvar\u0113ja Antras Stafeckas, Ingara Vi\u013cuma un grupas \u201cJumprava\u201d dziesma \u201cBaltu dz\u012bvi nodz\u012bvot\u201d.<\/p>\n<p>Kas t\u0101l\u0101k?<\/p>\n<p>Nosl\u0113guma ceremonija notiks 24. janv\u0101r\u012b Daugavpils Olimpiskaj\u0101 centr\u0101. Uzvar\u0113t\u0101ju noteiks tikai un vien\u012bgi klaus\u012bt\u0101ju un skat\u012bt\u0101ju balsojums tie\u0161raid\u0113. Pas\u0101kumu var\u0113s v\u0113rot un klaus\u012bties Latvijas Radio 2, LTV1, k\u0101 ar\u012b port\u0101los LSM.lv un REplay.lv.<\/p>\n","protected":false},"excerpt":{"rendered":"\u201cMuzik\u0101l\u0101s bankas 2025\u201d fin\u0101ls bez zin\u0101miem v\u0101rdiem, bet ar jaun\u0101m cer\u012bb\u0101m Nosl\u0113dzies Latvijas Radio 2 r\u012bkot\u0101s aptaujas \u201cMuzik\u0101l\u0101&hellip;\n","protected":false},"author":2,"featured_media":102522,"comment_status":"","ping_status":"","sticky":false,"template":"","format":"standard","meta":{"footnotes":""},"categories":[19],"tags":[89,24385,90,35,39,38,194,36,37,34,23001,40,24384,4331],"class_list":{"0":"post-102521","1":"post","2":"type-post","3":"status-publish","4":"format-standard","5":"has-post-thumbnail","7":"category-izklaide","8":"tag-entertainment","9":"tag-finaldziesmas","10":"tag-izklaide","11":"tag-latvia","12":"tag-latvian","13":"tag-latviesu","14":"tag-latviesu-muzika","15":"tag-latviesu-valoda","16":"tag-latviesuvaloda","17":"tag-latvija","18":"tag-latvijas-radio-2","19":"tag-lv","20":"tag-muzikala-banka-2025","21":"tag-popmuzika"},"share_on_mastodon":{"url":"https:\/\/pubeurope.com\/@lv\/115884514541465588","error":""},"_links":{"self":[{"href":"https:\/\/www.europesays.com\/lv\/wp-json\/wp\/v2\/posts\/102521","targetHints":{"allow":["GET"]}}],"collection":[{"href":"https:\/\/www.europesays.com\/lv\/wp-json\/wp\/v2\/posts"}],"about":[{"href":"https:\/\/www.europesays.com\/lv\/wp-json\/wp\/v2\/types\/post"}],"author":[{"embeddable":true,"href":"https:\/\/www.europesays.com\/lv\/wp-json\/wp\/v2\/users\/2"}],"replies":[{"embeddable":true,"href":"https:\/\/www.europesays.com\/lv\/wp-json\/wp\/v2\/comments?post=102521"}],"version-history":[{"count":0,"href":"https:\/\/www.europesays.com\/lv\/wp-json\/wp\/v2\/posts\/102521\/revisions"}],"wp:featuredmedia":[{"embeddable":true,"href":"https:\/\/www.europesays.com\/lv\/wp-json\/wp\/v2\/media\/102522"}],"wp:attachment":[{"href":"https:\/\/www.europesays.com\/lv\/wp-json\/wp\/v2\/media?parent=102521"}],"wp:term":[{"taxonomy":"category","embeddable":true,"href":"https:\/\/www.europesays.com\/lv\/wp-json\/wp\/v2\/categories?post=102521"},{"taxonomy":"post_tag","embeddable":true,"href":"https:\/\/www.europesays.com\/lv\/wp-json\/wp\/v2\/tags?post=102521"}],"curies":[{"name":"wp","href":"https:\/\/api.w.org\/{rel}","templated":true}]}}