{"id":102523,"date":"2026-01-12T22:40:07","date_gmt":"2026-01-12T22:40:07","guid":{"rendered":"https:\/\/www.europesays.com\/lv\/102523\/"},"modified":"2026-01-12T22:40:07","modified_gmt":"2026-01-12T22:40:07","slug":"zelta-globuss-2026-%e2%9f%a9-jaunie-donzuani-kuri-lauz-sirdis","status":"publish","type":"post","link":"https:\/\/www.europesays.com\/lv\/102523\/","title":{"rendered":"ZELTA GLOBUSS 2026 \u27e9 Jaunie don\u017eu\u0101ni, kuri lau\u017e sirdis"},"content":{"rendered":"<p>Vi\u0146i ir talant\u012bgi, harizm\u0101tiski un tik p\u0101rliecino\u0161i sav\u0101 kl\u0101tb\u016btn\u0113, ka skatieni seko katram solim \u2014 gan uz ekr\u0101na, gan \u0101rpus t\u0101. \u201cZelta Globuss 2026\u201d sarkano pakl\u0101ju piepild\u012bja jaun\u0101s paaudzes aktieri, kuri apvieno izcilu aktiermeistar\u012bbu ar nevainojamu stilu, k\u013c\u016bstot par vakara neofici\u0101lajiem sir\u017eu lauz\u0113jiem. No Timotija \u0160alam\u0113 un Pola Meskela l\u012bdz D\u017eeremijam Alenam Vaitam un Patrikam \u0160varcenegeram \u2014 \u0161ie v\u012brie\u0161i pier\u0101da, ka kino n\u0101kotnei ir seja, balss un neatvair\u0101ma pievilc\u012bba.<\/p>\n","protected":false},"excerpt":{"rendered":"Vi\u0146i ir talant\u012bgi, harizm\u0101tiski un tik p\u0101rliecino\u0161i sav\u0101 kl\u0101tb\u016btn\u0113, ka skatieni seko katram solim \u2014 gan uz ekr\u0101na,&hellip;\n","protected":false},"author":2,"featured_media":102524,"comment_status":"","ping_status":"","sticky":false,"template":"","format":"standard","meta":{"footnotes":""},"categories":[19],"tags":[89,90,35,39,38,36,37,34,40,5767,17864],"class_list":{"0":"post-102523","1":"post","2":"type-post","3":"status-publish","4":"format-standard","5":"has-post-thumbnail","7":"category-izklaide","8":"tag-entertainment","9":"tag-izklaide","10":"tag-latvia","11":"tag-latvian","12":"tag-latviesu","13":"tag-latviesu-valoda","14":"tag-latviesuvaloda","15":"tag-latvija","16":"tag-lv","17":"tag-sarkanais-paklajs","18":"tag-zelta-globuss"},"share_on_mastodon":{"url":"https:\/\/pubeurope.com\/@lv\/115884538107279202","error":""},"_links":{"self":[{"href":"https:\/\/www.europesays.com\/lv\/wp-json\/wp\/v2\/posts\/102523","targetHints":{"allow":["GET"]}}],"collection":[{"href":"https:\/\/www.europesays.com\/lv\/wp-json\/wp\/v2\/posts"}],"about":[{"href":"https:\/\/www.europesays.com\/lv\/wp-json\/wp\/v2\/types\/post"}],"author":[{"embeddable":true,"href":"https:\/\/www.europesays.com\/lv\/wp-json\/wp\/v2\/users\/2"}],"replies":[{"embeddable":true,"href":"https:\/\/www.europesays.com\/lv\/wp-json\/wp\/v2\/comments?post=102523"}],"version-history":[{"count":0,"href":"https:\/\/www.europesays.com\/lv\/wp-json\/wp\/v2\/posts\/102523\/revisions"}],"wp:featuredmedia":[{"embeddable":true,"href":"https:\/\/www.europesays.com\/lv\/wp-json\/wp\/v2\/media\/102524"}],"wp:attachment":[{"href":"https:\/\/www.europesays.com\/lv\/wp-json\/wp\/v2\/media?parent=102523"}],"wp:term":[{"taxonomy":"category","embeddable":true,"href":"https:\/\/www.europesays.com\/lv\/wp-json\/wp\/v2\/categories?post=102523"},{"taxonomy":"post_tag","embeddable":true,"href":"https:\/\/www.europesays.com\/lv\/wp-json\/wp\/v2\/tags?post=102523"}],"curies":[{"name":"wp","href":"https:\/\/api.w.org\/{rel}","templated":true}]}}