{"id":102527,"date":"2026-01-12T23:03:07","date_gmt":"2026-01-12T23:03:07","guid":{"rendered":"https:\/\/www.europesays.com\/lv\/102527\/"},"modified":"2026-01-12T23:03:07","modified_gmt":"2026-01-12T23:03:07","slug":"brauktuve-vai-stavvieta-pie-daugavas-sporta-nama-autovaditajus-mulsina-cela-zimes","status":"publish","type":"post","link":"https:\/\/www.europesays.com\/lv\/102527\/","title":{"rendered":"Brauktuve vai st\u0101vvieta? Pie Daugavas sporta nama autovad\u012bt\u0101jus mulsina ce\u013ca z\u012bmes"},"content":{"rendered":"<p>\u0112rg\u013cu iel\u0101 atrodas maksas st\u0101vvietas teritorija, kas pieder pa\u0161vald\u012bbai, ir nodota lieto\u0161an\u0101 un apsaimnieko\u0161an\u0101 pa\u0161vald\u012bbas iest\u0101dei &#8220;B\u0113rnu un jaunie\u0161u basketbola skola &#8220;R\u012bga&#8221;&#8221;.<\/p>\n<p>&#8220;Daugavas sporta namam pret\u0113j\u0101 pus\u0113 teritorij\u0101 tika veikti b\u016bvdarbi un ar\u012b teritorijas labiek\u0101rto\u0161ana: sak\u0101rtota ar\u012b ce\u013ca brauktuve, izb\u016bv\u0113ta <a href=\"https:\/\/www.tvnet.lv\/term\/578777\/autostavvieta\" class=\"topicLink\" target=\"_blank\" rel=\"nofollow noopener\">autost\u0101vvieta<\/a>, nobru\u0123\u0113tas ietves. Veicot \u0161os darbus, sa\u0161aurin\u0101j\u0101s eso\u0161\u0101 brauktuve. Savuk\u0101rt otr\u0101 pus\u0113 eso\u0161\u0101s autost\u0101vvietas, kad <a href=\"https:\/\/www.tvnet.lv\/term\/568367\/automasinas\" class=\"topicLink\" target=\"_blank\" rel=\"nofollow noopener\">automa\u0161\u012bnas<\/a> novieto perpendikul\u0101ri brauktuvei, v\u0113sturiski vienm\u0113r \u0161\u0101d\u0101 veid\u0101 tur ir izvietotas. Iemeslu, k\u0101d\u0113\u013c projekta izstr\u0101des un realiz\u0101cijas laik\u0101 ar\u012b \u0161\u012b vieta netika sak\u0101rtota, ir gr\u016bti pateikt, bet tas, ko es varu pateikt \u0161obr\u012bd, \u2013 ka tam uzman\u012bba ir piev\u0113rsta un ce\u013ca z\u012bmes tiks nomain\u012btas un st\u0101vvietas izvietotas paral\u0113li brauktuvei,&#8221; sac\u012bja R\u012bgas pa\u0161vald\u012bbas \u0100rtelpas un mobilit\u0101tes departamenta p\u0101rst\u0101ve Lelde Rudzika.<\/p>\n<p>T\u0101tad \u2013 pa\u0161vald\u012bb\u0101 atz\u012bst, ka \u0112rg\u013cu iel\u0101 radusies \u0137ibele un nav pat skaidrs, kur\u0161 to pie\u013c\u0101vis. Bet, ja galarezult\u0101t\u0101 iela, iev\u0113rojot bezj\u0113dz\u012bg\u0101s z\u012bmes, tiek blo\u0137\u0113ta, autovad\u012bt\u0101js par to var sa\u0146emt sodu.<\/p>\n<p>&#8220;Ir j\u0101draudz\u0113jas ar veselo sapr\u0101tu, tas pats par sevi. Ja tev paliek vismaz \u0161ie tr\u012bs metri, kur jebkur\u0161 automobilis var br\u012bvi gar\u0101m aizbraukt, tad tas ir pie\u013caujams, bet ar\u012b uz norm\u0101liem ce\u013ciem, kur, iesp\u0113jams, ir plat\u0101ka \u0161\u012b brauktuve, noteikti neliks asto\u0146u metru garu busu, kam gar\u0101m nevar aizbraukt. T\u0101tad, ja ar\u012b k\u0101ds ir nok\u013c\u016bd\u012bjies ar ce\u013ca z\u012bm\u0113m, tad vad\u012bt\u0101jam ar lo\u0123isko sapr\u0101tu ir j\u0101draudz\u0113jas, un, ja \u0161ie tr\u012bs metri nepaliek, kur gar\u0101m pabraukt jebkuram transportl\u012bdzeklim, tad tas noz\u012bm\u0113, ka tur nedr\u012bkst likt automobili,&#8221; skaidroja CSDD satiksmes dro\u0161\u012bbas eksperts Oskars Irb\u012btis.<\/p>\n","protected":false},"excerpt":{"rendered":"\u0112rg\u013cu iel\u0101 atrodas maksas st\u0101vvietas teritorija, kas pieder pa\u0161vald\u012bbai, ir nodota lieto\u0161an\u0101 un apsaimnieko\u0161an\u0101 pa\u0161vald\u012bbas iest\u0101dei &#8220;B\u0113rnu un&hellip;\n","protected":false},"author":2,"featured_media":102528,"comment_status":"","ping_status":"","sticky":false,"template":"","format":"standard","meta":{"footnotes":""},"categories":[5],"tags":[23,1494,8851,28,29,32,33,22,30,31,35,39,38,36,37,34,40,20,26,27,8852,24,25,21],"class_list":{"0":"post-102527","1":"post","2":"type-post","3":"status-publish","4":"format-standard","5":"has-post-thumbnail","7":"category-aktualitates","8":"tag-aktualitates","9":"tag-automasinas","10":"tag-autostavvieta","11":"tag-breaking-news","12":"tag-breakingnews","13":"tag-featured-news","14":"tag-featurednews","15":"tag-headlines","16":"tag-latest-news","17":"tag-latestnews","18":"tag-latvia","19":"tag-latvian","20":"tag-latviesu","21":"tag-latviesu-valoda","22":"tag-latviesuvaloda","23":"tag-latvija","24":"tag-lv","25":"tag-news","26":"tag-popularakas-zinas","27":"tag-popularakaszinas","28":"tag-stavvieta","29":"tag-top-stories","30":"tag-topstories","31":"tag-zinas"},"share_on_mastodon":{"url":"https:\/\/pubeurope.com\/@lv\/115884628606594754","error":""},"_links":{"self":[{"href":"https:\/\/www.europesays.com\/lv\/wp-json\/wp\/v2\/posts\/102527","targetHints":{"allow":["GET"]}}],"collection":[{"href":"https:\/\/www.europesays.com\/lv\/wp-json\/wp\/v2\/posts"}],"about":[{"href":"https:\/\/www.europesays.com\/lv\/wp-json\/wp\/v2\/types\/post"}],"author":[{"embeddable":true,"href":"https:\/\/www.europesays.com\/lv\/wp-json\/wp\/v2\/users\/2"}],"replies":[{"embeddable":true,"href":"https:\/\/www.europesays.com\/lv\/wp-json\/wp\/v2\/comments?post=102527"}],"version-history":[{"count":0,"href":"https:\/\/www.europesays.com\/lv\/wp-json\/wp\/v2\/posts\/102527\/revisions"}],"wp:featuredmedia":[{"embeddable":true,"href":"https:\/\/www.europesays.com\/lv\/wp-json\/wp\/v2\/media\/102528"}],"wp:attachment":[{"href":"https:\/\/www.europesays.com\/lv\/wp-json\/wp\/v2\/media?parent=102527"}],"wp:term":[{"taxonomy":"category","embeddable":true,"href":"https:\/\/www.europesays.com\/lv\/wp-json\/wp\/v2\/categories?post=102527"},{"taxonomy":"post_tag","embeddable":true,"href":"https:\/\/www.europesays.com\/lv\/wp-json\/wp\/v2\/tags?post=102527"}],"curies":[{"name":"wp","href":"https:\/\/api.w.org\/{rel}","templated":true}]}}