{"id":102546,"date":"2026-01-13T01:21:15","date_gmt":"2026-01-13T01:21:15","guid":{"rendered":"https:\/\/www.europesays.com\/lv\/102546\/"},"modified":"2026-01-13T01:21:15","modified_gmt":"2026-01-13T01:21:15","slug":"es-biju-atkariga-23-gadus-sieviete-atklaj-ka-bijusi-atkariga-no-deguna-aerosoliem","status":"publish","type":"post","link":"https:\/\/www.europesays.com\/lv\/102546\/","title":{"rendered":"&#8220;Es biju atkar\u012bga 23 gadus.&#8221; Sieviete atkl\u0101j, ka bijusi atkar\u012bga no deguna aerosoliem"},"content":{"rendered":"<p>Miljoniem cilv\u0113ku vis\u0101 paaul\u0113 risk\u0113 k\u013c\u016bt atkar\u012bgi no deguna t\u016bsku mazino\u0161ajiem aerosoliem, br\u012bdina speci\u0101listi, v\u0113sta \u0101rvalstu mediji. Par \u0161o sam\u0113r\u0101 maz apspriesto probl\u0113mu atkl\u0101ti past\u0101st\u012bjusi 30 gadus vec\u0101 \u0160arlote D\u017eonsone, kura atz\u012bst &#8211; deguna aerosoli vi\u0146as ikdienas neat\u0146emama sast\u0101vda\u013ca biju\u0161i jau kop\u0161 septi\u0146u gadu vecuma.<\/p>\n<p>Aerosoli, kas br\u012bvi pieejami aptiek\u0101s bez receptes, paredz\u0113ti \u012bslaic\u012bgai pal\u012bdz\u012bbai aizlikta deguna gad\u012bjum\u0101. Tom\u0113r uz iepakojuma nor\u0101d\u012bto br\u012bdin\u0101jumu &#8211; nelietot ilg\u0101k par septi\u0146\u0101m dien\u0101m &#8211; daudzi ignor\u0113.<\/p>\n","protected":false},"excerpt":{"rendered":"Miljoniem cilv\u0113ku vis\u0101 paaul\u0113 risk\u0113 k\u013c\u016bt atkar\u012bgi no deguna t\u016bsku mazino\u0161ajiem aerosoliem, br\u012bdina speci\u0101listi, v\u0113sta \u0101rvalstu mediji. Par&hellip;\n","protected":false},"author":2,"featured_media":102547,"comment_status":"","ping_status":"","sticky":false,"template":"","format":"standard","meta":{"footnotes":""},"categories":[5],"tags":[23,28,29,32,33,22,30,31,35,39,38,36,37,34,40,20,26,27,24,25,2238,181,787,21],"class_list":{"0":"post-102546","1":"post","2":"type-post","3":"status-publish","4":"format-standard","5":"has-post-thumbnail","7":"category-aktualitates","8":"tag-aktualitates","9":"tag-breaking-news","10":"tag-breakingnews","11":"tag-featured-news","12":"tag-featurednews","13":"tag-headlines","14":"tag-latest-news","15":"tag-latestnews","16":"tag-latvia","17":"tag-latvian","18":"tag-latviesu","19":"tag-latviesu-valoda","20":"tag-latviesuvaloda","21":"tag-latvija","22":"tag-lv","23":"tag-news","24":"tag-popularakas-zinas","25":"tag-popularakaszinas","26":"tag-top-stories","27":"tag-topstories","28":"tag-tvnet-arvalstis","29":"tag-veseliba","30":"tag-veselibas-aprupe","31":"tag-zinas"},"share_on_mastodon":{"url":"https:\/\/pubeurope.com\/@lv\/115885171151529289","error":""},"_links":{"self":[{"href":"https:\/\/www.europesays.com\/lv\/wp-json\/wp\/v2\/posts\/102546","targetHints":{"allow":["GET"]}}],"collection":[{"href":"https:\/\/www.europesays.com\/lv\/wp-json\/wp\/v2\/posts"}],"about":[{"href":"https:\/\/www.europesays.com\/lv\/wp-json\/wp\/v2\/types\/post"}],"author":[{"embeddable":true,"href":"https:\/\/www.europesays.com\/lv\/wp-json\/wp\/v2\/users\/2"}],"replies":[{"embeddable":true,"href":"https:\/\/www.europesays.com\/lv\/wp-json\/wp\/v2\/comments?post=102546"}],"version-history":[{"count":0,"href":"https:\/\/www.europesays.com\/lv\/wp-json\/wp\/v2\/posts\/102546\/revisions"}],"wp:featuredmedia":[{"embeddable":true,"href":"https:\/\/www.europesays.com\/lv\/wp-json\/wp\/v2\/media\/102547"}],"wp:attachment":[{"href":"https:\/\/www.europesays.com\/lv\/wp-json\/wp\/v2\/media?parent=102546"}],"wp:term":[{"taxonomy":"category","embeddable":true,"href":"https:\/\/www.europesays.com\/lv\/wp-json\/wp\/v2\/categories?post=102546"},{"taxonomy":"post_tag","embeddable":true,"href":"https:\/\/www.europesays.com\/lv\/wp-json\/wp\/v2\/tags?post=102546"}],"curies":[{"name":"wp","href":"https:\/\/api.w.org\/{rel}","templated":true}]}}