{"id":102550,"date":"2026-01-13T01:27:15","date_gmt":"2026-01-13T01:27:15","guid":{"rendered":"https:\/\/www.europesays.com\/lv\/102550\/"},"modified":"2026-01-13T01:27:15","modified_gmt":"2026-01-13T01:27:15","slug":"video-%e2%9f%a9-celu-uzturetaji-noraida-parmetumus-par-ventspils-sosejas-pienacigu-netirisanu-tragedijas-diena","status":"publish","type":"post","link":"https:\/\/www.europesays.com\/lv\/102550\/","title":{"rendered":"VIDEO \u27e9 Ce\u013cu uztur\u0113t\u0101ji noraida p\u0101rmetumus par Ventspils \u0161osejas pien\u0101c\u012bgu net\u012br\u012b\u0161anu tra\u0123\u0113dijas dien\u0101"},"content":{"rendered":"<p>Str\u0101dnieki no av\u0101rij\u0101 apg\u0101zt\u0101 kravas auto \u0161odien p\u0101rkr\u0101va kartona kastes uz citu auto. Smagais auto p\u0101rvad\u0101ja p\u0101rtikas kravu, notikuma viet\u0101 redzamas makaronu pakas. Satiksmi negad\u012bjuma viet\u0101 regul\u0113 policija.<\/p>\n<p>\u201cLatvijas Telev\u012bzijas\u201d raid\u012bjumam \u201cPanor\u0101ma\u201d zin\u0101ms, ka viens no boj\u0101g\u0101ju\u0161ajiem ir biju\u0161ais Salaspils novada domes deput\u0101ts Ernests Moisejs (Nacion\u0101l\u0101 apvien\u012bba). Savuk\u0101rt otrs ir Val\u0113rijs Boska\u010denko, kura <a target=\"_blank\" rel=\"noopener noreferrer nofollow\" href=\"https:\/\/www.tvnet.lv\/8395179\/zvaniju-tetis-neatbildeja-kas-svetdien-notika-uz-ventspils-cela-kur-avareja-5-automasinas\">meita port\u0101lam TVNET past\u0101st\u012bja<\/a> par likten\u012bgaj\u0101 dien\u0101 piedz\u012bvoto. Par tre\u0161\u0101 boj\u0101 g\u0101ju\u0161\u0101 person\u012bbu inform\u0101cija publiski nav izskan\u0113jusi.<\/p>\n<p>P\u0113c av\u0101rijas bija dzirdamas da\u017e\u0101das versijas par nelaimes iemesliem, to skait\u0101 ar\u012b ba\u017eas, ka av\u0101riju var\u0113tu b\u016bt veicin\u0101ju\u0161i sliktie laikapst\u0101k\u013ci un slidenais ce\u013c\u0161.<\/p>\n<p><img decoding=\"async\" class=\"figure__image\" onclick=\"triggerEvent('articleImageClick', { id: 17384829, focus: 'single-image', focusIndex: '17384829' })\" onkeydown=\"if (event.key === 'Enter') {&#10;        triggerEvent('articleImageClick', { id: 17384829, focus: 'single-image', focusIndex: '17384829' })&#10;        }\" role=\"button\" tabindex=\"0\" data-focus-from=\"single-image\" data-focus-index=\"17384829\" src=\"https:\/\/www.europesays.com\/lv\/wp-content\/uploads\/2026\/01\/17384829t1hf77b.jpg\"  onload=\"this.parentElement.classList.remove('figure__image-loading')\" alt=\"\"\/> Foto: Ekr\u0101nuz\u0146\u0113mums no video<\/p>\n<p>VSIA \u201cLatvijas Valsts ce\u013ci\u201d komunik\u0101cijas da\u013cas vad\u012bt\u0101ja Anna Kononova \u201cTV3 Zi\u0146\u0101m\u201d past\u0101st\u012bja, ka \u0161osejas t\u012br\u012b\u0161ana \u0161aj\u0101 dien\u0101 tika veikta vair\u0101kas reizes, ar\u012b kais\u012b\u0161ana, un ar\u012b no meteostaciju att\u0113liem var redz\u0113t, ka ce\u013c\u0161 bija kais\u012bts un t\u012br\u012bts, un viss tika dar\u012bts atbilsto\u0161i Ministru kabineta noteikumu pras\u012bb\u0101m. J\u0101atceras, ka atbilsto\u0161i \u0161\u012bm pras\u012bb\u0101m ziem\u0101 ir pie\u013caujams sniegs un ledus uz ce\u013ca, jo ne vienm\u0113r to ir iesp\u0113jams piln\u012bb\u0101 nov\u0113rst.<\/p>\n<p><a target=\"_blank\" rel=\"noopener noreferrer nofollow\" href=\"https:\/\/www.youtube.com\/watch?v=wUwFCzVgVRU\">LTV \u201cPanor\u0101mas\u201d<\/a> r\u012bc\u012bb\u0101 eso\u0161\u0101 inform\u0101cija liecina, ka negad\u012bjums notika viet\u0101, kur ce\u013c\u0161 ir labi p\u0101rredzams un l\u012bdzens.<\/p>\n<p>Jau zi\u0146ots, ka sv\u0113tdien plkst. 15.17 sa\u0146emts izsaukums uz Tukuma novadu, Sm\u0101rdes pagastu, kur notikusi sadursme.<\/p>\n<p>Av\u0101rij\u0101 boj\u0101 g\u0101ju\u0161as tr\u012bs personas, kas atradu\u0161\u0101s automa\u0161\u012bn\u0101 \u201cToyota Hilux\u201d.<\/p>\n<p>Vair\u0101k skaties \u201cTV3 Zi\u0146u\u201d si\u017eet\u0101<\/p>\n","protected":false},"excerpt":{"rendered":"Str\u0101dnieki no av\u0101rij\u0101 apg\u0101zt\u0101 kravas auto \u0161odien p\u0101rkr\u0101va kartona kastes uz citu auto. Smagais auto p\u0101rvad\u0101ja p\u0101rtikas kravu,&hellip;\n","protected":false},"author":2,"featured_media":102551,"comment_status":"","ping_status":"","sticky":false,"template":"","format":"standard","meta":{"footnotes":""},"categories":[5],"tags":[23,28,29,119,347,32,33,22,30,31,35,39,38,36,37,34,40,20,26,27,1528,24,25,18665,21],"class_list":{"0":"post-102550","1":"post","2":"type-post","3":"status-publish","4":"format-standard","5":"has-post-thumbnail","7":"category-aktualitates","8":"tag-aktualitates","9":"tag-breaking-news","10":"tag-breakingnews","11":"tag-celu-satiksmes-negadijumi","12":"tag-celu-satiksmes-negadijums","13":"tag-featured-news","14":"tag-featurednews","15":"tag-headlines","16":"tag-latest-news","17":"tag-latestnews","18":"tag-latvia","19":"tag-latvian","20":"tag-latviesu","21":"tag-latviesu-valoda","22":"tag-latviesuvaloda","23":"tag-latvija","24":"tag-lv","25":"tag-news","26":"tag-popularakas-zinas","27":"tag-popularakaszinas","28":"tag-satiksmes-drosiba","29":"tag-top-stories","30":"tag-topstories","31":"tag-ventspils-soseja","32":"tag-zinas"},"share_on_mastodon":{"url":"https:\/\/pubeurope.com\/@lv\/115885194786147005","error":""},"_links":{"self":[{"href":"https:\/\/www.europesays.com\/lv\/wp-json\/wp\/v2\/posts\/102550","targetHints":{"allow":["GET"]}}],"collection":[{"href":"https:\/\/www.europesays.com\/lv\/wp-json\/wp\/v2\/posts"}],"about":[{"href":"https:\/\/www.europesays.com\/lv\/wp-json\/wp\/v2\/types\/post"}],"author":[{"embeddable":true,"href":"https:\/\/www.europesays.com\/lv\/wp-json\/wp\/v2\/users\/2"}],"replies":[{"embeddable":true,"href":"https:\/\/www.europesays.com\/lv\/wp-json\/wp\/v2\/comments?post=102550"}],"version-history":[{"count":0,"href":"https:\/\/www.europesays.com\/lv\/wp-json\/wp\/v2\/posts\/102550\/revisions"}],"wp:featuredmedia":[{"embeddable":true,"href":"https:\/\/www.europesays.com\/lv\/wp-json\/wp\/v2\/media\/102551"}],"wp:attachment":[{"href":"https:\/\/www.europesays.com\/lv\/wp-json\/wp\/v2\/media?parent=102550"}],"wp:term":[{"taxonomy":"category","embeddable":true,"href":"https:\/\/www.europesays.com\/lv\/wp-json\/wp\/v2\/categories?post=102550"},{"taxonomy":"post_tag","embeddable":true,"href":"https:\/\/www.europesays.com\/lv\/wp-json\/wp\/v2\/tags?post=102550"}],"curies":[{"name":"wp","href":"https:\/\/api.w.org\/{rel}","templated":true}]}}