{"id":102554,"date":"2026-01-13T01:33:15","date_gmt":"2026-01-13T01:33:15","guid":{"rendered":"https:\/\/www.europesays.com\/lv\/102554\/"},"modified":"2026-01-13T01:33:15","modified_gmt":"2026-01-13T01:33:15","slug":"alla-pugacova-un-igors-krutojs-velta-sirsnigus-vardus-raimondam-paulam-jubileja","status":"publish","type":"post","link":"https:\/\/www.europesays.com\/lv\/102554\/","title":{"rendered":"Alla Puga\u010dova un Igors Krutojs velta sirsn\u012bgus v\u0101rdus Raimondam Paulam jubilej\u0101"},"content":{"rendered":"<p>Krutojs uzskata, ka l\u012bdz pat \u0161ai dienai katra Raimonda par\u0101d\u012b\u0161an\u0101s uz skatuves ir notikums; vi\u0146a dzirksto\u0161ais humors un mier\u012bg\u0101 sejas izteiksme sag\u0101d\u0101 prieku visiem, kas ar vi\u0146u mijiedarbojas.<\/p>\n<p>\u201cCik br\u012bni\u0161\u0137\u012bgi, ka pirms 22 gadiem m\u0113s ar Raimondu rad\u012bj\u0101m konkursu un festiv\u0101lu \u201cJaunais vilnis\u201d, kas popul\u0101rajai m\u016bzikai deva daudz jaunu v\u0101rdu un dziesmu. D\u0101rgais Raimond, nov\u0113lu Tev vesel\u012bbu un prieku. Lai Dievs Tev pie\u0161\u0137ir garas 100. gadadienas svin\u012bbas, un tad m\u0113s izteiksim v\u0113l vair\u0101k v\u0113l\u0113jumu. Es tevi m\u012blu un cienu,\u201d t\u0101 Krutojs.<\/p>\n<blockquote class=\"instagram-media\" style=\"background: #FFF; border: 0; border-radius: 3px; box-shadow: 0 0 1px 0 rgba(0,0,0,0.5),0 1px 10px 0 rgba(0,0,0,0.15); margin: 1px; max-width: 540px; min-width: 326px; padding: 0; width: calc(100% - 2px);\" data-instgrm-captioned=\"\" data-instgrm-permalink=\"https:\/\/www.instagram.com\/reel\/DTYnqJ6iLhV\/?utm_source=ig_embed&amp;utm_campaign=loading\" data-instgrm-version=\"14\">\n<\/blockquote>\n<p>Alla Puga\u010dova savos v\u0113l\u0113jumos ir \u012bs\u0101ka, vi\u0146a publisko kopbildi, kur gan vi\u0146a, gan maestro izskat\u0101s laim\u012bgi un velta \u012bsus sveiciena v\u0101rdus.<\/p>\n<p>\u201cVecais pulkstenis joproj\u0101m darbojas. Daudz laimes gadadien\u0101, Maestro,\u201d raksta Alla.<\/p>\n<blockquote class=\"instagram-media\" style=\"background: #FFF; border: 0; border-radius: 3px; box-shadow: 0 0 1px 0 rgba(0,0,0,0.5),0 1px 10px 0 rgba(0,0,0,0.15); margin: 1px; max-width: 540px; min-width: 326px; padding: 0; width: calc(100% - 2px);\" data-instgrm-captioned=\"\" data-instgrm-permalink=\"https:\/\/www.instagram.com\/p\/DTaeqnIDIgU\/?utm_source=ig_embed&amp;utm_campaign=loading\" data-instgrm-version=\"14\">\n<\/blockquote>\n<p class=\"tv3-fw-500\">Zi\u0146o par k\u013c\u016bdu rakst\u0101<\/p>\n<p class=\"d-md-block d-none\">Iez\u012bm\u0113 k\u013c\u016bdaino tekstu un spied Ctrl+Enter.<\/p>\n<p class=\"d-md-none d-block\">Iez\u012bm\u0113 k\u013c\u016bdaino tekstu un zi\u0146o par to!<\/p>\n<p>                <script async src=\"\/\/www.instagram.com\/embed.js\"><\/script><\/p>\n","protected":false},"excerpt":{"rendered":"Krutojs uzskata, ka l\u012bdz pat \u0161ai dienai katra Raimonda par\u0101d\u012b\u0161an\u0101s uz skatuves ir notikums; vi\u0146a dzirksto\u0161ais humors un&hellip;\n","protected":false},"author":2,"featured_media":102555,"comment_status":"","ping_status":"","sticky":false,"template":"","format":"standard","meta":{"footnotes":""},"categories":[5],"tags":[23,24867,28,29,32,33,22,30,31,35,39,38,36,37,34,40,20,26,27,24,25,21],"class_list":{"0":"post-102554","1":"post","2":"type-post","3":"status-publish","4":"format-standard","5":"has-post-thumbnail","7":"category-aktualitates","8":"tag-aktualitates","9":"tag-alla-pugacovadzimsanas-dienaigors-krutojsmaestro-raimonds-pauls","10":"tag-breaking-news","11":"tag-breakingnews","12":"tag-featured-news","13":"tag-featurednews","14":"tag-headlines","15":"tag-latest-news","16":"tag-latestnews","17":"tag-latvia","18":"tag-latvian","19":"tag-latviesu","20":"tag-latviesu-valoda","21":"tag-latviesuvaloda","22":"tag-latvija","23":"tag-lv","24":"tag-news","25":"tag-popularakas-zinas","26":"tag-popularakaszinas","27":"tag-top-stories","28":"tag-topstories","29":"tag-zinas"},"share_on_mastodon":{"url":"https:\/\/pubeurope.com\/@lv\/115885218347594616","error":""},"_links":{"self":[{"href":"https:\/\/www.europesays.com\/lv\/wp-json\/wp\/v2\/posts\/102554","targetHints":{"allow":["GET"]}}],"collection":[{"href":"https:\/\/www.europesays.com\/lv\/wp-json\/wp\/v2\/posts"}],"about":[{"href":"https:\/\/www.europesays.com\/lv\/wp-json\/wp\/v2\/types\/post"}],"author":[{"embeddable":true,"href":"https:\/\/www.europesays.com\/lv\/wp-json\/wp\/v2\/users\/2"}],"replies":[{"embeddable":true,"href":"https:\/\/www.europesays.com\/lv\/wp-json\/wp\/v2\/comments?post=102554"}],"version-history":[{"count":0,"href":"https:\/\/www.europesays.com\/lv\/wp-json\/wp\/v2\/posts\/102554\/revisions"}],"wp:featuredmedia":[{"embeddable":true,"href":"https:\/\/www.europesays.com\/lv\/wp-json\/wp\/v2\/media\/102555"}],"wp:attachment":[{"href":"https:\/\/www.europesays.com\/lv\/wp-json\/wp\/v2\/media?parent=102554"}],"wp:term":[{"taxonomy":"category","embeddable":true,"href":"https:\/\/www.europesays.com\/lv\/wp-json\/wp\/v2\/categories?post=102554"},{"taxonomy":"post_tag","embeddable":true,"href":"https:\/\/www.europesays.com\/lv\/wp-json\/wp\/v2\/tags?post=102554"}],"curies":[{"name":"wp","href":"https:\/\/api.w.org\/{rel}","templated":true}]}}