{"id":102558,"date":"2026-01-13T01:39:19","date_gmt":"2026-01-13T01:39:19","guid":{"rendered":"https:\/\/www.europesays.com\/lv\/102558\/"},"modified":"2026-01-13T01:39:19","modified_gmt":"2026-01-13T01:39:19","slug":"valsts-policijas-amatpersonas-mekle-bezvests-prombutne-esoso-2001-gada-dzimuso-ivanu-smirnovu","status":"publish","type":"post","link":"https:\/\/www.europesays.com\/lv\/102558\/","title":{"rendered":"Valsts policijas amatpersonas mekl\u0113 bezv\u0113sts promb\u016btn\u0113 eso\u0161o 2001. gad\u0101 dzimu\u0161o Ivanu Smirnovu"},"content":{"rendered":"<p>Valsts policijas Latgales re\u0123iona p\u0101rvaldes Dienvidlatgales iecirk\u0146a amatpersonas mekl\u0113 bezv\u0113sts promb\u016btn\u0113 eso\u0161o 2001. gad\u0101 dzimu\u0161o Ivanu Smirnovu, kur\u0161 2025. gada 24. decembr\u012b izg\u0101ja no m\u0101j\u0101m Kr\u0101slavas novad\u0101 un kura \u0161\u012bbr\u012b\u017ea atra\u0161an\u0101s vieta nav zin\u0101ma.<\/p>\n<p>Paz\u012bmes: augums 175 cm, kalsna miesas b\u016bves, \u012bsi, tum\u0161i mati. Bija \u0123\u0113rbies tum\u0161\u0101 pirts hal\u0101t\u0101, k\u0101j\u0101s pel\u0113kas kr\u0101sas \u010d\u012bbas.<\/p>\n<p>Valsts policija aicina apl\u016bkot personas att\u0113lu un atsaukties ikvienu, kur\u0161 zina vi\u0146a iesp\u0113jamo atra\u0161an\u0101s vietu, zvanot 65603403 vai 112!<\/p>\n<p><img decoding=\"async\" src=\"https:\/\/www.europesays.com\/lv\/wp-content\/uploads\/2026\/01\/76JD7O5IW.JPEG\" alt=\"\"\/><\/p>\n<p>          <img decoding=\"async\" src=\"https:\/\/www.europesays.com\/lv\/wp-content\/uploads\/2026\/01\/1767645852_487_logo-lv.png\" alt=\"\"\/><\/p>\n<p>                  \u0160\u012b inform\u0101cija ir publisks pazi\u0146ojums un neatspogu\u013co LV port\u0101la viedokli. Par t\u0101s saturu atbild ies\u016bt\u012bt\u0101js. <a data-popup=\"rules\">Public\u0113\u0161anas noteikumi<\/a><\/p>\n","protected":false},"excerpt":{"rendered":"Valsts policijas Latgales re\u0123iona p\u0101rvaldes Dienvidlatgales iecirk\u0146a amatpersonas mekl\u0113 bezv\u0113sts promb\u016btn\u0113 eso\u0161o 2001. gad\u0101 dzimu\u0161o Ivanu Smirnovu, kur\u0161&hellip;\n","protected":false},"author":2,"featured_media":95583,"comment_status":"","ping_status":"","sticky":false,"template":"","format":"standard","meta":{"footnotes":""},"categories":[5],"tags":[23,28,29,32,33,22,30,31,35,39,38,36,37,34,40,20,26,27,24,25,21],"class_list":{"0":"post-102558","1":"post","2":"type-post","3":"status-publish","4":"format-standard","5":"has-post-thumbnail","7":"category-aktualitates","8":"tag-aktualitates","9":"tag-breaking-news","10":"tag-breakingnews","11":"tag-featured-news","12":"tag-featurednews","13":"tag-headlines","14":"tag-latest-news","15":"tag-latestnews","16":"tag-latvia","17":"tag-latvian","18":"tag-latviesu","19":"tag-latviesu-valoda","20":"tag-latviesuvaloda","21":"tag-latvija","22":"tag-lv","23":"tag-news","24":"tag-popularakas-zinas","25":"tag-popularakaszinas","26":"tag-top-stories","27":"tag-topstories","28":"tag-zinas"},"share_on_mastodon":{"url":"https:\/\/pubeurope.com\/@lv\/115885241982788429","error":""},"_links":{"self":[{"href":"https:\/\/www.europesays.com\/lv\/wp-json\/wp\/v2\/posts\/102558","targetHints":{"allow":["GET"]}}],"collection":[{"href":"https:\/\/www.europesays.com\/lv\/wp-json\/wp\/v2\/posts"}],"about":[{"href":"https:\/\/www.europesays.com\/lv\/wp-json\/wp\/v2\/types\/post"}],"author":[{"embeddable":true,"href":"https:\/\/www.europesays.com\/lv\/wp-json\/wp\/v2\/users\/2"}],"replies":[{"embeddable":true,"href":"https:\/\/www.europesays.com\/lv\/wp-json\/wp\/v2\/comments?post=102558"}],"version-history":[{"count":0,"href":"https:\/\/www.europesays.com\/lv\/wp-json\/wp\/v2\/posts\/102558\/revisions"}],"wp:featuredmedia":[{"embeddable":true,"href":"https:\/\/www.europesays.com\/lv\/wp-json\/wp\/v2\/media\/95583"}],"wp:attachment":[{"href":"https:\/\/www.europesays.com\/lv\/wp-json\/wp\/v2\/media?parent=102558"}],"wp:term":[{"taxonomy":"category","embeddable":true,"href":"https:\/\/www.europesays.com\/lv\/wp-json\/wp\/v2\/categories?post=102558"},{"taxonomy":"post_tag","embeddable":true,"href":"https:\/\/www.europesays.com\/lv\/wp-json\/wp\/v2\/tags?post=102558"}],"curies":[{"name":"wp","href":"https:\/\/api.w.org\/{rel}","templated":true}]}}