{"id":102565,"date":"2026-01-13T03:07:07","date_gmt":"2026-01-13T03:07:07","guid":{"rendered":"https:\/\/www.europesays.com\/lv\/102565\/"},"modified":"2026-01-13T03:07:07","modified_gmt":"2026-01-13T03:07:07","slug":"asv-aktivitates-palielina-taivanas-bazas-par-iespejamo-kinas-uzbrukumu-lente-lv","status":"publish","type":"post","link":"https:\/\/www.europesays.com\/lv\/102565\/","title":{"rendered":"ASV aktivit\u0101tes palielina Taiv\u0101nas ba\u017eas par iesp\u0113jamo \u0136\u012bnas uzbrukumu\u00a0\u2014\u00a0Lente.lv"},"content":{"rendered":"<p>ASV politikas mai\u0146a raisa ba\u017eas Taiv\u0101n\u0101<\/p>\n<p>P\u0113d\u0113j\u0101 laik\u0101 Taiv\u0101n\u0101 pieaugu\u0161as ba\u017eas par iesp\u0113jamu \u0136\u012bnas milit\u0101ru uzbrukumu. \u0160\u012bs raizes ir saist\u012btas ar izmai\u0146\u0101m ASV \u0101rpolitik\u0101, \u012bpa\u0161i Donalda Trampa administr\u0101cijas laik\u0101, kad tiek prognoz\u0113ta jauna pasaules k\u0101rt\u012bba, kur\u0101 lielvalstis sadala ietekmes zonas. K\u0101 inform\u0113 Latvijas Sabiedriskie Mediji, past\u0101v ba\u017eas, ka Va\u0161ingtona var\u0113tu nov\u0113rst uzman\u012bbu no Taiv\u0101nas un koncentr\u0113ties uz cit\u0101m pasaules da\u013c\u0101m, piem\u0113ram, Rietumu puslodi. Tas rad\u012btu b\u012bstamu scen\u0101riju ne tikai Taiv\u0101nai, bet ar\u012b glob\u0101lajai ekonomikai, \u0146emot v\u0113r\u0101 salas noz\u012bmi mikrosh\u0113mu ra\u017eo\u0161an\u0101.<\/p>\n<p>Ukrainas kara m\u0101c\u012bbas \u0136\u012bnai<\/p>\n<p>Taiv\u0101nie\u0161i jau vair\u0101kus gadus uzman\u012bgi seko l\u012bdzi notikumiem Ukrain\u0101, jo past\u0101v ba\u017eas, ka \u0136\u012bna var\u0113tu m\u0101c\u012bties no Krievijas k\u013c\u016bd\u0101m un sar\u012bkot efekt\u012bv\u0101ku uzbrukumu salai. Lai gan \u0136\u012bna nav sl\u0113pusi gatav\u012bbu pielietot milit\u0101ru sp\u0113ku, lai ieg\u016btu kontroli p\u0101r Taiv\u0101nu, t\u016bl\u012bt\u0113ja milit\u0101ra eskal\u0101cija netiek prognoz\u0113ta. Pekina dr\u012bz\u0101k var\u0113tu m\u0113\u0123in\u0101t p\u0101r\u0146emt varu Taiv\u0101n\u0101 no iek\u0161puses. Neskatoties uz ekonomikas stabiliz\u0113\u0161anu, \u0136\u012bna past\u0101v\u012bgi pilnveido blok\u0101des scen\u0101rijus un veic milit\u0101r\u0101s m\u0101c\u012bbas ap Taiv\u0101nu.<\/p>\n<p>Taiv\u0101nas noz\u012bme glob\u0101laj\u0101 ekonomik\u0101<\/p>\n<p>Taiv\u0101na ir pasaules l\u012bderis mikrosh\u0113mu un pusvad\u012bt\u0101ju ra\u017eo\u0161an\u0101, kas padara to vit\u0101li svar\u012bgu glob\u0101lajai ekonomikai. Jebk\u0101di milit\u0101ri konflikti vai blok\u0101des Taiv\u0101nas \u0161aurum\u0101 rad\u012btu milzu trauc\u0113jumus pieg\u0101d\u0113s un izrais\u012btu cenu pieaugumu elektronikas un citu pre\u010du jom\u0101. \u0160\u012b iemesla d\u0113\u013c Taiv\u0101nas dro\u0161\u012bba cie\u0161i saist\u012bta ar pasaules ekonomisko stabilit\u0101ti.<\/p>\n<p>Stiprinot aizsardz\u012bbu un diplom\u0101tiju<\/p>\n<p>Taiv\u0101na akt\u012bvi stiprina savu aizsardz\u012bbu, palielinot aizsardz\u012bbas izdevumus un veicot milit\u0101r\u0101s m\u0101c\u012bbas. Paral\u0113li tam, Taiv\u0101nas diplom\u0101ti uzsver miera noz\u012bmi re\u0123ion\u0101 un tic, ka miers Taiv\u0101nas \u0161aurum\u0101 ir lab\u0101k\u0101 alternat\u012bva. Lai gan tiek gatavots viss iesp\u0113jamais slikt\u0101kajam scen\u0101rijam, Taiv\u0101na cen\u0161as nodro\u0161in\u0101t dro\u0161\u012bbu un stabilit\u0101ti caur sp\u0113ku, vienlaikus uzsverot mier\u012bgu risin\u0101jumu nepiecie\u0161am\u012bbu.<\/p>\n","protected":false},"excerpt":{"rendered":"ASV politikas mai\u0146a raisa ba\u017eas Taiv\u0101n\u0101 P\u0113d\u0113j\u0101 laik\u0101 Taiv\u0101n\u0101 pieaugu\u0161as ba\u017eas par iesp\u0113jamu \u0136\u012bnas milit\u0101ru uzbrukumu. \u0160\u012bs raizes&hellip;\n","protected":false},"author":2,"featured_media":102566,"comment_status":"","ping_status":"","sticky":false,"template":"","format":"standard","meta":{"footnotes":""},"categories":[14],"tags":[23,57,7385,28,29,334,32,33,22,4213,30,31,35,39,38,36,37,34,40,20,26,27,12121,22878,24,25,54,55,56,21,58],"class_list":{"0":"post-102565","1":"post","2":"type-post","3":"status-publish","4":"format-standard","5":"has-post-thumbnail","7":"category-zinas-no-arvalstim","8":"tag-aktualitates","9":"tag-arvalstim","10":"tag-asv-arpolitika","11":"tag-breaking-news","12":"tag-breakingnews","13":"tag-drosiba","14":"tag-featured-news","15":"tag-featurednews","16":"tag-headlines","17":"tag-kina","18":"tag-latest-news","19":"tag-latestnews","20":"tag-latvia","21":"tag-latvian","22":"tag-latviesu","23":"tag-latviesu-valoda","24":"tag-latviesuvaloda","25":"tag-latvija","26":"tag-lv","27":"tag-news","28":"tag-popularakas-zinas","29":"tag-popularakaszinas","30":"tag-taivana","31":"tag-taivanas-saurums","32":"tag-top-stories","33":"tag-topstories","34":"tag-world","35":"tag-world-news","36":"tag-worldnews","37":"tag-zinas","38":"tag-zinas-no-arvalstim"},"share_on_mastodon":{"url":"https:\/\/pubeurope.com\/@lv\/115885588011181087","error":""},"_links":{"self":[{"href":"https:\/\/www.europesays.com\/lv\/wp-json\/wp\/v2\/posts\/102565","targetHints":{"allow":["GET"]}}],"collection":[{"href":"https:\/\/www.europesays.com\/lv\/wp-json\/wp\/v2\/posts"}],"about":[{"href":"https:\/\/www.europesays.com\/lv\/wp-json\/wp\/v2\/types\/post"}],"author":[{"embeddable":true,"href":"https:\/\/www.europesays.com\/lv\/wp-json\/wp\/v2\/users\/2"}],"replies":[{"embeddable":true,"href":"https:\/\/www.europesays.com\/lv\/wp-json\/wp\/v2\/comments?post=102565"}],"version-history":[{"count":0,"href":"https:\/\/www.europesays.com\/lv\/wp-json\/wp\/v2\/posts\/102565\/revisions"}],"wp:featuredmedia":[{"embeddable":true,"href":"https:\/\/www.europesays.com\/lv\/wp-json\/wp\/v2\/media\/102566"}],"wp:attachment":[{"href":"https:\/\/www.europesays.com\/lv\/wp-json\/wp\/v2\/media?parent=102565"}],"wp:term":[{"taxonomy":"category","embeddable":true,"href":"https:\/\/www.europesays.com\/lv\/wp-json\/wp\/v2\/categories?post=102565"},{"taxonomy":"post_tag","embeddable":true,"href":"https:\/\/www.europesays.com\/lv\/wp-json\/wp\/v2\/tags?post=102565"}],"curies":[{"name":"wp","href":"https:\/\/api.w.org\/{rel}","templated":true}]}}