{"id":102567,"date":"2026-01-13T03:13:12","date_gmt":"2026-01-13T03:13:12","guid":{"rendered":"https:\/\/www.europesays.com\/lv\/102567\/"},"modified":"2026-01-13T03:13:12","modified_gmt":"2026-01-13T03:13:12","slug":"ukraina-un-moldova-pastiprina-piednestras-blokadi","status":"publish","type":"post","link":"https:\/\/www.europesays.com\/lv\/102567\/","title":{"rendered":"Ukraina un Moldova pastiprina Pied\u0146estras blok\u0101di"},"content":{"rendered":"<p class=\"lead\">\n                                Ukraina un Moldova no 1. janv\u0101ra kop\u012bgiem sp\u0113kiem piem\u0113ro stingru muitas un dro\u0161\u012bbas kontroli visam, kas iebrauc separ\u0101tiskaj\u0101 Pied\u0146estras re\u0123ion\u0101 vai izbrauc no t\u0101, v\u0113sta zi\u0146u vietne &#8220;Euromaidan Press&#8221;.\n                            <\/p>\n<p>1. janv\u0101r\u012b Ukraina s\u0101ka stingri kontrol\u0113t visas kravas un cilv\u0113kus, kas \u0161\u0137\u0113rso 450 kilometrus garo robe\u017eu ar Pied\u0146estru. Moldovas varasiest\u0101des savuk\u0101rt nostiprin\u0101ja kontrolpunktus un papla\u0161in\u0101ja robe\u017eu kontroli, izmantojot mobil\u0101s vien\u012bbas, lai atbalst\u012btu kontroli \u0101rpus stacion\u0101rajiem robe\u017e\u0161\u0137\u0113rso\u0161anas punktiem. &#8220;Euromaidan Press&#8221; nor\u0101da, ka l\u012bdz ar \u0161iem pas\u0101kumiem Pied\u0146estra no pel\u0113k\u0101s zonas, ko Krievija var\u0113ja neman\u0101mi p\u0101rvald\u012bt, p\u0101rv\u0113r\u0161as par kontrol\u0113tu telpu, kur\u0101 atbalsts no \u0101rpuses ir apgr\u016btin\u0101ts un labi paman\u0101ms.<\/p>\n<p>KONTEKSTS<\/p>\n<p>2022. gada 24. febru\u0101r\u012b Krievijas diktators Vladimirs Putins deva pav\u0113li iebrukt\u00a0Ukrain\u0101. Putins apgalvoja, ka NATO gatavojas izmantot Ukrainu k\u0101 placdarmu agresijai pret Krieviju, lai gan \u0161iem apgalvojumiem nebija\u00a0pier\u0101d\u012bjumu. Starptautisk\u0101 krimin\u0101ltiesa (SKT) 2023. gada mart\u0101 izdeva Putina aresta orderi par nelikum\u012bgu ukrai\u0146u b\u0113rnu deport\u0101ciju no okup\u0113taj\u0101m teritorij\u0101m Ukrain\u0101.\u00a0<\/p>\n<p><img decoding=\"async\" src=\"https:\/\/www.europesays.com\/lv\/wp-content\/uploads\/2025\/12\/202311151406496554b459d746c.jpg\" alt=\"Ukrainas atbalst\u012bt\u0101ji nezaud\u0113 tic\u012bbu, ka ukrai\u0146i v\u0113l ir ce\u013c\u0101 uz uzvaru un agri vai v\u0113lu Krievijas okupantu armijai n\u0101ksies atk\u0101pties no Ukrainas zemes.\" loading=\"lazy\"\/><\/p>\n<p class=\"paragraph-muted\">Izv\u0113lies savu soct\u012bklu platformu, lai sekotu LASI.LV: <a href=\"https:\/\/www.facebook.com\/portals.lasi.lv\" target=\"_blank\" rel=\"noopener noreferrer nofollow\">Facebook<\/a>, <a href=\"https:\/\/twitter.com\/lasilvportals\" target=\"_blank\" rel=\"noopener noreferrer nofollow\">X<\/a>, <a href=\"https:\/\/bsky.app\/profile\/lasilv.bsky.social\" target=\"_blank\" rel=\"noopener noreferrer nofollow\">Bluesky<\/a>, <a href=\"https:\/\/www.draugiem.lv\/lasilv\/?pg=4\" target=\"_blank\" rel=\"noopener noreferrer nofollow\">Draugiem<\/a> vai ar\u012b <a href=\"https:\/\/www.instagram.com\/lasilv_zinas\/\" target=\"_blank\" rel=\"noopener noreferrer nofollow\">Instagram<\/a>. Pievienojies m\u016bsu las\u012bt\u0101ju pulkam, lai sa\u0146emtu \u012bpa\u0161i tev atlas\u012btu noder\u012bgu, praktisku un aktu\u0101lu saturu.\u00a0<\/p>\n<p style=\"margin-left:auto;\">Pieraksties LASI.LV redaktora v\u0113stkopai <a href=\"https:\/\/lasi.lv\/vestkopa\/lasi-lv-galvena-redaktora-vestkopa\" rel=\"nofollow noopener\" target=\"_blank\">\u0161eit<\/a>.<\/p>\n<p style=\"margin-left:auto;\">Pieraksties un reizi ned\u0113\u013c\u0101 sa\u0146em padzi\u013cin\u0101tu LASI.LV galven\u0101 redaktora aktu\u0101lo zi\u0146u, kompetentu viedok\u013cu un interesant\u0101ko interviju apkopojumu.<\/p>\n<p><script async src=\"https:\/\/platform.twitter.com\/widgets.js\" charset=\"utf-8\"><\/script><script async src=\"\/\/www.instagram.com\/embed.js\"><\/script><\/p>\n","protected":false},"excerpt":{"rendered":"Ukraina un Moldova no 1. janv\u0101ra kop\u012bgiem sp\u0113kiem piem\u0113ro stingru muitas un dro\u0161\u012bbas kontroli visam, kas iebrauc separ\u0101tiskaj\u0101&hellip;\n","protected":false},"author":2,"featured_media":102568,"comment_status":"","ping_status":"","sticky":false,"template":"","format":"standard","meta":{"footnotes":""},"categories":[14],"tags":[23,57,28,29,32,33,22,30,31,35,39,38,36,37,34,40,20,26,27,24,25,54,55,56,21,58],"class_list":{"0":"post-102567","1":"post","2":"type-post","3":"status-publish","4":"format-standard","5":"has-post-thumbnail","7":"category-zinas-no-arvalstim","8":"tag-aktualitates","9":"tag-arvalstim","10":"tag-breaking-news","11":"tag-breakingnews","12":"tag-featured-news","13":"tag-featurednews","14":"tag-headlines","15":"tag-latest-news","16":"tag-latestnews","17":"tag-latvia","18":"tag-latvian","19":"tag-latviesu","20":"tag-latviesu-valoda","21":"tag-latviesuvaloda","22":"tag-latvija","23":"tag-lv","24":"tag-news","25":"tag-popularakas-zinas","26":"tag-popularakaszinas","27":"tag-top-stories","28":"tag-topstories","29":"tag-world","30":"tag-world-news","31":"tag-worldnews","32":"tag-zinas","33":"tag-zinas-no-arvalstim"},"share_on_mastodon":{"url":"https:\/\/pubeurope.com\/@lv\/115885611606548444","error":""},"_links":{"self":[{"href":"https:\/\/www.europesays.com\/lv\/wp-json\/wp\/v2\/posts\/102567","targetHints":{"allow":["GET"]}}],"collection":[{"href":"https:\/\/www.europesays.com\/lv\/wp-json\/wp\/v2\/posts"}],"about":[{"href":"https:\/\/www.europesays.com\/lv\/wp-json\/wp\/v2\/types\/post"}],"author":[{"embeddable":true,"href":"https:\/\/www.europesays.com\/lv\/wp-json\/wp\/v2\/users\/2"}],"replies":[{"embeddable":true,"href":"https:\/\/www.europesays.com\/lv\/wp-json\/wp\/v2\/comments?post=102567"}],"version-history":[{"count":0,"href":"https:\/\/www.europesays.com\/lv\/wp-json\/wp\/v2\/posts\/102567\/revisions"}],"wp:featuredmedia":[{"embeddable":true,"href":"https:\/\/www.europesays.com\/lv\/wp-json\/wp\/v2\/media\/102568"}],"wp:attachment":[{"href":"https:\/\/www.europesays.com\/lv\/wp-json\/wp\/v2\/media?parent=102567"}],"wp:term":[{"taxonomy":"category","embeddable":true,"href":"https:\/\/www.europesays.com\/lv\/wp-json\/wp\/v2\/categories?post=102567"},{"taxonomy":"post_tag","embeddable":true,"href":"https:\/\/www.europesays.com\/lv\/wp-json\/wp\/v2\/tags?post=102567"}],"curies":[{"name":"wp","href":"https:\/\/api.w.org\/{rel}","templated":true}]}}