{"id":102569,"date":"2026-01-13T03:15:14","date_gmt":"2026-01-13T03:15:14","guid":{"rendered":"https:\/\/www.europesays.com\/lv\/102569\/"},"modified":"2026-01-13T03:15:14","modified_gmt":"2026-01-13T03:15:14","slug":"latvijas-valstsvienibas-saspelnieks-zoriks-parcelas-uz-italijas-a-seriju-basketbols-sportacentrs-com","status":"publish","type":"post","link":"https:\/\/www.europesays.com\/lv\/102569\/","title":{"rendered":"Latvijas valstsvien\u012bbas sasp\u0113lnieks Zoriks p\u0101rce\u013cas uz It\u0101lijas A s\u0113riju \u2013 Basketbols \u2013 Sportacentrs.com"},"content":{"rendered":"<p>Iepriek\u0161 v\u0113st\u012bj\u0101m par Kristera Zorika do\u0161anos prom no Sp\u0101nijas ACB l\u012bgas kluba &#8221;Forca Lleida&#8221; un pievieno\u0161anos k\u0101dai It\u0101lijas vien\u012bbai. \u0160odien p\u0101reja ofici\u0101li apstiprin\u0101ta un 27 gadus vecais Zoriks ofici\u0101li k\u013cuvis par A s\u0113rijas kluba &#8221;Udine&#8221; jaun\u0101ko papildin\u0101jumu.<\/p>\n<p>Sp\u0101nijas \u010dempion\u0101t\u0101 Zorikam 14 ma\u010dos caurm\u0113r\u0101 4.2 punkti un 1.6 rezultat\u012bvas piesp\u0113les, aizvadot produkt\u012bv\u0101kos ma\u010dus pret &#8221;Barcelona&#8221;, &#8221;Breogan&#8221; un Vitorijas &#8221;Baskonia&#8221;. Sagaid\u0101ms, ka Ud\u012bnes vien\u012bb\u0101 Zorikam var\u0113tu b\u016bt viena no vado\u0161aj\u0101m lom\u0101m perimetr\u0101.<\/p>\n<p>Zoriks k\u013cuvis par tre\u0161o latvie\u0161u basketbolistu un reiz\u0113 ar\u012b tre\u0161o sasp\u0113lnieku, kur\u0161 p\u0101rst\u0101v\u0113s Ud\u012bnes pils\u0113tas klubu augst\u0101kaj\u0101 It\u0101lijas l\u012bg\u0101. Iepriek\u0161 Ud\u012bn\u0113 sp\u0113l\u0113ja ar\u012b Sandis Bu\u0161kevics un Kristaps Valters, tiesa, abi p\u0101rst\u0101v\u0113ja juridiski citu organiz\u0101ciju \u2013 Ud\u012bnes &#8221;Snaidero&#8221;, kas savu past\u0101v\u0113\u0161anu profesion\u0101laj\u0101 basketbol\u0101 nosl\u0113dza 2011. gad\u0101, kad ar\u012b dibin\u0101ta Zorika jaun\u0101 komanda.<\/p>\n<p>It\u0101lijas A s\u0113rij\u0101 Ud\u012bnes klubs ie\u0146em dev\u012bto poz\u012bciju ar se\u0161\u0101m uzvar\u0101m 15 ma\u010dos. N\u0101kam\u0101 sp\u0113le gaid\u0101ma sestdien sav\u0101 laukum\u0101 pret &#8221;Reggio Emilia&#8221;.<\/p>\n<blockquote class=\"instagram-media\"\/>\n<p>Izmantotie resursi:<br \/><a target=\"_blank\" href=\"https:\/\/apudine.it\/\" rel=\"nofollow noopener\">https:\/\/apudine.it\/<\/a><\/p>\n","protected":false},"excerpt":{"rendered":"Iepriek\u0161 v\u0113st\u012bj\u0101m par Kristera Zorika do\u0161anos prom no Sp\u0101nijas ACB l\u012bgas kluba &#8221;Forca Lleida&#8221; un pievieno\u0161anos k\u0101dai It\u0101lijas&hellip;\n","protected":false},"author":2,"featured_media":102570,"comment_status":"","ping_status":"","sticky":false,"template":"","format":"standard","meta":{"footnotes":""},"categories":[5],"tags":[23,145,28,29,32,33,22,30,31,35,39,38,36,37,34,40,20,26,27,24,25,21],"class_list":{"0":"post-102569","1":"post","2":"type-post","3":"status-publish","4":"format-standard","5":"has-post-thumbnail","7":"category-aktualitates","8":"tag-aktualitates","9":"tag-basketbols","10":"tag-breaking-news","11":"tag-breakingnews","12":"tag-featured-news","13":"tag-featurednews","14":"tag-headlines","15":"tag-latest-news","16":"tag-latestnews","17":"tag-latvia","18":"tag-latvian","19":"tag-latviesu","20":"tag-latviesu-valoda","21":"tag-latviesuvaloda","22":"tag-latvija","23":"tag-lv","24":"tag-news","25":"tag-popularakas-zinas","26":"tag-popularakaszinas","27":"tag-top-stories","28":"tag-topstories","29":"tag-zinas"},"share_on_mastodon":{"url":"https:\/\/pubeurope.com\/@lv\/115885619468685677","error":""},"_links":{"self":[{"href":"https:\/\/www.europesays.com\/lv\/wp-json\/wp\/v2\/posts\/102569","targetHints":{"allow":["GET"]}}],"collection":[{"href":"https:\/\/www.europesays.com\/lv\/wp-json\/wp\/v2\/posts"}],"about":[{"href":"https:\/\/www.europesays.com\/lv\/wp-json\/wp\/v2\/types\/post"}],"author":[{"embeddable":true,"href":"https:\/\/www.europesays.com\/lv\/wp-json\/wp\/v2\/users\/2"}],"replies":[{"embeddable":true,"href":"https:\/\/www.europesays.com\/lv\/wp-json\/wp\/v2\/comments?post=102569"}],"version-history":[{"count":0,"href":"https:\/\/www.europesays.com\/lv\/wp-json\/wp\/v2\/posts\/102569\/revisions"}],"wp:featuredmedia":[{"embeddable":true,"href":"https:\/\/www.europesays.com\/lv\/wp-json\/wp\/v2\/media\/102570"}],"wp:attachment":[{"href":"https:\/\/www.europesays.com\/lv\/wp-json\/wp\/v2\/media?parent=102569"}],"wp:term":[{"taxonomy":"category","embeddable":true,"href":"https:\/\/www.europesays.com\/lv\/wp-json\/wp\/v2\/categories?post=102569"},{"taxonomy":"post_tag","embeddable":true,"href":"https:\/\/www.europesays.com\/lv\/wp-json\/wp\/v2\/tags?post=102569"}],"curies":[{"name":"wp","href":"https:\/\/api.w.org\/{rel}","templated":true}]}}