{"id":102571,"date":"2026-01-13T03:19:13","date_gmt":"2026-01-13T03:19:13","guid":{"rendered":"https:\/\/www.europesays.com\/lv\/102571\/"},"modified":"2026-01-13T03:19:13","modified_gmt":"2026-01-13T03:19:13","slug":"igaunija-aizliedz-iebraukt-261-pret-ukrainu-karojusam-krievijas-pilsonim-2","status":"publish","type":"post","link":"https:\/\/www.europesays.com\/lv\/102571\/","title":{"rendered":"Igaunija aizliedz iebraukt 261 pret Ukrainu karoju\u0161am Krievijas pilsonim"},"content":{"rendered":"<p class=\"descr\">Igaunijas Iek\u0161lietu ministrija pag\u0101ju\u0161aj\u0101 ned\u0113\u013c\u0101 noteica aizliegumu iece\u013cot Igaunij\u0101 261 Krievijas pilsonim, kas karojis pret Ukrainu.<\/p>\n<p><a href=\"https:\/\/nra.lv\/birka\/igaunija\/\" target=\"_blank\" rel=\"noopener nofollow\">Igaunijas<\/a> iek\u0161lietu ministrs <a href=\"https:\/\/nra.lv\/birka\/igors-taro\/\" target=\"_blank\" rel=\"noopener nofollow\">Igors Taro<\/a> nor\u0101d\u012bja, ka noteiktais aizliegums ir nepiecie\u0161ams pas\u0101kums, jo cilv\u0113kiem, kas Krievijas diktatora Vladimira Putina v\u0101rd\u0101 Ukrain\u0101 pastr\u0101d\u0101ju\u0161i zv\u0113r\u012bbas, nav vietas br\u012bvaj\u0101 pasaul\u0113.<\/p>\n<blockquote><p>&#8220;Nav \u0161aubu, ka tie ir Eiropai naid\u012bgi noska\u0146oti cilv\u0113ki. Vi\u0146iem ir kaujas pieredze, vi\u0146i ir milit\u0101ri apm\u0101c\u012bti un bie\u017ei vien ar (..) krimin\u0101lu pag\u0101tni. Vi\u0146i ir ar\u012b psiholo\u0123iski traum\u0113ti. Draudi, ko vi\u0146i rada, nav teor\u0113tiski &#8211; tie ietver gan iesp\u0113jamu Krievijas specdienestu uzdevumu izpildi, gan iesaist\u012b\u0161anos organiz\u0113taj\u0101 noziedz\u012bb\u0101,&#8221; sac\u012bja Taro.<\/p><\/blockquote>\n<p>Iek\u0161lietu ministrijas vicekanclers Jozeps K\u0101ziks piebilda, ka \u0161ie ir tikai pirmie aizliegumi un noteikti sekos v\u0113l citi. &#8220;M\u0113s s\u016bt\u0101m skaidru v\u0113st\u012bjumu, ka Ukrain\u0101 pastr\u0101d\u0101tajiem noziegumiem un vardarb\u012bbai ir ilgtermi\u0146a un re\u0101las sekas,&#8221; vi\u0146\u0161 uzsv\u0113ra.<\/p>\n<p>P\u0113c K\u0101zika teikt\u0101, \u0161is solis nav spont\u0101ns. &#8220;Pirmo reizi pla\u0161\u0101k par \u0161o tematu m\u0113s run\u0101j\u0101m 2025. gada vasar\u0101 Zieme\u013cvalstu un Baltijas valstu iek\u0161lietu ministru san\u0101ksm\u0113 Igaunij\u0101. Kop\u0161 t\u0101 laika esam vair\u0101kk\u0101rt izvirz\u012bju\u0161i \u0161o jaut\u0101jumu da\u017e\u0101dos diskusiju form\u0101tos Eiropas Savien\u012bb\u0101. M\u0113s ceram, ka Igaunijas iniciat\u012bvai dr\u012bzum\u0101 sekos ar\u012b citas valstis. Pirm\u0101 priorit\u0101te ir izveidot vienotu melno sarakstu vis\u0101 \u0160engenas zon\u0101 un aizliegt izsniegt \u0160engenas v\u012bzas un Eiropas Savien\u012bbas uztur\u0113\u0161an\u0101s at\u013caujas visiem identific\u0113tajiem Krievijas [pilso\u0146iem, kas karoju\u0161i pret Ukrainu],&#8221; sac\u012bja K\u0101ziks.<\/p>\n<p>Tiek l\u0113sts, ka Krievijas bru\u0146otaj\u0101 agresij\u0101 piedal\u012bju\u0161ies l\u012bdz 1,5 miljoniem Krievijas pilso\u0146u, no kuriem aptuveni 640 000 joproj\u0101m atrodas front\u0113.<\/p>\n<p>\t\t\t\t\t\tinfo<\/p>\n<p>Uzzini pirmais<br \/>kas interesants noticis Latvij\u0101 un pasaul\u0113,<br \/>pievienojoties mums <a href=\"https:\/\/t.me\/neatkariga\" rel=\"nofollow\">Telegram<\/a> vai <a href=\"https:\/\/whatsapp.com\/channel\/0029VaMLFUH5K3zLU5s4wm3y\" rel=\"nofollow noopener\" target=\"_blank\">Whatsapp<\/a> kan\u0101l\u0101<\/p>\n","protected":false},"excerpt":{"rendered":"Igaunijas Iek\u0161lietu ministrija pag\u0101ju\u0161aj\u0101 ned\u0113\u013c\u0101 noteica aizliegumu iece\u013cot Igaunij\u0101 261 Krievijas pilsonim, kas karojis pret Ukrainu. Igaunijas iek\u0161lietu&hellip;\n","protected":false},"author":2,"featured_media":102572,"comment_status":"","ping_status":"","sticky":false,"template":"","format":"standard","meta":{"footnotes":""},"categories":[14],"tags":[23,57,28,29,32,33,22,30,31,35,39,38,36,37,34,40,20,26,27,24,25,54,55,56,21,58],"class_list":{"0":"post-102571","1":"post","2":"type-post","3":"status-publish","4":"format-standard","5":"has-post-thumbnail","7":"category-zinas-no-arvalstim","8":"tag-aktualitates","9":"tag-arvalstim","10":"tag-breaking-news","11":"tag-breakingnews","12":"tag-featured-news","13":"tag-featurednews","14":"tag-headlines","15":"tag-latest-news","16":"tag-latestnews","17":"tag-latvia","18":"tag-latvian","19":"tag-latviesu","20":"tag-latviesu-valoda","21":"tag-latviesuvaloda","22":"tag-latvija","23":"tag-lv","24":"tag-news","25":"tag-popularakas-zinas","26":"tag-popularakaszinas","27":"tag-top-stories","28":"tag-topstories","29":"tag-world","30":"tag-world-news","31":"tag-worldnews","32":"tag-zinas","33":"tag-zinas-no-arvalstim"},"share_on_mastodon":{"url":"https:\/\/pubeurope.com\/@lv\/115885635155570301","error":""},"_links":{"self":[{"href":"https:\/\/www.europesays.com\/lv\/wp-json\/wp\/v2\/posts\/102571","targetHints":{"allow":["GET"]}}],"collection":[{"href":"https:\/\/www.europesays.com\/lv\/wp-json\/wp\/v2\/posts"}],"about":[{"href":"https:\/\/www.europesays.com\/lv\/wp-json\/wp\/v2\/types\/post"}],"author":[{"embeddable":true,"href":"https:\/\/www.europesays.com\/lv\/wp-json\/wp\/v2\/users\/2"}],"replies":[{"embeddable":true,"href":"https:\/\/www.europesays.com\/lv\/wp-json\/wp\/v2\/comments?post=102571"}],"version-history":[{"count":0,"href":"https:\/\/www.europesays.com\/lv\/wp-json\/wp\/v2\/posts\/102571\/revisions"}],"wp:featuredmedia":[{"embeddable":true,"href":"https:\/\/www.europesays.com\/lv\/wp-json\/wp\/v2\/media\/102572"}],"wp:attachment":[{"href":"https:\/\/www.europesays.com\/lv\/wp-json\/wp\/v2\/media?parent=102571"}],"wp:term":[{"taxonomy":"category","embeddable":true,"href":"https:\/\/www.europesays.com\/lv\/wp-json\/wp\/v2\/categories?post=102571"},{"taxonomy":"post_tag","embeddable":true,"href":"https:\/\/www.europesays.com\/lv\/wp-json\/wp\/v2\/tags?post=102571"}],"curies":[{"name":"wp","href":"https:\/\/api.w.org\/{rel}","templated":true}]}}