{"id":102576,"date":"2026-01-13T03:27:13","date_gmt":"2026-01-13T03:27:13","guid":{"rendered":"https:\/\/www.europesays.com\/lv\/102576\/"},"modified":"2026-01-13T03:27:13","modified_gmt":"2026-01-13T03:27:13","slug":"zinams-kurs-latvijas-izlases-sastava-olimpiskajas-speles-aizstas-savainoto-mateiko","status":"publish","type":"post","link":"https:\/\/www.europesays.com\/lv\/102576\/","title":{"rendered":"Zin\u0101ms, kur\u0161 Latvijas izlases sast\u0101v\u0101 olimpiskaj\u0101s sp\u0113l\u0113s aizst\u0101s savainoto Mateiko"},"content":{"rendered":"<p>Mateiko savainojums ir nopietns, un tuv\u0101kaj\u0101 laik\u0101 vi\u0146am tiks veikta oper\u0101cija, kas liegs sp\u0113l\u0113t aptuveni se\u0161us m\u0113ne\u0161us.<\/p>\n<p>23 gadus vecais Ravinskis sav\u0101 debijas sezon\u0101 Amerikas Hokeja l\u012bg\u0101 (NHL) 22 ma\u010dos guvis divus v\u0101rtus un atdevis vienu rezultat\u012bvu piesp\u0113li. Ebotsfordas &#8220;Canucks&#8221; uzbruc\u0113js p\u0113rn\u0101 gada pasaules \u010dempion\u0101t\u0101 septi\u0146os ma\u010dos guva vienus v\u0101rtus un atdeva vienu rezultat\u012bvu piesp\u0113li.<\/p>\n<p>Latvijas hokejisti 2026. gada Mil\u0101nas un Kort\u012bnas d&#8217;Ampeco olimpiskaj\u0101s sp\u0113l\u0113s C grup\u0101 tiksies ar ASV, V\u0101ciju un D\u0101niju. C grupas pirmaj\u0101 ma\u010d\u0101 12. febru\u0101r\u012b latvie\u0161i sp\u0113kosies ar ASV, 14. febru\u0101r\u012b paredz\u0113ta sp\u0113le ar V\u0101ciju, bet dienu v\u0113l\u0101k Latvijas hokejisti st\u0101sies pret\u012b D\u0101nijai.<\/p>\n<p>Olimpisko sp\u0113\u013cu hokeja turn\u012br\u0101 b\u016bs tr\u012bs grupas. A grup\u0101 sp\u0113kosies Kan\u0101da, \u010cehija, \u0160veice un Francija, bet B grup\u0101 c\u012bn\u012bsies Somija, Zviedrija, Slov\u0101kija un It\u0101lija.<\/p>\n<p>Katras grupas uzvar\u0113t\u0101ja un lab\u0101k\u0101 no otr\u0101s vietas ieguv\u0113j\u0101m uzreiz kvalific\u0113sies ceturtda\u013cfin\u0101lam, bet p\u0101r\u0113j\u0101s vien\u012bbas c\u012bn\u012bsies astotda\u013cfin\u0101l\u0101.<\/p>\n<p>Olimpiskais v\u012brie\u0161u hokeja turn\u012brs norisin\u0101sies no 11. l\u012bdz 22. febru\u0101rim.<\/p>\n","protected":false},"excerpt":{"rendered":"Mateiko savainojums ir nopietns, un tuv\u0101kaj\u0101 laik\u0101 vi\u0146am tiks veikta oper\u0101cija, kas liegs sp\u0113l\u0113t aptuveni se\u0161us m\u0113ne\u0161us. 23&hellip;\n","protected":false},"author":2,"featured_media":102577,"comment_status":"","ping_status":"","sticky":false,"template":"","format":"standard","meta":{"footnotes":""},"categories":[5],"tags":[23,11011,28,29,840,32,33,22,394,30,31,35,39,38,36,37,34,40,20,26,27,24,25,527,21],"class_list":{"0":"post-102576","1":"post","2":"type-post","3":"status-publish","4":"format-standard","5":"has-post-thumbnail","7":"category-aktualitates","8":"tag-aktualitates","9":"tag-anri-ravinskis","10":"tag-breaking-news","11":"tag-breakingnews","12":"tag-eriks-mateiko","13":"tag-featured-news","14":"tag-featurednews","15":"tag-headlines","16":"tag-hokejs","17":"tag-latest-news","18":"tag-latestnews","19":"tag-latvia","20":"tag-latvian","21":"tag-latviesu","22":"tag-latviesu-valoda","23":"tag-latviesuvaloda","24":"tag-latvija","25":"tag-lv","26":"tag-news","27":"tag-popularakas-zinas","28":"tag-popularakaszinas","29":"tag-top-stories","30":"tag-topstories","31":"tag-ziemas-olimpiskas-speles","32":"tag-zinas"},"share_on_mastodon":{"url":"https:\/\/pubeurope.com\/@lv\/115885666658969986","error":""},"_links":{"self":[{"href":"https:\/\/www.europesays.com\/lv\/wp-json\/wp\/v2\/posts\/102576","targetHints":{"allow":["GET"]}}],"collection":[{"href":"https:\/\/www.europesays.com\/lv\/wp-json\/wp\/v2\/posts"}],"about":[{"href":"https:\/\/www.europesays.com\/lv\/wp-json\/wp\/v2\/types\/post"}],"author":[{"embeddable":true,"href":"https:\/\/www.europesays.com\/lv\/wp-json\/wp\/v2\/users\/2"}],"replies":[{"embeddable":true,"href":"https:\/\/www.europesays.com\/lv\/wp-json\/wp\/v2\/comments?post=102576"}],"version-history":[{"count":0,"href":"https:\/\/www.europesays.com\/lv\/wp-json\/wp\/v2\/posts\/102576\/revisions"}],"wp:featuredmedia":[{"embeddable":true,"href":"https:\/\/www.europesays.com\/lv\/wp-json\/wp\/v2\/media\/102577"}],"wp:attachment":[{"href":"https:\/\/www.europesays.com\/lv\/wp-json\/wp\/v2\/media?parent=102576"}],"wp:term":[{"taxonomy":"category","embeddable":true,"href":"https:\/\/www.europesays.com\/lv\/wp-json\/wp\/v2\/categories?post=102576"},{"taxonomy":"post_tag","embeddable":true,"href":"https:\/\/www.europesays.com\/lv\/wp-json\/wp\/v2\/tags?post=102576"}],"curies":[{"name":"wp","href":"https:\/\/api.w.org\/{rel}","templated":true}]}}