{"id":102613,"date":"2026-01-13T04:41:17","date_gmt":"2026-01-13T04:41:17","guid":{"rendered":"https:\/\/www.europesays.com\/lv\/102613\/"},"modified":"2026-01-13T04:41:17","modified_gmt":"2026-01-13T04:41:17","slug":"kristaps-zutis-pazino-par-karjeras-beigam-pedeja-cina-planota-februari-king-of-kings-sova-lente-lv","status":"publish","type":"post","link":"https:\/\/www.europesays.com\/lv\/102613\/","title":{"rendered":"Kristaps Zutis pazi\u0146o par karjeras beig\u0101m; p\u0113d\u0113j\u0101 c\u012b\u0146a pl\u0101nota febru\u0101r\u012b &#8220;King of Kings&#8221; \u0161ov\u0101\u00a0\u2014\u00a0Lente.lv"},"content":{"rendered":"<p>Zutis gatavojas nosl\u0113gt profesion\u0101lo karjeru<\/p>\n<p>Latvijas c\u012b\u0146as sporta aprit\u0113 izskan\u0113jusi noz\u012bm\u012bga zi\u0146a \u2013 viens no atpaz\u012bstam\u0101kajiem pa\u0161m\u0101ju sportistiem Kristaps Zutis soci\u0101lajos t\u012bklos ir pazi\u0146ojis par savas profesion\u0101l\u0101s karjeras nosl\u0113gumu. K\u0101 zi\u0146o Latvijas Av\u012bze, vi\u0146a p\u0113d\u0113j\u0101 profesion\u0101l\u0101 c\u012b\u0146a pl\u0101nota febru\u0101r\u012b k\u0101d\u0101 no \u201cKing of Kings\u201d (KOK) organiz\u0101cijas pas\u0101kumiem. Tas notiks \u201cXiaomi Ar\u0113n\u0101\u201d R\u012bg\u0101, 21. febru\u0101r\u012b.<\/p>\n<p>Zutis sav\u0101 \u201cInstagram\u201d profil\u0101 dal\u012bjies ar emocion\u0101lu pazi\u0146ojumu, nor\u0101dot, ka \u0161is l\u0113mums saist\u012bts ar jauniem izaicin\u0101jumiem vi\u0146a dz\u012bv\u0113, \u012bpa\u0161i ar d\u0113la piedzim\u0161anu un v\u0113lmi velt\u012bt vair\u0101k laika \u0123imenei. Sportists atzinis, ka ilg\u0101 promb\u016btne un traumas ir padar\u012bju\u0161as c\u012b\u0146u sporta pasauli p\u0101r\u0101k saspringtu un gr\u016bti savienojamu ar \u0123imenes dz\u012bvi.<\/p>\n<p>Vair\u0101kk\u0101rt\u0113ji karjeras nosl\u0113guma pazi\u0146ojumi<\/p>\n<p>\u0160is nav pirmais gad\u012bjums, kad Kristaps Zutis publiski pazi\u0146ojis par karjeras beig\u0101m. Iepriek\u0161 l\u012bdz\u012bgi pazi\u0146ojumi izskan\u0113ju\u0161i ar\u012b 2020. gad\u0101 un 2023. gad\u0101. Tom\u0113r katru reizi vi\u0146\u0161 ir atgriezies aprit\u0113. Nu sportists pau\u017e p\u0101rliec\u012bbu, ka \u0161oreiz l\u0113mums ir gal\u012bgs.<\/p>\n<p>P\u0113d\u0113j\u0101 laik\u0101 Zutis piedal\u012bjies vair\u0101kos \u201cKing of Kings\u201d pas\u0101kumos. Vi\u0146a profesion\u0101l\u0101 karjera ir bijusi gana spilgta, aizvadot 15 boksa c\u012b\u0146as, kur\u0101s izc\u012bn\u012bjis 7 uzvaras, tr\u012bs reizes c\u012b\u0146as nosl\u0113gu\u0161\u0101s neiz\u0161\u0137irti, bet 5 c\u012b\u0146as zaud\u0113tas. MMA asto\u0146st\u016br\u012b vi\u0146am ir 4 uzvaras piec\u0101s c\u012b\u0146\u0101s.<\/p>\n<p>P\u0113d\u0113j\u0101s c\u012b\u0146as un gaid\u0101mais KOK pas\u0101kums<\/p>\n<p>Pirms da\u017e\u0101m dien\u0101m, 11. janv\u0101r\u012b, Kristaps Zutis piedz\u012bvoja zaud\u0113jumu c\u012b\u0146\u0101 pret Franci Rozent\u0101lu \u201cBazara 0 Fight Club\u201d \u0161ov\u0101, kur tika pieveikts otraj\u0101 raund\u0101 ar tehnisko nokautu. Uzreiz p\u0113c c\u012b\u0146as Zutis izteica v\u0113lmi p\u0113c revan\u0161a, ta\u010du tagad \u0161\u0137iet, ka \u0161\u012b b\u016bs vi\u0146a p\u0113d\u0113j\u0101 c\u012b\u0146a profesion\u0101laj\u0101 karjer\u0101.<\/p>\n<p>Febru\u0101r\u012b paredz\u0113tais \u201cKOK 128 World Series\u201d pas\u0101kums norisin\u0101sies \u201cXiaomi Ar\u0113n\u0101\u201d R\u012bg\u0101, 21. febru\u0101r\u012b, un tas sol\u0101s b\u016bt v\u0113rien\u012bgs c\u012b\u0146u \u0161ovs, kas pulc\u0113s Latvijas un starptautiskos elites c\u012bksto\u0146us. Prec\u012bzs Zu\u0161a pretinieks p\u0113d\u0113jai c\u012b\u0146ai v\u0113l nav izzi\u0146ots, ta\u010du organizatori sola augstas intensit\u0101tes due\u013cus un iespaid\u012bgas c\u012b\u0146as.<\/p>\n<p>Iepriek\u0161\u0113jie sasniegumi un principi<\/p>\n<p>Karjeras laik\u0101 Zutis ieguvis Latvijas smagsvaru \u010dempiona jostu un bijis tuvu WBF starpkontinent\u0101l\u0101s jostas izc\u012bn\u012b\u0161anai. Vi\u0146\u0161 paz\u012bstams ar\u012b ar savu principialit\u0101ti, piem\u0113ram, 2025. gada septembr\u012b vi\u0146\u0161 atteic\u0101s no sava l\u012bdz \u0161im liel\u0101k\u0101 karjeras honor\u0101ra 40 000 eiro apm\u0113r\u0101 par c\u012b\u0146u Krievij\u0101, uzsverot, ka vi\u0146a principi un godapr\u0101ts ir svar\u012bg\u0101ki par finansi\u0101lu labumu, \u012bpa\u0161i \u0146emot v\u0113r\u0101 Sporta likuma nosac\u012bjumus.<\/p>\n","protected":false},"excerpt":{"rendered":"Zutis gatavojas nosl\u0113gt profesion\u0101lo karjeru Latvijas c\u012b\u0146as sporta aprit\u0113 izskan\u0113jusi noz\u012bm\u012bga zi\u0146a \u2013 viens no atpaz\u012bstam\u0101kajiem pa\u0161m\u0101ju sportistiem&hellip;\n","protected":false},"author":2,"featured_media":102614,"comment_status":"","ping_status":"","sticky":false,"template":"","format":"standard","meta":{"footnotes":""},"categories":[17],"tags":[2153,2235,7615,24899,6656,35,39,38,36,37,34,40,67],"class_list":{"0":"post-102613","1":"post","2":"type-post","3":"status-publish","4":"format-standard","5":"has-post-thumbnail","7":"category-sports","8":"tag-bokss","9":"tag-cinas-sports","10":"tag-karjeras-beigas","11":"tag-king-of-kings","12":"tag-kristaps-zutis","13":"tag-latvia","14":"tag-latvian","15":"tag-latviesu","16":"tag-latviesu-valoda","17":"tag-latviesuvaloda","18":"tag-latvija","19":"tag-lv","20":"tag-sports"},"share_on_mastodon":{"url":"https:\/\/pubeurope.com\/@lv\/115885957617274590","error":""},"_links":{"self":[{"href":"https:\/\/www.europesays.com\/lv\/wp-json\/wp\/v2\/posts\/102613","targetHints":{"allow":["GET"]}}],"collection":[{"href":"https:\/\/www.europesays.com\/lv\/wp-json\/wp\/v2\/posts"}],"about":[{"href":"https:\/\/www.europesays.com\/lv\/wp-json\/wp\/v2\/types\/post"}],"author":[{"embeddable":true,"href":"https:\/\/www.europesays.com\/lv\/wp-json\/wp\/v2\/users\/2"}],"replies":[{"embeddable":true,"href":"https:\/\/www.europesays.com\/lv\/wp-json\/wp\/v2\/comments?post=102613"}],"version-history":[{"count":0,"href":"https:\/\/www.europesays.com\/lv\/wp-json\/wp\/v2\/posts\/102613\/revisions"}],"wp:featuredmedia":[{"embeddable":true,"href":"https:\/\/www.europesays.com\/lv\/wp-json\/wp\/v2\/media\/102614"}],"wp:attachment":[{"href":"https:\/\/www.europesays.com\/lv\/wp-json\/wp\/v2\/media?parent=102613"}],"wp:term":[{"taxonomy":"category","embeddable":true,"href":"https:\/\/www.europesays.com\/lv\/wp-json\/wp\/v2\/categories?post=102613"},{"taxonomy":"post_tag","embeddable":true,"href":"https:\/\/www.europesays.com\/lv\/wp-json\/wp\/v2\/tags?post=102613"}],"curies":[{"name":"wp","href":"https:\/\/api.w.org\/{rel}","templated":true}]}}