{"id":102658,"date":"2026-01-13T05:45:08","date_gmt":"2026-01-13T05:45:08","guid":{"rendered":"https:\/\/www.europesays.com\/lv\/102658\/"},"modified":"2026-01-13T05:45:08","modified_gmt":"2026-01-13T05:45:08","slug":"bijusajam-gruzijas-premjeram-garibasvili-piespriests-piecu-gadu-cietumsods","status":"publish","type":"post","link":"https:\/\/www.europesays.com\/lv\/102658\/","title":{"rendered":"Biju\u0161ajam Gruzijas premjeram Gariba\u0161vili piespriests piecu gadu cietumsods"},"content":{"rendered":"<p><a href=\"https:\/\/www.tvnet.lv\/term\/555482\/gruzija\" class=\"topicLink\" target=\"_blank\" rel=\"nofollow noopener\">Gruzija<\/a> atrodas politiskaj\u0101 kr\u012bz\u0113 kop\u0161 parlamenta v\u0113l\u0113\u0161an\u0101m 2023. gada oktobr\u012b. Opoz\u012bcija aps\u016bdz valdo\u0161o partiju &#8220;Gruzijas sapnis&#8221; v\u0113l\u0113\u0161anu rezult\u0101tu vilto\u0161an\u0101 un boikot\u0113 pa\u0161reiz\u0113jo parlamenta sasaukumu.<\/p>\n<p>Gariba\u0161vili, kas premjera amatu ie\u0146\u0113ma no 2013. l\u012bdz 2015. gadam un no 2021. l\u012bdz 2024. gadam, p\u0101rst\u0101vot &#8220;Gruzijas sapni&#8221;, savulaik sp\u0113l\u0113ja vienu no vado\u0161aj\u0101m lom\u0101m pilsonisk\u0101s sabiedr\u012bbas un valdo\u0161\u0101s partijas oponentu apspie\u0161an\u0101.<\/p>\n<p>43 gadus vecais Gariba\u0161vili tika uzskat\u012bts par tuvu oligarha un &#8220;Gruzijas sap\u0146a&#8221; dibin\u0101t\u0101ja Bidzinas Ivani\u0161vili l\u012bdzgaitnieku, un eksperti vi\u0146a ties\u0101\u0161anu saista ar saasin\u0101ju\u0161os konfliktu &#8220;Gruzijas sap\u0146a&#8221; iek\u0161ien\u0113.<\/p>\n<p>Pag\u0101ju\u0161\u0101 gada oktobr\u012b, veicot krat\u012b\u0161anu vi\u0146a dz\u012bvokl\u012b, prokurat\u016bra atrada 6,5 miljonus dol\u0101ru skaidr\u0101 naud\u0101. Krat\u012b\u0161anas tika veiktas ar\u012b vair\u0101ku citu biju\u0161o amatpersonu dz\u012bvesviet\u0101s.<\/p>\n<p>P\u0113c aiztur\u0113\u0161anas Gariba\u0161vili atzina, ka gadiem ilgi sa\u0146\u0113mis nelikum\u012bgus ien\u0101kumus, un nosl\u0113dza dar\u012bjumu ar prokurat\u016bru par sadarb\u012bbu, lai sa\u012bsin\u0101tu vi\u0146am draudo\u0161o cietumsodu.<\/p>\n","protected":false},"excerpt":{"rendered":"Gruzija atrodas politiskaj\u0101 kr\u012bz\u0113 kop\u0161 parlamenta v\u0113l\u0113\u0161an\u0101m 2023. gada oktobr\u012b. Opoz\u012bcija aps\u016bdz valdo\u0161o partiju &#8220;Gruzijas sapnis&#8221; v\u0113l\u0113\u0161anu rezult\u0101tu&hellip;\n","protected":false},"author":2,"featured_media":102659,"comment_status":"","ping_status":"","sticky":false,"template":"","format":"standard","meta":{"footnotes":""},"categories":[5],"tags":[23,28,29,32,33,3507,22,688,30,31,35,39,38,36,37,34,40,20,26,27,24,25,21],"class_list":{"0":"post-102658","1":"post","2":"type-post","3":"status-publish","4":"format-standard","5":"has-post-thumbnail","7":"category-aktualitates","8":"tag-aktualitates","9":"tag-breaking-news","10":"tag-breakingnews","11":"tag-featured-news","12":"tag-featurednews","13":"tag-gruzija","14":"tag-headlines","15":"tag-korupcija","16":"tag-latest-news","17":"tag-latestnews","18":"tag-latvia","19":"tag-latvian","20":"tag-latviesu","21":"tag-latviesu-valoda","22":"tag-latviesuvaloda","23":"tag-latvija","24":"tag-lv","25":"tag-news","26":"tag-popularakas-zinas","27":"tag-popularakaszinas","28":"tag-top-stories","29":"tag-topstories","30":"tag-zinas"},"share_on_mastodon":{"url":"https:\/\/pubeurope.com\/@lv\/115886209292812151","error":""},"_links":{"self":[{"href":"https:\/\/www.europesays.com\/lv\/wp-json\/wp\/v2\/posts\/102658","targetHints":{"allow":["GET"]}}],"collection":[{"href":"https:\/\/www.europesays.com\/lv\/wp-json\/wp\/v2\/posts"}],"about":[{"href":"https:\/\/www.europesays.com\/lv\/wp-json\/wp\/v2\/types\/post"}],"author":[{"embeddable":true,"href":"https:\/\/www.europesays.com\/lv\/wp-json\/wp\/v2\/users\/2"}],"replies":[{"embeddable":true,"href":"https:\/\/www.europesays.com\/lv\/wp-json\/wp\/v2\/comments?post=102658"}],"version-history":[{"count":0,"href":"https:\/\/www.europesays.com\/lv\/wp-json\/wp\/v2\/posts\/102658\/revisions"}],"wp:featuredmedia":[{"embeddable":true,"href":"https:\/\/www.europesays.com\/lv\/wp-json\/wp\/v2\/media\/102659"}],"wp:attachment":[{"href":"https:\/\/www.europesays.com\/lv\/wp-json\/wp\/v2\/media?parent=102658"}],"wp:term":[{"taxonomy":"category","embeddable":true,"href":"https:\/\/www.europesays.com\/lv\/wp-json\/wp\/v2\/categories?post=102658"},{"taxonomy":"post_tag","embeddable":true,"href":"https:\/\/www.europesays.com\/lv\/wp-json\/wp\/v2\/tags?post=102658"}],"curies":[{"name":"wp","href":"https:\/\/api.w.org\/{rel}","templated":true}]}}