{"id":102664,"date":"2026-01-13T05:51:11","date_gmt":"2026-01-13T05:51:11","guid":{"rendered":"https:\/\/www.europesays.com\/lv\/102664\/"},"modified":"2026-01-13T05:51:11","modified_gmt":"2026-01-13T05:51:11","slug":"silinas-libinas-un-vienotibas-veza-jaunais-cenzuras-plans-viss-pec-josifa-un-adolfa-parauga","status":"publish","type":"post","link":"https:\/\/www.europesays.com\/lv\/102664\/","title":{"rendered":"Sili\u0146as, L\u012bbi\u0146as un \u201cVienot\u012bbas\u201d v\u0113\u017ea jaunais cenz\u016bras pl\u0101ns. Viss p\u0113c Josifa un \u0100dolfa parauga"},"content":{"rendered":"<p>                                                                    <img decoding=\"async\" src=\"https:\/\/www.europesays.com\/lv\/wp-content\/uploads\/2026\/01\/22246.jpg\" alt=\"Foto\" id=\"mainfoto\" \/><br \/> <br \/>\n                                    PIETIEK \u00b7 13.01.2026. \u00b7 <a href=\"\/\/m.pietiek.com\/lapa.php\/raksti\/lato_lapsa_silinas,_libinas_un_vienotibas_veza_jaunais_cenzuras_plans_viss_pec_josifa_un_adolfa_parauga\/komentari\">Koment\u0101ri (0)<\/a><\/p>\n<p id=\"share\">Iesaki rakstu:<br \/><a href=\"https:\/\/twitter.com\/intent\/tweet?text=Iesaku: Lato Lapsa: Sili\u0146as, L\u012bbi\u0146as un \u201cVienot\u012bbas\u201d v\u0113\u017ea jaunais cenz\u016bras pl\u0101ns. Viss p\u0113c Josifa un \u0100dolfa parauga&amp;url=http:\/\/www.pietiek.com\/raksti\/lato_lapsa_silinas,_libinas_un_vienotibas_veza_jaunais_cenzuras_plans_viss_pec_josifa_un_adolfa_parauga\/\" rel=\"nofollow noopener\" target=\"_blank\"><img decoding=\"async\" src=\"https:\/\/pietiek.com\/img\/share\/twt.png\" alt=\"Twitter\" border=\"0\" \/><\/a><br \/>\n                    <a href=\"https:\/\/www.facebook.com\/share.php?u=http:\/\/www.pietiek.com\/raksti\/lato_lapsa_silinas,_libinas_un_vienotibas_veza_jaunais_cenzuras_plans_viss_pec_josifa_un_adolfa_parauga\/\" rel=\"nofollow noopener\" target=\"_blank\"><img decoding=\"async\" src=\"http:\/\/pietiek.com\/img\/share\/fcb.png\" alt=\"Facebook\" border=\"0\" \/><\/a><\/p>\n<p>                    <a href=\"http:\/\/www.pietiek.com\/raksti\/lato_lapsa_silinas,_libinas_un_vienotibas_veza_jaunais_cenzuras_plans_viss_pec_josifa_un_adolfa_parauga\/#\" onclick=\"DraugiemSay(&#039;Lato Lapsa: Sili\u0146as, L\u012bbi\u0146as un \u201cVienot\u012bbas\u201d v\u0113\u017ea jaunais cenz\u016bras pl\u0101ns. Viss p\u0113c Josifa un \u0100dolfa parauga&#039;, &#039;http:\/\/www.pietiek.com\/raksti\/lato_lapsa_silinas,_libinas_un_vienotibas_veza_jaunais_cenzuras_plans_viss_pec_josifa_un_adolfa_parauga\/&#039;, &#039;Pietiek.com&#039;);return false;\" title=\"draugiem.lv\" rel=\"nofollow noopener\" target=\"_blank\"><img decoding=\"async\" src=\"http:\/\/pietiek.com\/img\/share\/drg.png\" alt=\"Draugiem.lv\" border=\"0\" \/><\/a>\n                    <\/p>\n<p><p style=\"line-height: 19.5px;\">\u201eSili\u0146a, L\u012bbi\u0146a, \u201cVienot\u012bbas\u201d v\u0113zis un progres\u012bvo sarkan\u0101 s\u0113rga gatavojas aizliegt jebkuras \u201car likumu aizsarg\u0101tas\u201d inform\u0101cijas public\u0113\u0161anu. Viss prec\u012bzi p\u0113c Josifa un \u0100dolfa parauga,\u201d \u2013 Lato Lapsa sav\u0101 jaun\u0101kaj\u0101\u00a0YouTube\u00a0ierakst\u0101 run\u0101 par Tieslietu un Kult\u016bras ministrijas ieceri aizliegt jebkuras \u201ear likumu aizsaarg\u0101atas inform\u0101cijas\u201d public\u0113\u0161anu. Lai gan vakar Kult\u016bras ministrija \u0161ai sakar\u0101 \u201eiesl\u0113dza atpaka\u013cgaitu\u201d, ir skaidrs, ka kurss uz visa veida cenz\u016bras pastiprin\u0101\u0161anu tikai turpin\u0101sies.<\/p>\n<\/p>\n<p>Public\u0113jam \u0161o ierakstu ar\u012b \u0161eit: <a href=\"https:\/\/www.youtube.com\/watch?v=l6dFJuEnUHY\" rel=\"nofollow noopener\" target=\"_blank\">https:\/\/www.youtube.com\/watch?v=l6dFJuEnUHY<\/a>.<\/p>\n<p>Nov\u0113rt\u0113 \u0161o rakstu:<\/p>\n<p>2<\/p>\n<p>0<\/p>\n<p>                <script async src=\"https:\/\/platform.twitter.com\/widgets.js\" charset=\"utf-8\"><\/script><\/p>\n","protected":false},"excerpt":{"rendered":"PIETIEK \u00b7 13.01.2026. \u00b7 Koment\u0101ri (0) Iesaki rakstu: \u201eSili\u0146a, L\u012bbi\u0146a, \u201cVienot\u012bbas\u201d v\u0113zis un progres\u012bvo sarkan\u0101 s\u0113rga gatavojas aizliegt&hellip;\n","protected":false},"author":2,"featured_media":102665,"comment_status":"","ping_status":"","sticky":false,"template":"","format":"standard","meta":{"footnotes":""},"categories":[5],"tags":[23,28,29,32,33,22,30,31,35,39,38,36,37,34,40,20,26,27,24,25,21],"class_list":{"0":"post-102664","1":"post","2":"type-post","3":"status-publish","4":"format-standard","5":"has-post-thumbnail","7":"category-aktualitates","8":"tag-aktualitates","9":"tag-breaking-news","10":"tag-breakingnews","11":"tag-featured-news","12":"tag-featurednews","13":"tag-headlines","14":"tag-latest-news","15":"tag-latestnews","16":"tag-latvia","17":"tag-latvian","18":"tag-latviesu","19":"tag-latviesu-valoda","20":"tag-latviesuvaloda","21":"tag-latvija","22":"tag-lv","23":"tag-news","24":"tag-popularakas-zinas","25":"tag-popularakaszinas","26":"tag-top-stories","27":"tag-topstories","28":"tag-zinas"},"share_on_mastodon":{"url":"https:\/\/pubeurope.com\/@lv\/115886232885232314","error":""},"_links":{"self":[{"href":"https:\/\/www.europesays.com\/lv\/wp-json\/wp\/v2\/posts\/102664","targetHints":{"allow":["GET"]}}],"collection":[{"href":"https:\/\/www.europesays.com\/lv\/wp-json\/wp\/v2\/posts"}],"about":[{"href":"https:\/\/www.europesays.com\/lv\/wp-json\/wp\/v2\/types\/post"}],"author":[{"embeddable":true,"href":"https:\/\/www.europesays.com\/lv\/wp-json\/wp\/v2\/users\/2"}],"replies":[{"embeddable":true,"href":"https:\/\/www.europesays.com\/lv\/wp-json\/wp\/v2\/comments?post=102664"}],"version-history":[{"count":0,"href":"https:\/\/www.europesays.com\/lv\/wp-json\/wp\/v2\/posts\/102664\/revisions"}],"wp:featuredmedia":[{"embeddable":true,"href":"https:\/\/www.europesays.com\/lv\/wp-json\/wp\/v2\/media\/102665"}],"wp:attachment":[{"href":"https:\/\/www.europesays.com\/lv\/wp-json\/wp\/v2\/media?parent=102664"}],"wp:term":[{"taxonomy":"category","embeddable":true,"href":"https:\/\/www.europesays.com\/lv\/wp-json\/wp\/v2\/categories?post=102664"},{"taxonomy":"post_tag","embeddable":true,"href":"https:\/\/www.europesays.com\/lv\/wp-json\/wp\/v2\/tags?post=102664"}],"curies":[{"name":"wp","href":"https:\/\/api.w.org\/{rel}","templated":true}]}}