{"id":102668,"date":"2026-01-13T05:55:07","date_gmt":"2026-01-13T05:55:07","guid":{"rendered":"https:\/\/www.europesays.com\/lv\/102668\/"},"modified":"2026-01-13T05:55:07","modified_gmt":"2026-01-13T05:55:07","slug":"pirkt-no-asv-vai-eiropas-rietumvalstis-domstarpibas-par-es-aizdevuma-ukrainai-izlietojumu-raksts","status":"publish","type":"post","link":"https:\/\/www.europesays.com\/lv\/102668\/","title":{"rendered":"Pirkt no ASV vai Eiropas? Rietumvalst\u012bs domstarp\u012bbas par ES aizdevuma Ukrainai izlietojumu \/ Raksts"},"content":{"rendered":"<p>V\u0101cija un N\u012bderlande non\u0101ku\u0161as domstarp\u012bb\u0101s ar Franciju, cen\u0161oties nodro\u0161in\u0101t, lai Kijiva var\u0113tu ieg\u0101d\u0101ties ASV iero\u010dus, izmantojot Eiropas Savien\u012bbas 90 miljardu eiro aizdevumu Ukrainai, t\u0101 v\u0113sta izdevums &#8220;Politico&#8221;.<\/p>\n<p>Dal\u012bbvalstis decembr\u012b par \u0161o Kijivai svar\u012bgo naudu vienoj\u0101s Eiropadomes samit\u0101, ta\u010du galvaspils\u0113t\u0101m v\u0113l b\u016bs j\u0101vienojas par \u0161\u012b finans\u0113juma ofici\u0101lajiem nosac\u012bjumiem. Tas rad\u012bjis saspringtas sarunas ar Par\u012bzi, kas vada aizkuli\u0161u centienus nov\u0113rst naudas pl\u016bsmu uz Va\u0161ingtonu.<\/p>\n<p>Francijas prezidents Emanuels Makrons v\u0113las pie\u0161\u0137irt priek\u0161roku Eiropas Savien\u012bbas milit\u0101rajiem uz\u0146\u0113mumiem, lai stiprin\u0101tu bloka aizsardz\u012bbas r\u016bpniec\u012bbu, pat ja tas noz\u012bm\u0113tu, ka Kijiva nevar\u0113tu nekav\u0113joties ieg\u0101d\u0101ties to, kas nepiecie\u0161ams, lai attur\u0113tu Krieviju.<\/p>\n<p>K\u0101 v\u0113sta &#8220;Politico&#8221;, vairum\u0101 valstu, kuru priek\u0161gal\u0101 ir vald\u012bbas Berl\u012bn\u0113 un H\u0101g\u0101, uzskata, ka Kijivai ir j\u0101b\u016bt liel\u0101kai r\u012bc\u012bbas br\u012bv\u012bbai attiec\u012bb\u0101 uz to, k\u0101 t\u0101 t\u0113r\u0113 Eiropas Savien\u012bbas finan\u0161u paketi, lai finans\u0113tu savu aizsardz\u012bbu.<\/p>\n<p>                    Valodas k\u013c\u016bda rakst\u0101?<\/p>\n<p class=\"d-none d-md-block\">Iez\u012bm\u0113jiet tekstu un spiediet Ctrl+Enter, lai nos\u016bt\u012btu labojamo teksta fragmentu redaktoram! Par faktu k\u013c\u016bd\u0101m l\u016bdzam zi\u0146ot e-past\u0101 <a href=\"https:\/\/www.lsm.lv\/cdn-cgi\/l\/email-protection\" class=\"__cf_email__\" data-cfemail=\"483a2d2c29232b21222908243b2566243e\" rel=\"nofollow noopener\" target=\"_blank\">[email\u00a0protected]<\/a>.<\/p>\n<p class=\"d-md-none\">Iez\u012bm\u0113jiet tekstu un spiediet uz Zi\u0146ot par k\u013c\u016bdu pogas, lai nos\u016bt\u012btu labojamo teksta fragmentu redaktoram!<\/p>\n<p>\n                    Zi\u0146ot par k\u013c\u016bdu\n                <\/p>\n","protected":false},"excerpt":{"rendered":"V\u0101cija un N\u012bderlande non\u0101ku\u0161as domstarp\u012bb\u0101s ar Franciju, cen\u0161oties nodro\u0161in\u0101t, lai Kijiva var\u0113tu ieg\u0101d\u0101ties ASV iero\u010dus, izmantojot Eiropas Savien\u012bbas&hellip;\n","protected":false},"author":2,"featured_media":102669,"comment_status":"","ping_status":"","sticky":false,"template":"","format":"standard","meta":{"footnotes":""},"categories":[14],"tags":[23,57,28,29,32,33,22,30,31,35,39,38,36,37,34,40,20,26,27,24,25,54,55,56,21,58],"class_list":{"0":"post-102668","1":"post","2":"type-post","3":"status-publish","4":"format-standard","5":"has-post-thumbnail","7":"category-zinas-no-arvalstim","8":"tag-aktualitates","9":"tag-arvalstim","10":"tag-breaking-news","11":"tag-breakingnews","12":"tag-featured-news","13":"tag-featurednews","14":"tag-headlines","15":"tag-latest-news","16":"tag-latestnews","17":"tag-latvia","18":"tag-latvian","19":"tag-latviesu","20":"tag-latviesu-valoda","21":"tag-latviesuvaloda","22":"tag-latvija","23":"tag-lv","24":"tag-news","25":"tag-popularakas-zinas","26":"tag-popularakaszinas","27":"tag-top-stories","28":"tag-topstories","29":"tag-world","30":"tag-world-news","31":"tag-worldnews","32":"tag-zinas","33":"tag-zinas-no-arvalstim"},"share_on_mastodon":{"url":"https:\/\/pubeurope.com\/@lv\/115886248697869659","error":""},"_links":{"self":[{"href":"https:\/\/www.europesays.com\/lv\/wp-json\/wp\/v2\/posts\/102668","targetHints":{"allow":["GET"]}}],"collection":[{"href":"https:\/\/www.europesays.com\/lv\/wp-json\/wp\/v2\/posts"}],"about":[{"href":"https:\/\/www.europesays.com\/lv\/wp-json\/wp\/v2\/types\/post"}],"author":[{"embeddable":true,"href":"https:\/\/www.europesays.com\/lv\/wp-json\/wp\/v2\/users\/2"}],"replies":[{"embeddable":true,"href":"https:\/\/www.europesays.com\/lv\/wp-json\/wp\/v2\/comments?post=102668"}],"version-history":[{"count":0,"href":"https:\/\/www.europesays.com\/lv\/wp-json\/wp\/v2\/posts\/102668\/revisions"}],"wp:featuredmedia":[{"embeddable":true,"href":"https:\/\/www.europesays.com\/lv\/wp-json\/wp\/v2\/media\/102669"}],"wp:attachment":[{"href":"https:\/\/www.europesays.com\/lv\/wp-json\/wp\/v2\/media?parent=102668"}],"wp:term":[{"taxonomy":"category","embeddable":true,"href":"https:\/\/www.europesays.com\/lv\/wp-json\/wp\/v2\/categories?post=102668"},{"taxonomy":"post_tag","embeddable":true,"href":"https:\/\/www.europesays.com\/lv\/wp-json\/wp\/v2\/tags?post=102668"}],"curies":[{"name":"wp","href":"https:\/\/api.w.org\/{rel}","templated":true}]}}