{"id":102681,"date":"2026-01-13T06:13:12","date_gmt":"2026-01-13T06:13:12","guid":{"rendered":"https:\/\/www.europesays.com\/lv\/102681\/"},"modified":"2026-01-13T06:13:12","modified_gmt":"2026-01-13T06:13:12","slug":"krievijas-iebrukums-ukraina-oficiali-norit-ilgak-neka-kars-starp-vaciju-un-psrs-1188-lv","status":"publish","type":"post","link":"https:\/\/www.europesays.com\/lv\/102681\/","title":{"rendered":"Krievijas iebrukums Ukrain\u0101 ofici\u0101li norit ilg\u0101k nek\u0101 kar\u0161 starp V\u0101ciju un PSRS &#8211; 1188.lv"},"content":{"rendered":"<ol>\n<li><a href=\"https:\/\/news.google.com\/rss\/articles\/CBMiswFBVV95cUxOSVZFVV9sVTNpYUtfZnAxbHVNM2s3X2Mtb1NLNHVWTVF0SHdVcHJFSU4tTW4zYzVEUklBRHRjU28wdG8yWlhLYnNiQnZqY1gtUXZ1MmYwaWEwMzJBY3lsSzZsZVlsSmhEWkR1Mm0tU1lmaG5ZQWw2QWlxdGx3V3F0YzFXWDJNVlQ4Q25XS3hjdHpaS2c0bzg1cHRNR1Q0czJkSUJCZ1JMdHpfR1hfczlEdW1FWQ?oc=5\" target=\"_blank\" rel=\"nofollow noopener\">Krievijas iebrukums Ukrain\u0101 ofici\u0101li norit ilg\u0101k nek\u0101 kar\u0161 starp V\u0101ciju un PSRS<\/a>&nbsp;&nbsp;1188.lv<\/li>\n<li><a href=\"https:\/\/news.google.com\/rss\/articles\/CBMi0AFBVV95cUxNMU05Zk9HcHZ4X1hmVHpTOFFmTlN5UWFXbWMtZmxTTFptQkFYYUhBS2VQTVZ6Wm1Gd2R5R3YxOTVEaTU0ZUFnMUFENTNKTnVpUG9jQXFCUlVjeWdfZkRRLVdJSEc2cnQwbUpPMWVLMDFid1JCcUxBSHk1X0FxM0p5eV9SVjctdDZpdTZ0NC1IZTZBRzNETHlURElwM1JVSjlYNFVPeVE5YnN0czBvQVRiRmxUaEl0dG5Lc2gwNFJ1TGp1a2ZjOUo1SWlRRkZwM2kw?oc=5\" target=\"_blank\" rel=\"nofollow noopener\">Ukrain\u0101 kar\u0161 norit ilg\u0101k nek\u0101 V\u0101cijas un PSRS c\u012b\u0146a Otr\u0101 pasaules kara laik\u0101 \/ Raksts<\/a>&nbsp;&nbsp;LSM<\/li>\n<li><a href=\"https:\/\/news.google.com\/rss\/articles\/CBMitgFBVV95cUxOSnROOFhhQ1JPZEpyMEFFYUM4QWQyckdJSjlFT0V4QWJHRlhmZXA5aVJ3RHJoR0NMUHNyMElWTkt5U3I0XzNxNVBkVkdpc1kwd0t3OEJOU09fRGpOMmNjRTFFQnQ5SzM4SWxOaVVnTXJ0cTV1QkFweHU2OURlQVljTGU4ZXZrRUltRnN3ZlI0SEFodm9Oc3hUdk5qZVJod1NWUjdWNkVHLURzS0tVX0hpRWJ6aUZWQQ?oc=5\" target=\"_blank\" rel=\"nofollow noopener\">Kara noguruma viet\u0101 \u2014 imperi\u0101listisks sapnis: eksperts par Krievijas sabiedr\u012bbas dom\u0101\u0161anu<\/a>&nbsp;&nbsp;TVNET<\/li>\n<li><a href=\"https:\/\/news.google.com\/rss\/articles\/CBMi3AFBVV95cUxPdGxPdk5pRVIwRVllUlRrYUU1MF92NThjdlJ0QjgyZ3BmTWNZNTVKeXhLbGN1UTYwMFVwUnRyb29pYUNkLWVXcWRaMXFyUEJ2WjdsRlRaQmZWeC01SlFTaklLa1B4WnhlOGNfRVhBYzJCQ3VheUc3MEw5ZWowTHNWUUd2MXZwREx0ZnVmYjFxd295dmhkN0ZuODBYUTcwMi1weVR5MFM1ajlKbHdfa0ZXUExOVGRmRWJ4cG9LLXMtZ3lOcTNPTFpuWEdSOVFOQVhvcGJBZlRxcU9SWmRR?oc=5\" target=\"_blank\" rel=\"nofollow noopener\">Olehs Kudrins: Padomju\u2013v\u0101cu un Krievijas\u2013Ukrainas kara 1418 dienas. P\u0101rdomas \/ Raksts<\/a>&nbsp;&nbsp;LSM<\/li>\n<li><a href=\"https:\/\/news.google.com\/rss\/articles\/CBMingFBVV95cUxOaHQwSDRFdVhhUFhwSjZnQms1SU5xU0xpQVNEdEhoZnM1WTBqTWlWRnZIcXRvWTQzaGt6Q0Noa2UyaHBuNEVKUW5Qc0p2TnRUYlpSOFNNWUtfVDdCRmk5TTU1T2FWbDZuejNfMjJ2SWhJNUNpd2dDaEItUXNaWjBWUnd6VDdualJyOVNuVTJLb0FIWGtUYTY5dGp4WXQ2Zw?oc=5\" target=\"_blank\" rel=\"nofollow noopener\">Kar\u0161 Ukrain\u0101 fotogr\u0101fu ac\u012bm: Skats uz 2026. gada janv\u0101ri<\/a>&nbsp;&nbsp;Lente.lv<\/li>\n<\/ol>\n","protected":false},"excerpt":{"rendered":"Krievijas iebrukums Ukrain\u0101 ofici\u0101li norit ilg\u0101k nek\u0101 kar\u0161 starp V\u0101ciju un PSRS&nbsp;&nbsp;1188.lv Ukrain\u0101 kar\u0161 norit ilg\u0101k nek\u0101 V\u0101cijas&hellip;\n","protected":false},"author":2,"featured_media":102682,"comment_status":"","ping_status":"","sticky":false,"template":"","format":"standard","meta":{"footnotes":""},"categories":[14],"tags":[129,470,473,3260,2334,636,1209,16973,23,57,28,29,32,33,22,30,31,35,39,38,36,37,34,40,20,26,27,471,2335,474,16974,1210,3261,637,472,2336,475,16975,1211,3262,638,24,25,54,55,56,21,58],"class_list":{"0":"post-102681","1":"post","2":"type-post","3":"status-publish","4":"format-standard","5":"has-post-thumbnail","7":"category-zinas-no-arvalstim","8":"tag-__typenameadvicekeyword","9":"tag-id532","10":"tag-id549","11":"tag-id553","12":"tag-id554","13":"tag-id654","14":"tag-id824","15":"tag-id898","16":"tag-aktualitates","17":"tag-arvalstim","18":"tag-breaking-news","19":"tag-breakingnews","20":"tag-featured-news","21":"tag-featurednews","22":"tag-headlines","23":"tag-latest-news","24":"tag-latestnews","25":"tag-latvia","26":"tag-latvian","27":"tag-latviesu","28":"tag-latviesu-valoda","29":"tag-latviesuvaloda","30":"tag-latvija","31":"tag-lv","32":"tag-news","33":"tag-popularakas-zinas","34":"tag-popularakaszinas","35":"tag-slugkars-ukraina","36":"tag-slugkrievija","37":"tag-slugkrievijas-iebrukums-ukraina","38":"tag-slugpadomju-socialistisko-republiku-savieniba-psrs","39":"tag-slugpolitika","40":"tag-slugukraina","41":"tag-slugvacija","42":"tag-titlekars-ukraina","43":"tag-titlekrievija","44":"tag-titlekrievijas-iebrukums-ukraina","45":"tag-titlepadomju-socialistisko-republiku-savieniba-psrs","46":"tag-titlepolitika","47":"tag-titleukraina","48":"tag-titlevacija","49":"tag-top-stories","50":"tag-topstories","51":"tag-world","52":"tag-world-news","53":"tag-worldnews","54":"tag-zinas","55":"tag-zinas-no-arvalstim"},"share_on_mastodon":{"url":"","error":"Validation failed: Text character limit of 500 exceeded"},"_links":{"self":[{"href":"https:\/\/www.europesays.com\/lv\/wp-json\/wp\/v2\/posts\/102681","targetHints":{"allow":["GET"]}}],"collection":[{"href":"https:\/\/www.europesays.com\/lv\/wp-json\/wp\/v2\/posts"}],"about":[{"href":"https:\/\/www.europesays.com\/lv\/wp-json\/wp\/v2\/types\/post"}],"author":[{"embeddable":true,"href":"https:\/\/www.europesays.com\/lv\/wp-json\/wp\/v2\/users\/2"}],"replies":[{"embeddable":true,"href":"https:\/\/www.europesays.com\/lv\/wp-json\/wp\/v2\/comments?post=102681"}],"version-history":[{"count":0,"href":"https:\/\/www.europesays.com\/lv\/wp-json\/wp\/v2\/posts\/102681\/revisions"}],"wp:featuredmedia":[{"embeddable":true,"href":"https:\/\/www.europesays.com\/lv\/wp-json\/wp\/v2\/media\/102682"}],"wp:attachment":[{"href":"https:\/\/www.europesays.com\/lv\/wp-json\/wp\/v2\/media?parent=102681"}],"wp:term":[{"taxonomy":"category","embeddable":true,"href":"https:\/\/www.europesays.com\/lv\/wp-json\/wp\/v2\/categories?post=102681"},{"taxonomy":"post_tag","embeddable":true,"href":"https:\/\/www.europesays.com\/lv\/wp-json\/wp\/v2\/tags?post=102681"}],"curies":[{"name":"wp","href":"https:\/\/api.w.org\/{rel}","templated":true}]}}