{"id":102685,"date":"2026-01-13T06:18:07","date_gmt":"2026-01-13T06:18:07","guid":{"rendered":"https:\/\/www.europesays.com\/lv\/102685\/"},"modified":"2026-01-13T06:18:07","modified_gmt":"2026-01-13T06:18:07","slug":"techchill-jaunuznemumu-konkursa-balvu-fonds-sogad-bus-1-miljons-eiro","status":"publish","type":"post","link":"https:\/\/www.europesays.com\/lv\/102685\/","title":{"rendered":"\u201cTechChill\u201d jaunuz\u0146\u0113mumu konkursa balvu fonds \u0161ogad b\u016bs 1 miljons eiro"},"content":{"rendered":"<p>Jaunuz\u0146\u0113mumu un tehnolo\u0123iju konference \u201cTechChill\u201d \u0161ogad notiks 15. reizi un atz\u012bm\u0113s \u0161o notikumu ar liel\u0101ko jaunuz\u0146\u0113mumu konkursa balvu fondu pas\u0101kuma v\u0113stur\u0113, kas b\u016bs 1 miljons eiro. Uz to var\u0113s pretend\u0113t konkursa dal\u012bbnieki \u2013 jaunuz\u0146\u0113mumi no visas Eiropas, kas kvalific\u0113sies konkursa fin\u0101lam. Savuk\u0101rt konkursa uzvar\u0113t\u0101js sa\u0146ems 10 000 eiro balvu, par kuras izlietojumu neb\u016bs j\u0101atskait\u0101s. \u0160ogad to pie\u0161\u0137irs Latvijas uz\u0146\u0113mums \u201ceazyBI\u201d, kas \u0161ogad atz\u012bm\u0113 savu 15. dzim\u0161anas dienu.\n<\/p>\n<p>\u201cPirms 15 gadiem \u201ceazyBI\u201d s\u0101ka tie\u0161i t\u0101pat, k\u0101 liel\u0101k\u0101 da\u013ca jaunuz\u0146\u0113mumu un ar\u012b \u0161\u012b konkursa dal\u012bbnieku \u2014 ar ideju, degsmi, lieliem m\u0113r\u0137iem un pak\u0101peniski veidotu lielisku komandu. M\u0113s vairs neesam jaunuz\u0146\u0113mums, jo esam atradu\u0161i savu veiksm\u012bgo biznesa ni\u0161u, tom\u0113r sird\u012b \u201ceazyBI\u201d vienm\u0113r t\u0101ds b\u016bs. M\u0113s gribam un varam atbalst\u012bt k\u0101du, kur\u0161 v\u0113l ir tikai \u0161\u012b ce\u013ca s\u0101kum\u0101, t\u0101p\u0113c esam nol\u0113mu\u0161i pie\u0161\u0137irt 10 000 eiro \u201cTechChill\u201d jaunuz\u0146\u0113mumu konkursa uzvar\u0113t\u0101jam. M\u0113s gribam pal\u012bdz\u0113t att\u012bst\u012bties videi, kur\u0101 pa\u0161i dz\u012bvojam,\u201d motiv\u0101ciju pie\u0161\u0137irt balvu pamato \u201ceazyBI\u201d dibin\u0101t\u0101js un vad\u012bt\u0101js Raimonds Simanovskis.\n<\/p>\n<p>\u201ceazyBI\u201d ir datu anal\u012bzes un vizualiz\u0101cijas programmat\u016bra, ar kuras pal\u012bdz\u012bbu var ieg\u016bt datus no da\u017e\u0101diem datu avotiem, veidot atskaites, grafikus, p\u0101rskatus, lai p\u0113c tam \u0161os datus analiz\u0113tu. 2024. gad\u0101 uz\u0146\u0113muma apgroz\u012bjums ir p\u0101rsniedzis 11 miljonus eiro. Nodok\u013cos \u201ceazyBI\u201d ir samaks\u0101jis gandr\u012bz divus miljonus eiro.\n<\/p>\n<p>\u201cTechChill\u201d jaunuz\u0146\u0113mumu konkursa 1 miljona balvu fonds ir lab\u0101ko startapu iesp\u0113ja nosl\u0113gt invest\u012bciju dar\u012bjumu ar k\u0101du no Latvij\u0101 b\u0101z\u0113tiem iesp\u0113jkapit\u0101la fondiem \u2013 \u201cBADideas.fund\u201d, \u201cOutlast fund\u201d un \u201cBuldit 5G fund\u201d, k\u0101 ar\u012b ar Latvijas Biznesa e\u0146\u0123e\u013cu t\u012bklu. \u0160\u0101du iesp\u0113ju pied\u0101v\u0101s ar\u012b divi \u0101rvalstu fondi \u201cPurposeTech VC\u201d un \u201cFIRSTPICK VC\u201d.\n<\/p>\n<p>\u201c15 gadu laik\u0101 esam piedz\u012bvoju\u0161i da\u017e\u0101dus izaicin\u0101jumus. Ta\u010du liel\u0101kais gandar\u012bjums \u2013 \u201cTechChill\u201d ir izdevies saglab\u0101t savu vietu uz Eiropas jaunuz\u0146\u0113mumu kartes. M\u0113s esam vieta, kur tiekas re\u0123iona jaunuz\u0146\u0113mumi. Un es ticu, ka m\u0113s sp\u0113jam iedvesmot aizvien jaunus ap\u0146\u0113m\u012bgus cilv\u0113kus dibin\u0101t savus jaunuz\u0146\u0113mumus. Mums uzticas ar\u012b investori, gan apmekl\u0113jot pas\u0101kumu, gan pie\u0161\u0137irot iev\u0113rojamas invest\u012bciju iesp\u0113jas lab\u0101kajiem re\u0123iona startapiem, kas ar\u012b \u0161ogad k\u0101ps uz \u201cTechChill\u201d skatuves,\u201d saka \u201cTechChill\u201d vad\u012bt\u0101ja Annija Me\u017egaile.\n<\/p>\n<p>Jaunuz\u0146\u0113mumu un tehnolo\u0123iju pas\u0101kums \u201cTechChill\u201d no 25. l\u012bdz 27. martam norisin\u0101sies jau 15. reizi R\u012bg\u0101, Fantadrom\u0101 un Hanzas Peron\u0101. Tas ir liel\u0101kais \u0161\u0101da veida pas\u0101kums Baltijas valst\u012bs. Konferences programmas ietvaros taj\u0101 piedal\u012bsies 80 run\u0101t\u0101ji no da\u017e\u0101d\u0101m pasaules valst\u012bm, kuri divu dienu garum\u0101 uz div\u0101m paral\u0113l\u0101m skatuv\u0113m p\u0101rrun\u0101s tehnolo\u0123iju tendences, st\u0101st\u012bs uz\u0146\u0113m\u0113jdarb\u012bbas veiksmes un iedvesmas st\u0101stus un pulc\u0113s 2300 uz\u0146\u0113m\u0113jus, tehnolo\u0123iju ekspertus, investorus un starptautiskos medijus. Savuk\u0101rt pirmaj\u0101 dien\u0101 notiks daudzi bezmaksas pas\u0101kumi, tostarp vair\u0101k\u0101s viet\u0101s pils\u0113t\u0101.<\/p>\n","protected":false},"excerpt":{"rendered":"Jaunuz\u0146\u0113mumu un tehnolo\u0123iju konference \u201cTechChill\u201d \u0161ogad notiks 15. reizi un atz\u012bm\u0113s \u0161o notikumu ar liel\u0101ko jaunuz\u0146\u0113mumu konkursa balvu&hellip;\n","protected":false},"author":2,"featured_media":102686,"comment_status":"","ping_status":"","sticky":false,"template":"","format":"standard","meta":{"footnotes":""},"categories":[16],"tags":[77,76,35,39,38,36,37,34,40],"class_list":{"0":"post-102685","1":"post","2":"type-post","3":"status-publish","4":"format-standard","5":"has-post-thumbnail","7":"category-bizness","8":"tag-bizness","9":"tag-business","10":"tag-latvia","11":"tag-latvian","12":"tag-latviesu","13":"tag-latviesu-valoda","14":"tag-latviesuvaloda","15":"tag-latvija","16":"tag-lv"},"share_on_mastodon":{"url":"https:\/\/pubeurope.com\/@lv\/115886339190002831","error":""},"_links":{"self":[{"href":"https:\/\/www.europesays.com\/lv\/wp-json\/wp\/v2\/posts\/102685","targetHints":{"allow":["GET"]}}],"collection":[{"href":"https:\/\/www.europesays.com\/lv\/wp-json\/wp\/v2\/posts"}],"about":[{"href":"https:\/\/www.europesays.com\/lv\/wp-json\/wp\/v2\/types\/post"}],"author":[{"embeddable":true,"href":"https:\/\/www.europesays.com\/lv\/wp-json\/wp\/v2\/users\/2"}],"replies":[{"embeddable":true,"href":"https:\/\/www.europesays.com\/lv\/wp-json\/wp\/v2\/comments?post=102685"}],"version-history":[{"count":0,"href":"https:\/\/www.europesays.com\/lv\/wp-json\/wp\/v2\/posts\/102685\/revisions"}],"wp:featuredmedia":[{"embeddable":true,"href":"https:\/\/www.europesays.com\/lv\/wp-json\/wp\/v2\/media\/102686"}],"wp:attachment":[{"href":"https:\/\/www.europesays.com\/lv\/wp-json\/wp\/v2\/media?parent=102685"}],"wp:term":[{"taxonomy":"category","embeddable":true,"href":"https:\/\/www.europesays.com\/lv\/wp-json\/wp\/v2\/categories?post=102685"},{"taxonomy":"post_tag","embeddable":true,"href":"https:\/\/www.europesays.com\/lv\/wp-json\/wp\/v2\/tags?post=102685"}],"curies":[{"name":"wp","href":"https:\/\/api.w.org\/{rel}","templated":true}]}}