{"id":102687,"date":"2026-01-13T06:19:10","date_gmt":"2026-01-13T06:19:10","guid":{"rendered":"https:\/\/www.europesays.com\/lv\/102687\/"},"modified":"2026-01-13T06:19:10","modified_gmt":"2026-01-13T06:19:10","slug":"tramps-apgalvo-ka-protestu-parnemta-irana-izteikusi-velmi-par-sarunam-ar-asv-diena","status":"publish","type":"post","link":"https:\/\/www.europesays.com\/lv\/102687\/","title":{"rendered":"Tramps apgalvo, ka protestu p\u0101r\u0146emt\u0101 Ir\u0101na izteikusi v\u0113lmi par sarun\u0101m ar ASV \/ Diena"},"content":{"rendered":"<p>Ir\u0101nas l\u012bderi asi nosod\u012bju\u0161i protest\u0113t\u0101jus, apgalvojot, ka vi\u0146i ir nemiera c\u0113l\u0113ji, kas darbojas ASV interes\u0113s. Protesti, kas s\u0101k\u0101s ar tirgot\u0101ju streiku, ko izrais\u012bja Ir\u0101nas naudas vien\u012bbas \u2013 ri\u0101la \u2013 devalv\u0101cija un strauj\u0161 infl\u0101cijas pieaugums, izplat\u012bju\u0161ies vair\u0101k nek\u0101 100 pils\u0113t\u0101s un ciemos vis\u0101s Ir\u0101nas provinc\u0113s un ir k\u013cuvu\u0161i ar\u012b politiski, jo daudzi protest\u0113t\u0101ji aicina uz re\u017e\u012bma mai\u0146u p\u0113c gandr\u012bz 50 t\u0101 vald\u012b\u0161anas gadiem.<\/p>\n<p>&#13;<br \/>\n&#13;<\/p>\n<p>Vald\u012bba ir atbild\u0113jusi ar interneta darb\u012bbas aptur\u0113\u0161anu un telefonu sakaru ierobe\u017eo\u0161anu, k\u0101 ar\u012b dro\u0161\u012bbas sp\u0113ku iesaist\u012b\u0161anos vardarb\u012bg\u0101s sadursm\u0113s ar protest\u0113t\u0101jiem. ASV b\u0101z\u0113t\u0101 organiz\u0101cija Human Rights Activists News Agency apkopojusi datus, kas r\u0101da, ka div\u0101s ned\u0113\u013c\u0101s sadursm\u0113s protestu laik\u0101 dz\u012bv\u012bbu zaud\u0113ju\u0161i vismaz 496 protest\u0113t\u0101ji un 48 dro\u0161\u012bbas sp\u0113ku p\u0101rst\u0101vji. Vair\u0101k nek\u0101 10 600 cilv\u0113ku esot aiztur\u0113ti.<\/p>\n<p>&#13;<br \/>\n&#13;<\/p>\n<p>Pirmdien Ir\u0101nas \u0101rlietu ministrs Abass Arag\u010di, uzrun\u0101jot \u0101rvalstu v\u0113stniekus, pazi\u0146oja, ka &#8220;situ\u0101cija valst\u012b tiek piln\u012bb\u0101 kontrol\u0113ta&#8221;. Vi\u0146\u0161 ar\u012b apgalvoja, ka protesti esot padar\u012bti par vardarb\u012bgiem un\u00a0asi\u0146ainiem tikai t\u0101p\u0113c, lai dotu iemeslu ASV prezidentam Donaldam Trampam iejaukties, v\u0113st\u012bja Al Jazeera . <\/p>\n<p>&#13;<br \/>\n&#13;<\/p>\n<p>Associated Press zi\u0146oja, ka Ir\u0101nas valsts telev\u012bzija pirmdien v\u0113st\u012bja par lielu vald\u012bbas atbalst\u012bt\u0101ju demonstr\u0101ciju Teher\u0101n\u0101, d\u0113v\u0113jot to par &#8220;ir\u0101nie\u0161u sacel\u0161anos pret amerik\u0101\u0146u un cionistu terorismu&#8221;. Telev\u012bzija ar\u012b p\u0101rraid\u012bja si\u017eetus par l\u012bdz\u012bg\u0101m demonstr\u0101cij\u0101m citviet valst\u012b.<\/p>\n<p>&#13;<br \/>\n&#13;<\/p>\n<p>ASV prezidents Donalds Tramps sv\u0113tdien, uzrun\u0101jot reportierus lidma\u0161\u012bn\u0101, pazi\u0146oja, ka vi\u0146\u0161 un vi\u0146a nacion\u0101l\u0101s dro\u0161\u012bbas komanda izskatot vair\u0101kus iesp\u0113jamos variantus, k\u0101 sod\u012bt Ir\u0101nu par vardarb\u012bbu pret protest\u0113t\u0101jiem. Jaut\u0101ts par Ir\u0101nas piedraud\u0113jumu atbild\u0113t uz iesp\u0113jamiem ASV triecieniem, D. Tramps teica: &#8220;Ja vi\u0146i to izdar\u012bs, m\u0113s satrieksim vi\u0146us tik stipri, k\u0101 vi\u0146i nekad v\u0113l nav satriekti.&#8221; Vi\u0146\u0161 apgalvoja, ka Ir\u0101na esot izteikusi ASV v\u0113lmi organiz\u0113t savstarp\u0113j\u0101s sarunas. &#8220;Ir\u0101na v\u0113las sarunas. Es dom\u0101ju, ka vi\u0146iem ir apnicis, ka Savienot\u0101s Valstis vi\u0146us sasit. Tik\u0161an\u0101s tiek organiz\u0113ta, bet mums varb\u016bt b\u016bs j\u0101r\u012bkojas pirms \u0161\u012bs tik\u0161an\u0101s, ja to pras\u012bs notieko\u0161ais,&#8221; teica D. Tramps.\u00a0<\/p>\n<p>&#13;<\/p>\n","protected":false},"excerpt":{"rendered":"Ir\u0101nas l\u012bderi asi nosod\u012bju\u0161i protest\u0113t\u0101jus, apgalvojot, ka vi\u0146i ir nemiera c\u0113l\u0113ji, kas darbojas ASV interes\u0113s. Protesti, kas s\u0101k\u0101s&hellip;\n","protected":false},"author":2,"featured_media":102688,"comment_status":"","ping_status":"","sticky":false,"template":"","format":"standard","meta":{"footnotes":""},"categories":[14],"tags":[23,57,28,29,32,33,22,30,31,35,39,38,36,37,34,40,20,26,27,24,25,54,55,56,21,58],"class_list":{"0":"post-102687","1":"post","2":"type-post","3":"status-publish","4":"format-standard","5":"has-post-thumbnail","7":"category-zinas-no-arvalstim","8":"tag-aktualitates","9":"tag-arvalstim","10":"tag-breaking-news","11":"tag-breakingnews","12":"tag-featured-news","13":"tag-featurednews","14":"tag-headlines","15":"tag-latest-news","16":"tag-latestnews","17":"tag-latvia","18":"tag-latvian","19":"tag-latviesu","20":"tag-latviesu-valoda","21":"tag-latviesuvaloda","22":"tag-latvija","23":"tag-lv","24":"tag-news","25":"tag-popularakas-zinas","26":"tag-popularakaszinas","27":"tag-top-stories","28":"tag-topstories","29":"tag-world","30":"tag-world-news","31":"tag-worldnews","32":"tag-zinas","33":"tag-zinas-no-arvalstim"},"share_on_mastodon":{"url":"https:\/\/pubeurope.com\/@lv\/115886342998298276","error":""},"_links":{"self":[{"href":"https:\/\/www.europesays.com\/lv\/wp-json\/wp\/v2\/posts\/102687","targetHints":{"allow":["GET"]}}],"collection":[{"href":"https:\/\/www.europesays.com\/lv\/wp-json\/wp\/v2\/posts"}],"about":[{"href":"https:\/\/www.europesays.com\/lv\/wp-json\/wp\/v2\/types\/post"}],"author":[{"embeddable":true,"href":"https:\/\/www.europesays.com\/lv\/wp-json\/wp\/v2\/users\/2"}],"replies":[{"embeddable":true,"href":"https:\/\/www.europesays.com\/lv\/wp-json\/wp\/v2\/comments?post=102687"}],"version-history":[{"count":0,"href":"https:\/\/www.europesays.com\/lv\/wp-json\/wp\/v2\/posts\/102687\/revisions"}],"wp:featuredmedia":[{"embeddable":true,"href":"https:\/\/www.europesays.com\/lv\/wp-json\/wp\/v2\/media\/102688"}],"wp:attachment":[{"href":"https:\/\/www.europesays.com\/lv\/wp-json\/wp\/v2\/media?parent=102687"}],"wp:term":[{"taxonomy":"category","embeddable":true,"href":"https:\/\/www.europesays.com\/lv\/wp-json\/wp\/v2\/categories?post=102687"},{"taxonomy":"post_tag","embeddable":true,"href":"https:\/\/www.europesays.com\/lv\/wp-json\/wp\/v2\/tags?post=102687"}],"curies":[{"name":"wp","href":"https:\/\/api.w.org\/{rel}","templated":true}]}}