{"id":102691,"date":"2026-01-13T06:22:20","date_gmt":"2026-01-13T06:22:20","guid":{"rendered":"https:\/\/www.europesays.com\/lv\/102691\/"},"modified":"2026-01-13T06:22:20","modified_gmt":"2026-01-13T06:22:20","slug":"lnob-sanem-vairak-neka-vienu-miljonu-eiro-lielu-ziedojumu","status":"publish","type":"post","link":"https:\/\/www.europesays.com\/lv\/102691\/","title":{"rendered":"LNOB sa\u0146em vair\u0101k nek\u0101 vienu miljonu eiro lielu ziedojumu"},"content":{"rendered":"<p>\u201cPateicoties Ro\u017elapu \u0123imenes d\u0101sni ziedotajiem l\u012bdzek\u013ciem, Latvijas Nacion\u0101l\u0101 opera un balets jau aizvad\u012btaj\u0101 gad\u0101 \u012bstenojusi vair\u0101kas noz\u012bm\u012bgas ieceres, kas v\u0113rstas gan n\u0101kotn\u0113, gan piemi\u0146as saglab\u0101\u0161an\u0101. Ir izveidota jauno vok\u0101listu programma El\u012bna Garan\u010da. Jaun\u0101s Baltijas balsis, kur\u0101 \u0161oruden apm\u0101c\u012bbas uzs\u0101ks \u010detri talant\u012bgi jaunie dzied\u0101t\u0101ji no Baltijas valst\u012bm. T\u0101pat jau dr\u012bzum\u0101 ikvienam Latvijas Nacion\u0101l\u0101s operas un baleta apmekl\u0113t\u0101jam b\u016bs iesp\u0113ja iepaz\u012bt da\u013cu no P\u0113tera Ro\u017elapas iev\u0113rojam\u0101s gleznu kolekcijas, t\u0101d\u0113j\u0101di atgrie\u017eot Latvij\u0101 m\u0101kslinieka trimd\u0101 rad\u012bto mantojumu,\u201d saka Latvijas Nacion\u0101l\u0101s operas un baleta valdes priek\u0161s\u0113d\u0113t\u0101js Sandis Voldi\u0146\u0161.<\/p>\n<p>Aizvad\u012btaj\u0101 ruden\u012b, izpildot \u0123imenes p\u0113d\u0113jo v\u0113l\u0113\u0161anos, Latvijas Nacion\u0101l\u0101 opera un balets apbed\u012bja Ro\u017elapu \u0123imenes pelnus Sarkandaugavas Kalna kapos. Pie dzimtas kapavietas uzst\u0101d\u012bts t\u0113lnieka Bruno Strauti\u0146a veidots piemineklis, simboliski nosl\u0113dzot Ro\u017elapu dzimtas atgrie\u0161an\u0101s ce\u013cu dzimten\u0113.<\/p>\n<p>P\u0113teris Ro\u017elapa s\u0101ka str\u0101d\u0101t Latvijas Nacion\u0101laj\u0101 oper\u0101 1925. gad\u0101 k\u0101 izcil\u0101 scenogr\u0101fa un kost\u012bmu m\u0101kslinieka Ludolfa Liberta asistents. 1935. gad\u0101 P\u0113teris Ro\u017elapa, pateicoties savam talantam, k\u013cuva par operas galveno scenogr\u0101fu, radot monument\u0101las dekor\u0101cijas un kost\u012bmus oper\u0101m, baletiem un operet\u0113m. \u00a0Starp iev\u0113rojam\u0101kajiem iestud\u0113jumiem, kuriem P\u0113teris Ro\u017elapa rad\u012bjis skatuves iet\u0113rpus, ir pieminami Alfr\u0113da Kalni\u0146a opera \u201cBa\u0146uta\u201d (1937, 1941), D\u017euzepes Verdi opera \u201cA\u012bda\u201d (1938), J\u0101\u0146a Kalni\u0146a balets \u201cRudens\u201d (1938), \u017daka Ofenbaha opera \u201cHofma\u0146a st\u0101sti\u201d (1938), D\u017euzepes Verdi opera \u201cMasku balle\u201d (1939), Volfganga Amadeja Mocarta opera \u201cBurvju flauta\u201d (1940), P\u0113tera \u010caikovska balets \u201cGulbju ezers\u201d (1941), Riharda V\u0101gnera opera \u201cTanheizers\u201d (1942), J\u0101\u0146a Kalni\u0146a opera \u201cHamlets\u201d (1943) un Ludviga van B\u0113thovena opera \u201cFidelio\u201d (1944).<\/p>\n<p>1944. gad\u0101 P\u0113teris Ro\u017elapa kop\u0101 ar sievu Vilmu un meitu Anitu bija spiests doties trimd\u0101, m\u016b\u017ea otro pusi pavadot ASV. \u00a0<\/p>\n<p>Mantojuma p\u0101rvald\u012bt\u0101js \u0100rons Makkrea (Aaron McCrea) ar LNOB sazin\u0101j\u0101s 2024. gada vasar\u0101, pau\u017eot Anitas Ro\u017elapas v\u0113lmi, lai t\u0113va m\u0101kslinieciskais mantojums atgrieztos vi\u0146a dzimten\u0113 un bag\u0101tin\u0101tu Latvijas kult\u016bras telpu. Latvijas Nacion\u0101l\u0101 opera un balets pau\u017e gandar\u012bjumu par iesp\u0113ju godin\u0101t P\u0113tera Ro\u017elapas piemi\u0146u.<\/p>\n<ul class=\"d-inline-block list-inline\">\n<li class=\"list-inline-item\"><a href=\"https:\/\/lat.press.lv\/\" rel=\"nofollow noopener\" target=\"_blank\"><img decoding=\"async\" style=\"max-height: 35px;\" src=\"https:\/\/lat.press.lv\/themes\/press\/assets\/lat_press_logo.svg\" alt=\"Press.lv - \u041d\u043e\u0432\u043e\u0441\u0442\u0438, \u043a\u043e\u0442\u043e\u0440\u044b\u0435 \u043a\u0430\u0441\u0430\u044e\u0442\u0441\u044f \u0412\u0430\u0441!\"\/><\/a><\/li>\n<\/ul>\n","protected":false},"excerpt":{"rendered":"\u201cPateicoties Ro\u017elapu \u0123imenes d\u0101sni ziedotajiem l\u012bdzek\u013ciem, Latvijas Nacion\u0101l\u0101 opera un balets jau aizvad\u012btaj\u0101 gad\u0101 \u012bstenojusi vair\u0101kas noz\u012bm\u012bgas ieceres,&hellip;\n","protected":false},"author":2,"featured_media":102692,"comment_status":"","ping_status":"","sticky":false,"template":"","format":"standard","meta":{"footnotes":""},"categories":[19],"tags":[89,90,35,39,38,36,37,34,40],"class_list":{"0":"post-102691","1":"post","2":"type-post","3":"status-publish","4":"format-standard","5":"has-post-thumbnail","7":"category-izklaide","8":"tag-entertainment","9":"tag-izklaide","10":"tag-latvia","11":"tag-latvian","12":"tag-latviesu","13":"tag-latviesu-valoda","14":"tag-latviesuvaloda","15":"tag-latvija","16":"tag-lv"},"share_on_mastodon":{"url":"https:\/\/pubeurope.com\/@lv\/115886354800623858","error":""},"_links":{"self":[{"href":"https:\/\/www.europesays.com\/lv\/wp-json\/wp\/v2\/posts\/102691","targetHints":{"allow":["GET"]}}],"collection":[{"href":"https:\/\/www.europesays.com\/lv\/wp-json\/wp\/v2\/posts"}],"about":[{"href":"https:\/\/www.europesays.com\/lv\/wp-json\/wp\/v2\/types\/post"}],"author":[{"embeddable":true,"href":"https:\/\/www.europesays.com\/lv\/wp-json\/wp\/v2\/users\/2"}],"replies":[{"embeddable":true,"href":"https:\/\/www.europesays.com\/lv\/wp-json\/wp\/v2\/comments?post=102691"}],"version-history":[{"count":0,"href":"https:\/\/www.europesays.com\/lv\/wp-json\/wp\/v2\/posts\/102691\/revisions"}],"wp:featuredmedia":[{"embeddable":true,"href":"https:\/\/www.europesays.com\/lv\/wp-json\/wp\/v2\/media\/102692"}],"wp:attachment":[{"href":"https:\/\/www.europesays.com\/lv\/wp-json\/wp\/v2\/media?parent=102691"}],"wp:term":[{"taxonomy":"category","embeddable":true,"href":"https:\/\/www.europesays.com\/lv\/wp-json\/wp\/v2\/categories?post=102691"},{"taxonomy":"post_tag","embeddable":true,"href":"https:\/\/www.europesays.com\/lv\/wp-json\/wp\/v2\/tags?post=102691"}],"curies":[{"name":"wp","href":"https:\/\/api.w.org\/{rel}","templated":true}]}}