{"id":102693,"date":"2026-01-13T06:24:07","date_gmt":"2026-01-13T06:24:07","guid":{"rendered":"https:\/\/www.europesays.com\/lv\/102693\/"},"modified":"2026-01-13T06:24:07","modified_gmt":"2026-01-13T06:24:07","slug":"visu-valsts-fondeto-pensiju-shemas-ieguldijumu-planu-ienesigums-gada-laika-bija-pozitivs","status":"publish","type":"post","link":"https:\/\/www.europesays.com\/lv\/102693\/","title":{"rendered":"Visu valsts fond\u0113to pensiju sh\u0113mas ieguld\u012bjumu pl\u0101nu ienes\u012bgums gada laik\u0101 bija pozit\u012bvs"},"content":{"rendered":"<p>Savuk\u0101rt maz\u0101kais ienes\u012bgums starp akt\u012bvajiem ieguld\u012bjumu pl\u0101niem, kuru ieguld\u012bjumu \u012bpatsvars akcij\u0101s var b\u016bt l\u012bdz 100%, \u0161\u0101 gada s\u0101kum\u0101 gada laik\u0101 bija ieguld\u012bjumu p\u0101rvaldes sabiedr\u012bbas &#8220;Luminor Asset Management&#8221; p\u0101rvald\u012btajam pensiju pl\u0101nam &#8220;Luminor indeksu ieguld\u012bjumu pl\u0101ns ilgtsp\u0113j\u012bg\u0101 n\u0101kotne&#8221;, kura ienes\u012bgums bija 0,92%, seko &#8220;Swedbank ieguld\u012bjumu p\u0101rvaldes sabiedr\u012bbas&#8221; ieguld\u012bjumu pl\u0101ns &#8220;Swedbank ieguld\u012bjumu pl\u0101ns dinamika indekss&#8221;, kura ienes\u012bgums bija 3,79%, un ieguld\u012bjumu p\u0101rvaldes sabiedr\u012bbas &#8220;Vairo&#8221;, kuras \u012bpa\u0161niece ir ieguld\u012bjumu p\u0101rvaldes sabiedr\u012bba &#8220;Indexo&#8221;, ieguld\u012bjumu pl\u0101ns &#8220;Adapt\u012bvais ieguld\u012bjumu pl\u0101ns Vairo 1990+&#8221;, kura ienes\u012bgums bija 3,97%.<\/p>\n","protected":false},"excerpt":{"rendered":"Savuk\u0101rt maz\u0101kais ienes\u012bgums starp akt\u012bvajiem ieguld\u012bjumu pl\u0101niem, kuru ieguld\u012bjumu \u012bpatsvars akcij\u0101s var b\u016bt l\u012bdz 100%, \u0161\u0101 gada s\u0101kum\u0101&hellip;\n","protected":false},"author":2,"featured_media":102694,"comment_status":"","ping_status":"","sticky":false,"template":"","format":"standard","meta":{"footnotes":""},"categories":[16],"tags":[77,76,35,39,38,36,37,34,40],"class_list":{"0":"post-102693","1":"post","2":"type-post","3":"status-publish","4":"format-standard","5":"has-post-thumbnail","7":"category-bizness","8":"tag-bizness","9":"tag-business","10":"tag-latvia","11":"tag-latvian","12":"tag-latviesu","13":"tag-latviesu-valoda","14":"tag-latviesuvaloda","15":"tag-latvija","16":"tag-lv"},"share_on_mastodon":{"url":"https:\/\/pubeurope.com\/@lv\/115886362664958625","error":""},"_links":{"self":[{"href":"https:\/\/www.europesays.com\/lv\/wp-json\/wp\/v2\/posts\/102693","targetHints":{"allow":["GET"]}}],"collection":[{"href":"https:\/\/www.europesays.com\/lv\/wp-json\/wp\/v2\/posts"}],"about":[{"href":"https:\/\/www.europesays.com\/lv\/wp-json\/wp\/v2\/types\/post"}],"author":[{"embeddable":true,"href":"https:\/\/www.europesays.com\/lv\/wp-json\/wp\/v2\/users\/2"}],"replies":[{"embeddable":true,"href":"https:\/\/www.europesays.com\/lv\/wp-json\/wp\/v2\/comments?post=102693"}],"version-history":[{"count":0,"href":"https:\/\/www.europesays.com\/lv\/wp-json\/wp\/v2\/posts\/102693\/revisions"}],"wp:featuredmedia":[{"embeddable":true,"href":"https:\/\/www.europesays.com\/lv\/wp-json\/wp\/v2\/media\/102694"}],"wp:attachment":[{"href":"https:\/\/www.europesays.com\/lv\/wp-json\/wp\/v2\/media?parent=102693"}],"wp:term":[{"taxonomy":"category","embeddable":true,"href":"https:\/\/www.europesays.com\/lv\/wp-json\/wp\/v2\/categories?post=102693"},{"taxonomy":"post_tag","embeddable":true,"href":"https:\/\/www.europesays.com\/lv\/wp-json\/wp\/v2\/tags?post=102693"}],"curies":[{"name":"wp","href":"https:\/\/api.w.org\/{rel}","templated":true}]}}