{"id":102697,"date":"2026-01-13T06:27:13","date_gmt":"2026-01-13T06:27:13","guid":{"rendered":"https:\/\/www.europesays.com\/lv\/102697\/"},"modified":"2026-01-13T06:27:13","modified_gmt":"2026-01-13T06:27:13","slug":"tramps-uzliek-muitas-tarifu-valstim-kas-tirgojas-ar-iranu","status":"publish","type":"post","link":"https:\/\/www.europesays.com\/lv\/102697\/","title":{"rendered":"Tramps uzliek muitas tarifu valst\u012bm, kas tirgojas ar Ir\u0101nu"},"content":{"rendered":"<p>ASV prezidents Donalds Tramps pirmdien pazi\u0146oja par 25% muitas tarifa noteik\u0161anu jebkurai valstij, kas tirgojas ar Ir\u0101nu.<\/p>\n<p>&#8220;Jebkura valsts, kas tirgojas ar Ir\u0101nas Isl\u0101ma Republiku, maks\u0101s 25% tarifu jebk\u0101d\u0101 tirdzniec\u012bb\u0101 ar Amerikas Savienotajam Valst\u012bm, un tas st\u0101jas sp\u0113k\u0101 nekav\u0113joties. \u0160is r\u012bkojums ir gal\u012bgs,&#8221; Tramps pazi\u0146oja sav\u0101 soci\u0101lo mediju platform\u0101 &#8220;Truth Social&#8221;.<\/p>\n<p>Ir\u0101nas galvenie tirdzniec\u012bbas partneri ir \u0136\u012bna, Turcija, Apvienotie Ar\u0101bu Emir\u0101ti un Ir\u0101ka, liecina ekonomikas datub\u0101zes &#8220;Trading Economics&#8221; inform\u0101cija. Par tarifiem tika pazi\u0146ots laik\u0101, kad Tramps apsver iesp\u0113jamu milit\u0101ru r\u012bc\u012bbu pret Ir\u0101nu t\u0101s varas iest\u0101\u017eu vardarb\u012bgo represiju pret protestiem d\u0113\u013c. Cilv\u0113kties\u012bbu organiz\u0101cijas ir zi\u0146oju\u0161as, ka pieaug \u0161ajos protestos boj\u0101g\u0101ju\u0161o skaits.<\/p>\n<p>&#8220;Gaisa triecieni b\u016btu viens no daudzajiem variantiem, kas tiek apsv\u0113rti,&#8221; pirmdien sac\u012bja Balt\u0101 nama preses sekret\u0101re Kerolaina Levita. Vi\u0146a tom\u0113r pateica, ka Ir\u0101nai ir ar\u012b diplom\u0101tisks kan\u0101ls, kas ir atv\u0113rts Trampa \u012bpa\u0161ajam s\u016btnim St\u012bvam Vitkofam. Levita piebilda, ka Ir\u0101na priv\u0101t\u0101s sarun\u0101s ie\u0146em &#8220;\u013coti at\u0161\u0137ir\u012bgu toni&#8221; sal\u012bdzin\u0101jum\u0101 ar saviem publiskajiem pazi\u0146ojumiem.<\/p>\n<p>Klients Krievija <\/p>\n<p>Ir\u0101na Krievijai pieg\u0101d\u0101jusi ballistisk\u0101s ra\u0137etes un zen\u012btra\u0137etes par 2,7 miljardiem dol\u0101ru, bet kop\u0113jais Teher\u0101nas milit\u0101r\u0101s pal\u012bdz\u012bbas apjoms Maskavai kop\u0161 2021. gada p\u0101rsniedzis \u010detrus miljardus dol\u0101ru, atsaucoties uz k\u0101du anon\u012bmu Rietumu amatpersonu, v\u0113sta a\u0123ent\u016bra &#8220;Bloomberg&#8221;.<\/p>\n<p>Avots nor\u0101d\u012bjis, ka Maskavas un Teher\u0101nas sadarb\u012bba s\u0101kusies v\u0113l pirms atk\u0101rtot\u0101 Krievijas iebrukuma Ukrain\u0101 un ka pirmie kontrakti par ra\u0137e\u0161u pieg\u0101di tiku\u0161i nosl\u0113gti 2021. gada oktobr\u012b. Par 2,7 miljardiem dol\u0101ru Ir\u0101na Krievijai pieg\u0101d\u0101jusi vair\u0101kus simtus tuvas darb\u012bbas r\u0101diusa ballistisko ra\u0137e\u0161u &#8220;Fath-360&#8221;, gandr\u012bz 500 citu tipu tuvas darb\u012bbas r\u0101diusa ballistisk\u0101s ra\u0137etes, aptuveni 200 pretgaisa aizsardz\u012bbas ra\u0137etes zeme-gaiss, k\u0101 ar\u012b miljoniem artil\u0113rijas l\u0101di\u0146u un k\u0101jnieku iero\u010du patronu.<\/p>\n<p>Savuk\u0101rt 2023. gada s\u0101kum\u0101 nosl\u0113gtais l\u012bgums par 1,75 miljardiem dol\u0101ru paredz uzbrukuma lidrobotu &#8220;Shahed-136&#8221; pieg\u0101di un to ra\u017eo\u0161anas tehnolo\u0123ijas nodo\u0161anu Krievijai. Amatpersona piebildusi, ka tie nav gal\u012bgie skait\u013ci, jo gaid\u0101mas jaunas Ir\u0101nas iero\u010du pieg\u0101des Krievijai.<\/p>\n<p>\u0160aha d\u0113ls aicina ASV r\u012bkoties<\/p>\n<p>Ir\u0101nas isl\u0101ma revol\u016bcij\u0101 1979. gad\u0101 g\u0101zt\u0101 \u0161aha vec\u0101kais d\u0113ls, ASV dz\u012bvojo\u0161ais Reza Pahlavi pirmdien aicin\u0101ja ASV steidzami r\u012bkoties Ir\u0101n\u0101 notieko\u0161o masu protestu laik\u0101, liekot saprast, ka agr\u012bna ASV iejauk\u0161an\u0101s var ierobe\u017eot upuru skaitu un pa\u0101trin\u0101t tagad\u0113j\u0101s Ir\u0101nas vad\u012bbas kri\u0161anu.<\/p>\n<p>&#8220;Lab\u0101kais veids, k\u0101 nodro\u0161in\u0101t, lai Ir\u0101n\u0101 maz\u0101k cilv\u0113ku tiktu nogalin\u0101ti, ir \u0101tr\u0101k iejaukties, lai \u0161is re\u017e\u012bms beidzot sabruktu,&#8221; Pahlavi sac\u012bja intervij\u0101 ASV telekan\u0101lam &#8220;CBS News&#8221;, sakot, ka ASV prezidentam Donaldam Trampam &#8220;diezgan \u0101tri j\u0101pie\u0146em l\u0113mums&#8221;.<\/p>\n<p>Pahlavi piebilda, ka ir sazin\u0101jies ar ASV administr\u0101ciju, bet nemin\u0113ja deta\u013cas.<\/p>\n<p>Tramps iepriek\u0161 bija apliecin\u0101jis atbalstu Ir\u0101n\u0101 notieko\u0161o protestu dal\u012bbniekiem, atz\u012bm\u0113jot, ka ASV armija apsver iesp\u0113jamus triecienus Ir\u0101nai, bet ar\u012b citus variantus.<\/p>\n<p>Pahlavi aps\u016bdz\u0113ja Ir\u0101nas vad\u012bbu m\u0113\u0123in\u0101jum\u0101 maldin\u0101t starptautisko sabiedr\u012bbu, izr\u0101dot gatav\u012bbu sarun\u0101m par nek\u0101rt\u012bbu izbeig\u0161anu. Vi\u0146\u0161 uzsv\u0113ra, ka &#8220;sp\u0113les noteikumi tiktu main\u012bti, ja \u0161is re\u017e\u012bms zin\u0101tu, ka vairs nevar pa\u013cauties uz nep\u0101rtrauktu represiju kampa\u0146u, pasaulei nerea\u0123\u0113jot uz to&#8221;.<\/p>\n<p>Atbildot uz jaut\u0101jumu, vai vi\u0146\u0161 aicina Trampu censties pan\u0101kt re\u017e\u012bma mai\u0146u, Pahlavi sac\u012bja: &#8220;Prezidents izsak\u0101s skaidri, sakot, ka vi\u0146\u0161 atbalsta Ir\u0101nas tautu.&#8221;<\/p>\n<p>&#8220;Solidarit\u0101te ar Ir\u0101nas tautu noz\u012bm\u0113 galu gal\u0101 to atbalst\u012bt t\u0101s pras\u012bb\u0101s, un t\u0101s pras\u012bba ir, ka \u0161im re\u017e\u012bmam j\u0101aiziet,&#8221; Pahlavi piebilda.<\/p>\n<p>Pahlavi, kuru g\u0101ztais Ir\u0101nas \u0161ahs iec\u0113la par kro\u0146princi, ir desmitiem gadu dz\u012bvojis trimd\u0101 ASV. Vi\u0146a t\u0113vs Mohammads Reza Pahlavi nomira 1980. gad\u0101 trimd\u0101 Kair\u0101.<\/p>\n<p class=\"m-0\">Seko &#8220;Delfi&#8221; ar\u012b  <a target=\"_blank\" href=\"https:\/\/www.instagram.com\/delfi.lv\/\" rel=\"nofollow noopener\">Instagram<\/a>  un <a target=\"_blank\" href=\"https:\/\/www.youtube.com\/channel\/UCw5foWtcJvAbUm64rv7jwUQ\" rel=\"nofollow noopener\">YouTube<\/a>  profil\u0101 \u2013 pievienojies, lai uzzin\u0101tu svar\u012bg\u0101ko un interesant\u0101ko pirmais!<\/p>\n<p>Publik\u0101cijas saturs vai t\u0101s jebk\u0101da apjoma da\u013ca ir aizsarg\u0101ts autorties\u012bbu objekts Autorties\u012bbu likuma izpratn\u0113, un t\u0101 izmanto\u0161ana bez izdev\u0113ja at\u013caujas ir aizliegta. Vair\u0101k lasi  <a target=\"_blank\" href=\"https:\/\/www.delfi.lv\/noteikumi#autortiesibas\" rel=\"nofollow noopener\">\u0161eit<\/a><script async src=\"\/\/www.instagram.com\/embed.js\"><\/script><\/p>\n","protected":false},"excerpt":{"rendered":"ASV prezidents Donalds Tramps pirmdien pazi\u0146oja par 25% muitas tarifa noteik\u0161anu jebkurai valstij, kas tirgojas ar Ir\u0101nu. &#8220;Jebkura&hellip;\n","protected":false},"author":2,"featured_media":102698,"comment_status":"","ping_status":"","sticky":false,"template":"","format":"standard","meta":{"footnotes":""},"categories":[5],"tags":[23,24907,292,28,29,542,32,33,22,2562,24906,74,30,31,35,39,38,36,37,34,40,20,26,27,24,25,21],"class_list":{"0":"post-102697","1":"post","2":"type-post","3":"status-publish","4":"format-standard","5":"has-post-thumbnail","7":"category-aktualitates","8":"tag-aktualitates","9":"tag-apvienotie-arabu-emirati","10":"tag-asv","11":"tag-breaking-news","12":"tag-breakingnews","13":"tag-donalds-tramps","14":"tag-featured-news","15":"tag-featurednews","16":"tag-headlines","17":"tag-irana","18":"tag-iranas-kodolprogramma","19":"tag-krievijas-iebrukums-ukraina","20":"tag-latest-news","21":"tag-latestnews","22":"tag-latvia","23":"tag-latvian","24":"tag-latviesu","25":"tag-latviesu-valoda","26":"tag-latviesuvaloda","27":"tag-latvija","28":"tag-lv","29":"tag-news","30":"tag-popularakas-zinas","31":"tag-popularakaszinas","32":"tag-top-stories","33":"tag-topstories","34":"tag-zinas"},"share_on_mastodon":{"url":"https:\/\/pubeurope.com\/@lv\/115886374438151952","error":""},"_links":{"self":[{"href":"https:\/\/www.europesays.com\/lv\/wp-json\/wp\/v2\/posts\/102697","targetHints":{"allow":["GET"]}}],"collection":[{"href":"https:\/\/www.europesays.com\/lv\/wp-json\/wp\/v2\/posts"}],"about":[{"href":"https:\/\/www.europesays.com\/lv\/wp-json\/wp\/v2\/types\/post"}],"author":[{"embeddable":true,"href":"https:\/\/www.europesays.com\/lv\/wp-json\/wp\/v2\/users\/2"}],"replies":[{"embeddable":true,"href":"https:\/\/www.europesays.com\/lv\/wp-json\/wp\/v2\/comments?post=102697"}],"version-history":[{"count":0,"href":"https:\/\/www.europesays.com\/lv\/wp-json\/wp\/v2\/posts\/102697\/revisions"}],"wp:featuredmedia":[{"embeddable":true,"href":"https:\/\/www.europesays.com\/lv\/wp-json\/wp\/v2\/media\/102698"}],"wp:attachment":[{"href":"https:\/\/www.europesays.com\/lv\/wp-json\/wp\/v2\/media?parent=102697"}],"wp:term":[{"taxonomy":"category","embeddable":true,"href":"https:\/\/www.europesays.com\/lv\/wp-json\/wp\/v2\/categories?post=102697"},{"taxonomy":"post_tag","embeddable":true,"href":"https:\/\/www.europesays.com\/lv\/wp-json\/wp\/v2\/tags?post=102697"}],"curies":[{"name":"wp","href":"https:\/\/api.w.org\/{rel}","templated":true}]}}