{"id":102719,"date":"2026-01-13T07:07:10","date_gmt":"2026-01-13T07:07:10","guid":{"rendered":"https:\/\/www.europesays.com\/lv\/102719\/"},"modified":"2026-01-13T07:07:10","modified_gmt":"2026-01-13T07:07:10","slug":"tramps-nosaka-tarifu-valstim-kas-tirgojas-ar-iranu","status":"publish","type":"post","link":"https:\/\/www.europesays.com\/lv\/102719\/","title":{"rendered":"Tramps nosaka tarifu valst\u012bm, kas tirgojas ar Ir\u0101nu"},"content":{"rendered":"<p>&#8220;Jebkura valsts, kas tirgojas ar Ir\u0101nas Isl\u0101ma Republiku, maks\u0101s 25% tarifu jebk\u0101d\u0101 tirdzniec\u012bb\u0101 ar Amerikas Savienotajam Valst\u012bm, un tas st\u0101jas sp\u0113k\u0101 nekav\u0113joties. \u0160is r\u012bkojums ir gal\u012bgs,&#8221; Tramps pazi\u0146oja sav\u0101 soci\u0101lo mediju platform\u0101 &#8220;Truth Social&#8221;.<\/p>\n<p>Ir\u0101nas galvenie tirdzniec\u012bbas partneri ir \u0136\u012bna, Turcija, Apvienotie Ar\u0101bu Emir\u0101ti un Ir\u0101ka, liecina ekonomikas datub\u0101zes &#8220;Trading Economics&#8221; inform\u0101cija.<\/p>\n<p>Par tarifiem tika pazi\u0146ots laik\u0101, kad Tramps apsver iesp\u0113jamu milit\u0101ru r\u012bc\u012bbu pret Ir\u0101nu t\u0101s varas iest\u0101\u017eu vardarb\u012bgo represiju pret protestiem d\u0113\u013c. Cilv\u0113kties\u012bbu organiz\u0101cijas ir zi\u0146oju\u0161as, ka pieaug \u0161ajos protestos boj\u0101g\u0101ju\u0161o skaits.<\/p>\n<p>&#8220;Gaisa triecieni b\u016btu viens no daudzajiem variantiem, kas tiek apsv\u0113rti,&#8221; pirmdien sac\u012bja Balt\u0101 nama preses sekret\u0101re Kerolaina Levita.<\/p>\n<blockquote class=\"quote ck-widget\" contenteditable=\"false\">\n<p>Vi\u0146a tom\u0113r pateica, ka Ir\u0101nai ir ar\u012b diplom\u0101tisks kan\u0101ls, kas ir atv\u0113rts Trampa \u012bpa\u0161ajam s\u016btnim St\u012bvam Vitkofam.<\/p>\n<\/blockquote>\n<p>Levita piebilda, ka <a href=\"https:\/\/www.tvnet.lv\/term\/555447\/irana\" class=\"topicLink\" target=\"_blank\" rel=\"nofollow noopener\">Ir\u0101na<\/a> priv\u0101t\u0101s sarun\u0101s ie\u0146em &#8220;\u013coti at\u0161\u0137ir\u012bgu toni&#8221; sal\u012bdzin\u0101jum\u0101 ar saviem publiskajiem pazi\u0146ojumiem.<\/p>\n","protected":false},"excerpt":{"rendered":"&#8220;Jebkura valsts, kas tirgojas ar Ir\u0101nas Isl\u0101ma Republiku, maks\u0101s 25% tarifu jebk\u0101d\u0101 tirdzniec\u012bb\u0101 ar Amerikas Savienotajam Valst\u012bm, un&hellip;\n","protected":false},"author":2,"featured_media":102720,"comment_status":"","ping_status":"","sticky":false,"template":"","format":"standard","meta":{"footnotes":""},"categories":[14],"tags":[23,57,292,28,29,542,32,33,22,2562,30,31,35,39,38,36,37,34,40,20,26,27,23835,1596,24,25,54,55,56,21,58],"class_list":{"0":"post-102719","1":"post","2":"type-post","3":"status-publish","4":"format-standard","5":"has-post-thumbnail","7":"category-zinas-no-arvalstim","8":"tag-aktualitates","9":"tag-arvalstim","10":"tag-asv","11":"tag-breaking-news","12":"tag-breakingnews","13":"tag-donalds-tramps","14":"tag-featured-news","15":"tag-featurednews","16":"tag-headlines","17":"tag-irana","18":"tag-latest-news","19":"tag-latestnews","20":"tag-latvia","21":"tag-latvian","22":"tag-latviesu","23":"tag-latviesu-valoda","24":"tag-latviesuvaloda","25":"tag-latvija","26":"tag-lv","27":"tag-news","28":"tag-popularakas-zinas","29":"tag-popularakaszinas","30":"tag-saspilejums-asv-un-iranas-attiecibas","31":"tag-tarifi","32":"tag-top-stories","33":"tag-topstories","34":"tag-world","35":"tag-world-news","36":"tag-worldnews","37":"tag-zinas","38":"tag-zinas-no-arvalstim"},"share_on_mastodon":{"url":"https:\/\/pubeurope.com\/@lv\/115886531759485130","error":""},"_links":{"self":[{"href":"https:\/\/www.europesays.com\/lv\/wp-json\/wp\/v2\/posts\/102719","targetHints":{"allow":["GET"]}}],"collection":[{"href":"https:\/\/www.europesays.com\/lv\/wp-json\/wp\/v2\/posts"}],"about":[{"href":"https:\/\/www.europesays.com\/lv\/wp-json\/wp\/v2\/types\/post"}],"author":[{"embeddable":true,"href":"https:\/\/www.europesays.com\/lv\/wp-json\/wp\/v2\/users\/2"}],"replies":[{"embeddable":true,"href":"https:\/\/www.europesays.com\/lv\/wp-json\/wp\/v2\/comments?post=102719"}],"version-history":[{"count":0,"href":"https:\/\/www.europesays.com\/lv\/wp-json\/wp\/v2\/posts\/102719\/revisions"}],"wp:featuredmedia":[{"embeddable":true,"href":"https:\/\/www.europesays.com\/lv\/wp-json\/wp\/v2\/media\/102720"}],"wp:attachment":[{"href":"https:\/\/www.europesays.com\/lv\/wp-json\/wp\/v2\/media?parent=102719"}],"wp:term":[{"taxonomy":"category","embeddable":true,"href":"https:\/\/www.europesays.com\/lv\/wp-json\/wp\/v2\/categories?post=102719"},{"taxonomy":"post_tag","embeddable":true,"href":"https:\/\/www.europesays.com\/lv\/wp-json\/wp\/v2\/tags?post=102719"}],"curies":[{"name":"wp","href":"https:\/\/api.w.org\/{rel}","templated":true}]}}