{"id":102745,"date":"2026-01-13T07:30:07","date_gmt":"2026-01-13T07:30:07","guid":{"rendered":"https:\/\/www.europesays.com\/lv\/102745\/"},"modified":"2026-01-13T07:30:07","modified_gmt":"2026-01-13T07:30:07","slug":"latvija-palielinajies-jaunu-auto-piekriteju-skaits","status":"publish","type":"post","link":"https:\/\/www.europesays.com\/lv\/102745\/","title":{"rendered":"Latvij\u0101 palielin\u0101jies jaunu auto piekrit\u0113ju skaits"},"content":{"rendered":"<p>T\u0101pat vi\u0146\u0161 inform\u0113ja, ka p\u0113rn ir k\u0101pu\u0161as visu ener\u0123ijas veida vieglo pasa\u017eieru transportl\u012bdzek\u013cu re\u0123istr\u0101cijas, iz\u0146emot d\u012bze\u013ca. Pag\u0101ju\u0161aj\u0101 gad\u0101 ar benz\u012bnu bija apr\u012bkoti 14 668 jaunie auto, kas ir par 33,2% vair\u0101k nek\u0101 2024. gad\u0101 un veidoja 65% no visiem jaunajiem auto. Savuk\u0101rt ar d\u012bze\u013cdzin\u0113jiem bija apr\u012bkoti 3127 jaunie auto, kas ir par 16% maz\u0101k nek\u0101 2024. gad\u0101 un veidoja 13,9% no visiem jaunajiem auto. Tikm\u0113r jauno uzl\u0101d\u0113jamo hibr\u012bdauto (PHEV) re\u0123istr\u0101cija k\u0101pusi 3,6 reizes, sasniedzot 2748 transportl\u012bdzek\u013cus, un veidoja 12,2% no visiem jaunajiem auto.<\/p>\n","protected":false},"excerpt":{"rendered":"T\u0101pat vi\u0146\u0161 inform\u0113ja, ka p\u0113rn ir k\u0101pu\u0161as visu ener\u0123ijas veida vieglo pasa\u017eieru transportl\u012bdzek\u013cu re\u0123istr\u0101cijas, iz\u0146emot d\u012bze\u013ca. Pag\u0101ju\u0161aj\u0101 gad\u0101&hellip;\n","protected":false},"author":2,"featured_media":102746,"comment_status":"","ping_status":"","sticky":false,"template":"","format":"standard","meta":{"footnotes":""},"categories":[16],"tags":[77,76,35,39,38,36,37,34,40],"class_list":{"0":"post-102745","1":"post","2":"type-post","3":"status-publish","4":"format-standard","5":"has-post-thumbnail","7":"category-bizness","8":"tag-bizness","9":"tag-business","10":"tag-latvia","11":"tag-latvian","12":"tag-latviesu","13":"tag-latviesu-valoda","14":"tag-latviesuvaloda","15":"tag-latvija","16":"tag-lv"},"share_on_mastodon":{"url":"https:\/\/pubeurope.com\/@lv\/115886622161041093","error":""},"_links":{"self":[{"href":"https:\/\/www.europesays.com\/lv\/wp-json\/wp\/v2\/posts\/102745","targetHints":{"allow":["GET"]}}],"collection":[{"href":"https:\/\/www.europesays.com\/lv\/wp-json\/wp\/v2\/posts"}],"about":[{"href":"https:\/\/www.europesays.com\/lv\/wp-json\/wp\/v2\/types\/post"}],"author":[{"embeddable":true,"href":"https:\/\/www.europesays.com\/lv\/wp-json\/wp\/v2\/users\/2"}],"replies":[{"embeddable":true,"href":"https:\/\/www.europesays.com\/lv\/wp-json\/wp\/v2\/comments?post=102745"}],"version-history":[{"count":0,"href":"https:\/\/www.europesays.com\/lv\/wp-json\/wp\/v2\/posts\/102745\/revisions"}],"wp:featuredmedia":[{"embeddable":true,"href":"https:\/\/www.europesays.com\/lv\/wp-json\/wp\/v2\/media\/102746"}],"wp:attachment":[{"href":"https:\/\/www.europesays.com\/lv\/wp-json\/wp\/v2\/media?parent=102745"}],"wp:term":[{"taxonomy":"category","embeddable":true,"href":"https:\/\/www.europesays.com\/lv\/wp-json\/wp\/v2\/categories?post=102745"},{"taxonomy":"post_tag","embeddable":true,"href":"https:\/\/www.europesays.com\/lv\/wp-json\/wp\/v2\/tags?post=102745"}],"curies":[{"name":"wp","href":"https:\/\/api.w.org\/{rel}","templated":true}]}}