{"id":102751,"date":"2026-01-13T07:39:16","date_gmt":"2026-01-13T07:39:16","guid":{"rendered":"https:\/\/www.europesays.com\/lv\/102751\/"},"modified":"2026-01-13T07:39:16","modified_gmt":"2026-01-13T07:39:16","slug":"zinas-vieglaja-valoda-12-janvari-raksts","status":"publish","type":"post","link":"https:\/\/www.europesays.com\/lv\/102751\/","title":{"rendered":"Zi\u0146as vieglaj\u0101 valod\u0101 12. janv\u0101r\u012b \/ Raksts"},"content":{"rendered":"<p>Zi\u0146as vieglaj\u0101 valod\u0101 12. janv\u0101r\u012b.<\/p>\n<p>Zi\u0146as vieglaj\u0101 valod\u0101 12. janv\u0101r\u012b<\/p>\n<p>Div\u0101s pa\u0161vald\u012bb\u0101s aptur pl\u0101nojumus\u00a0<\/p>\n<p>Vied\u0101s administr\u0101cijas un re\u0123ion\u0101l\u0101s att\u012bst\u012bbas ministrs Raimonds \u010cudars (&#8220;Jaun\u0101 Vienot\u012bba&#8221;) ir paman\u012bjis probl\u0113mas Bauskas un Prei\u013cu novadu teritoriju pl\u0101nojumos.\u00a0<\/p>\n<p>Ministrs ir izdevis r\u012bkojumu da\u013c\u0113ji aptur\u0113t \u0161os pl\u0101nojumus.<\/p>\n<p>Ministrs dom\u0101, ka pa\u0161vald\u012bbas savos dokumentos ir noteiku\u0161as p\u0101r\u0101k stingrus ierobe\u017eojumus v\u0113ja un saules elektrostaciju att\u012bst\u012bbai.<\/p>\n<p>Tas nesaskan ar valsts pl\u0101nu stiprin\u0101t ener\u0123ijas neatkar\u012bbu.<\/p>\n<p>Pa\u0161vald\u012bbas saka, ka daudzi v\u0113ja parki ir pl\u0101noti uz labas lauksaimniec\u012bbas zemes.<\/p>\n<p>Domes negrib, lai tur atrastos v\u0113ja parki.<\/p>\n<p>Apsprie\u017e d\u0101rgo apkuri\u00a0<\/p>\n<p>Latvijas energouz\u0146\u0113mums &#8220;Latvenergo&#8221; un Sabiedrisko pakalpojumu regul\u0113\u0161anas komisija maldina cilv\u0113kus par apkures cen\u0101m R\u012bg\u0101.<\/p>\n<p>To saka Saeimas deput\u0101ts Andris Kulbergs no &#8220;Apvienot\u0101 saraksta&#8221;.<\/p>\n<p>Kulbergs vada komisiju, kas izmekl\u0113, k\u0101p\u0113c apkure R\u012bg\u0101 k\u013cuva d\u0101rg\u0101ka.<\/p>\n<p>Kulbergs dom\u0101, ka neviens ner\u016bp\u0113jas par to, lai apkure b\u016btu l\u0113ta.<\/p>\n<p>&#8220;Latvenergo&#8221; un regulators saka, ka vi\u0146i nepiekr\u012bt p\u0101rmetumiem.<\/p>\n<p>Vi\u0146i skaidro, ka probl\u0113mas bija pirms diviem gadiem, bet tagad viss ir lab\u0101k un apkure \u0161ogad ir l\u0113t\u0101ka nek\u0101 agr\u0101k.<\/p>\n<p>Ir\u0101n\u0101 protestos daudz boj\u0101g\u0101ju\u0161o\u00a0<\/p>\n<p>Ir\u0101n\u0101 jau tre\u0161o ned\u0113\u013cu cilv\u0113ki protest\u0113 pret valdo\u0161o re\u017e\u012bmu.<\/p>\n<p>Protestos ir nogalin\u0101ti vismaz 648 cilv\u0113ki.<\/p>\n<p>To saka Norv\u0113\u0123ij\u0101 eso\u0161\u0101 Ir\u0101nas cilv\u0113kties\u012bbu organiz\u0101cija.<\/p>\n<p>Organiz\u0101cija dom\u0101, ka paties\u012bb\u0101 var\u0113tu b\u016bt nogalin\u0101ti v\u0113l vair\u0101k cilv\u0113ku.<\/p>\n<p>ASV prezidents Donalds Tramps draud\u0113ja iejaukties Ir\u0101nas protestos.<\/p>\n<p>V\u0113l nekas nav noticis, bet protesti k\u013c\u016bst liel\u0101ki un amerik\u0101\u0146i dom\u0101, ko dar\u012bt.<\/p>\n<p>\u017durn\u0101ls &#8220;Politico&#8221; saka, ka otrdien armijas p\u0101rst\u0101vji past\u0101st\u012bs Trampam par iesp\u0113j\u0101m, ko ASV var dar\u012bt Ir\u0101n\u0101.<\/p>\n<p>Ir\u0101nas vald\u012bba aicina cilv\u0113kus \u0161odien iet iel\u0101s un atbalst\u012bt Ir\u0101nas re\u017e\u012bmu.<\/p>\n<p>Briti dos ra\u0137etes Ukrainai\u00a0<\/p>\n<p>Lielbrit\u0101nija tais\u012bs jaunas ra\u0137etes Ukrainai.<\/p>\n<p>\u0160\u012bs ra\u0137etes var\u0113s tr\u0101p\u012bt m\u0113r\u0137iem, kas ir vair\u0101k nek\u0101 500 kilometru att\u0101lum\u0101.<\/p>\n<p>T\u0101s var\u0113s nest 200 kilogramus smagu galvi\u0146u, kas spr\u0101gst.<\/p>\n<p>Lielbrit\u0101nijas Aizsardz\u012bbas ministrija saka, ka vi\u0146i grib dot Ukrainai vislab\u0101kos iero\u010dus, lai pal\u012bdz\u0113tu vi\u0146iem kar\u0101 ar Krieviju.<\/p>\n<p>Gada laik\u0101 vi\u0146i dos Ukrainai pirm\u0101s tr\u012bs ra\u0137etes izm\u0113\u0123in\u0101\u0161anai.<\/p>\n<p>Lielbrit\u0101nija dom\u0101, ka tas pal\u012bdz\u0113s Ukrainai uzbrukt Krievijas armijai, pirms Krievija var\u0113s atbild\u0113t.<\/p>\n<p>Raimondam Paulam 90 gadu jubileja\u00a0<\/p>\n<p>Komponistam un pianistam Raimondam Paulam \u0161odien ir dzim\u0161anas diena.<\/p>\n<p>Vi\u0146am aprit 90 gadi.\u00a0<\/p>\n<p>Par godu apa\u013cajai jubilejai ir rad\u012bta jauna dokument\u0101l\u0101 filma par Paulu \u2013 &#8220;Maestro Raimonds Pauls. Dziesmi\u0146a par prieku&#8221;.<\/p>\n<p>Filmas re\u017eisore ir Zita Kaminska, un filmu var redz\u0113t Latvijas telev\u012bzijas pirmaj\u0101 kan\u0101l\u0101, plkst. 21.10.<\/p>\n<p><img decoding=\"async\" src=\"https:\/\/www.europesays.com\/lv\/wp-content\/uploads\/2026\/01\/peml.jpg\" alt=\"Raimonda Paula koncertuzvedums &quot;Ziemassv\u0113tki man\u0101 iel\u0101&quot;\"\/>Raimonda Paula koncertuzvedums &#8220;Ziemassv\u0113tki man\u0101 iel\u0101&#8221;<\/p>\n<p>Arh\u012bva foto. Pievienots 20.12.2024. Juris Ross<\/p>\n<\/p>\n<p>                    Valodas k\u013c\u016bda rakst\u0101?<\/p>\n<p class=\"d-none d-md-block\">Iez\u012bm\u0113jiet tekstu un spiediet Ctrl+Enter, lai nos\u016bt\u012btu labojamo teksta fragmentu redaktoram! Par faktu k\u013c\u016bd\u0101m l\u016bdzam zi\u0146ot e-past\u0101 <a href=\"https:\/\/www.lsm.lv\/cdn-cgi\/l\/email-protection\" class=\"__cf_email__\" data-cfemail=\"e1938485808a82888b80a18d928ccf8d97\" rel=\"nofollow noopener\" target=\"_blank\">[email\u00a0protected]<\/a>.<\/p>\n<p class=\"d-md-none\">Iez\u012bm\u0113jiet tekstu un spiediet uz Zi\u0146ot par k\u013c\u016bdu pogas, lai nos\u016bt\u012btu labojamo teksta fragmentu redaktoram!<\/p>\n<p>\n                    Zi\u0146ot par k\u013c\u016bdu\n                <\/p>\n","protected":false},"excerpt":{"rendered":"Zi\u0146as vieglaj\u0101 valod\u0101 12. janv\u0101r\u012b. Zi\u0146as vieglaj\u0101 valod\u0101 12. janv\u0101r\u012b Div\u0101s pa\u0161vald\u012bb\u0101s aptur pl\u0101nojumus\u00a0 Vied\u0101s administr\u0101cijas un re\u0123ion\u0101l\u0101s&hellip;\n","protected":false},"author":2,"featured_media":102646,"comment_status":"","ping_status":"","sticky":false,"template":"","format":"standard","meta":{"footnotes":""},"categories":[5],"tags":[23,28,29,32,33,22,30,31,35,39,38,36,37,34,40,20,26,27,24,25,21],"class_list":{"0":"post-102751","1":"post","2":"type-post","3":"status-publish","4":"format-standard","5":"has-post-thumbnail","7":"category-aktualitates","8":"tag-aktualitates","9":"tag-breaking-news","10":"tag-breakingnews","11":"tag-featured-news","12":"tag-featurednews","13":"tag-headlines","14":"tag-latest-news","15":"tag-latestnews","16":"tag-latvia","17":"tag-latvian","18":"tag-latviesu","19":"tag-latviesu-valoda","20":"tag-latviesuvaloda","21":"tag-latvija","22":"tag-lv","23":"tag-news","24":"tag-popularakas-zinas","25":"tag-popularakaszinas","26":"tag-top-stories","27":"tag-topstories","28":"tag-zinas"},"share_on_mastodon":{"url":"https:\/\/pubeurope.com\/@lv\/115886657588186199","error":""},"_links":{"self":[{"href":"https:\/\/www.europesays.com\/lv\/wp-json\/wp\/v2\/posts\/102751","targetHints":{"allow":["GET"]}}],"collection":[{"href":"https:\/\/www.europesays.com\/lv\/wp-json\/wp\/v2\/posts"}],"about":[{"href":"https:\/\/www.europesays.com\/lv\/wp-json\/wp\/v2\/types\/post"}],"author":[{"embeddable":true,"href":"https:\/\/www.europesays.com\/lv\/wp-json\/wp\/v2\/users\/2"}],"replies":[{"embeddable":true,"href":"https:\/\/www.europesays.com\/lv\/wp-json\/wp\/v2\/comments?post=102751"}],"version-history":[{"count":0,"href":"https:\/\/www.europesays.com\/lv\/wp-json\/wp\/v2\/posts\/102751\/revisions"}],"wp:featuredmedia":[{"embeddable":true,"href":"https:\/\/www.europesays.com\/lv\/wp-json\/wp\/v2\/media\/102646"}],"wp:attachment":[{"href":"https:\/\/www.europesays.com\/lv\/wp-json\/wp\/v2\/media?parent=102751"}],"wp:term":[{"taxonomy":"category","embeddable":true,"href":"https:\/\/www.europesays.com\/lv\/wp-json\/wp\/v2\/categories?post=102751"},{"taxonomy":"post_tag","embeddable":true,"href":"https:\/\/www.europesays.com\/lv\/wp-json\/wp\/v2\/tags?post=102751"}],"curies":[{"name":"wp","href":"https:\/\/api.w.org\/{rel}","templated":true}]}}